{"id":12805,"date":"2022-07-13T08:57:44","date_gmt":"2022-07-13T06:57:44","guid":{"rendered":"https:\/\/www.czechcyclingfederation.com\/?p=12805"},"modified":"2022-07-13T08:57:46","modified_gmt":"2022-07-13T06:57:46","slug":"mistrovstvi-cr-sr-u23-v-silnicni-cyklistice-tento-vikend","status":"publish","type":"post","link":"https:\/\/www.czechcyclingfederation.com\/en\/mistrovstvi-cr-sr-u23-v-silnicni-cyklistice-tento-vikend\/","title":{"rendered":"Mistrovstv\u00ed \u010cR\/SR U23 v silni\u010dn\u00ed cyklistice tento v\u00edkend"},"content":{"rendered":"\n<p>V&nbsp;sobotu, 16. \u010dervence 2022, se v&nbsp;\u010cesk\u00e9 T\u0159ebov\u00e9 uskute\u010dn\u00ed Mistrovstv\u00ed \u010cesk\u00e9 a Slovensk\u00e9 republiky v&nbsp;silni\u010dn\u00ed cyklistice v&nbsp;kategorii U23. Po 3 letech kon\u00e1n\u00ed mistrovsk\u00e9ho z\u00e1vodu na Slovensku to bude poprv\u00e9, kdy se pojede v&nbsp;\u010cesk\u00e9 republice.Po\u0159adatelem z\u00e1vodu je ve spolupr\u00e1ci s&nbsp;\u010cesk\u00fdm svazem cyklistiky spolek CK Pardubice.<\/p>\n\n\n\n<p>P\u0159ipravena je n\u00e1ro\u010dn\u00e1 trasa o d\u00e9lce 150 km a cyklist\u00e9 p\u0159i n\u00ed nastoupaj\u00ed 2.947 m.<\/p>\n\n\n\n<p>Slavnostn\u00ed start bude na Star\u00e9m n\u00e1m\u011bst\u00ed ve 13:00 h a prob\u011bhne za \u00fa\u010dasti pan\u00ed starostky Peterkov\u00e9. Cyklist\u00e9 se po cca 500 m napoj\u00ed na okruh, kde prob\u011bhne na za\u010d\u00e1tku stoup\u00e1n\u00ed na Kozlov ostr\u00fd start. Po v\u00fd\u0161lapu na Kozlov cyklist\u00e9 pokra\u010duj\u00ed na Pazuchu, Suchou a d\u00e1le sm\u011brem na Litomy\u0161l, aby t\u011bsn\u011b p\u0159ed Litomy\u0161l\u00ed zato\u010dili ost\u0159e vpravo a pokra\u010dovali p\u0159es N\u011bm\u010dice a Zho\u0159 na druh\u00e9 stoup\u00e1n\u00ed Kohout, ze kter\u00e9ho se ji\u017e ostr\u00fdm sjezdem budou vracet zp\u011bt do \u010cesk\u00e9 T\u0159ebov\u00e9. Tento okruh, kter\u00fd m\u00e1 p\u0159ev\u00fd\u0161en\u00ed 421 m, pojedou cyklist\u00e9 celkem sedmkr\u00e1t. V&nbsp;posledn\u00edm sedm\u00e9m kole pojedou cyklist\u00e9 z&nbsp;Kohouta rovn\u011b p\u0159es silnici 1. t\u0159\u00eddy a fini\u0161ovat budou op\u011bt na Star\u00e9m n\u00e1m\u011bst\u00ed. P\u0159edpokl\u00e1dan\u00fd \u010das p\u0159\u00edjezdu z\u00e1vodn\u00edk\u016f do c\u00edle je mezi 16:45 \u2013 17:15 h.&nbsp;<\/p>\n\n\n\n<p>Nejv\u011bt\u0161\u00edmi postavami mistrovsk\u00e9ho z\u00e1vodu budou bezesporu z\u00e1vodn\u00edci, kte\u0159\u00ed z\u00e1vod\u00ed v&nbsp;zahrani\u010d\u00ed. Abecedn\u011b Pavel Bittner za Development team DSM, Petr Kelemen za Tudor Pro Cycling a Mathias Vacek, kter\u00fd startuje za CK Fany Gastro P\u0159\u00edbram, ale od 1. srpna p\u0159estupuje do worldtourov\u00e9ho t\u00fdmu. Posledn\u011b jmenovan\u00fd je tak\u00e9 bezesporu nejv\u011bt\u0161\u00edm favoritem z\u00e1vodu pot\u00e9, co p\u0159ed necel\u00fdm t\u00fddnem z\u00edskal na ME U23 st\u0159\u00edbrnou medaili.&nbsp;<\/p>\n\n\n\n<figure class=\"wp-block-image size-large\"><img loading=\"lazy\" decoding=\"async\" width=\"721\" height=\"1024\" src=\"https:\/\/www.czechcyclingfederation.com\/wp-content\/uploads\/2022\/07\/Snimek-obrazovky-2022-07-11-v-10.01.18-721x1024.png\" alt=\"\" class=\"wp-image-12808\"\/><\/figure>\n\n\n\n<p>Velkou roli budou hr\u00e1t ale i jezdci dom\u00e1c\u00edch t\u00fdm\u016f. Nap\u0159. jezdci ATT Investments, ELKOV KASPER \u010di TJ FAVORIT BRNO, kter\u00fd zde ka\u017edoro\u010dn\u011b tr\u00e9nuje v&nbsp;jarn\u00ed p\u0159\u00edprav\u011b.&nbsp;<\/p>\n\n\n\n<p>Po\u0159adatel zve v\u0161echny fanou\u0161ky i fanynky na tuto v\u00fdjime\u010dnou ud\u00e1lost v&nbsp;Pardubick\u00e9m kraji. Pro div\u00e1ky m\u00e1 p\u0159ipraveno n\u011bkolik sout\u011b\u017e\u00ed o hodnotn\u00e9 ceny. Amat\u00e9r\u0161t\u00ed z\u00e1vodn\u00edci a z\u00e1vodnice ji\u017e nyn\u00ed mohou sout\u011b\u017eit o KOM\/QOM na kopci Kozlov. V\u00edt\u011bz dostane dres z&nbsp;limitovan\u00e9 edice pro toto mistrovstv\u00ed od partnera svazu spole\u010dnosti KALAS. Dal\u0161\u00ed dresy jsou v&nbsp;sout\u011b\u017e\u00edch pro fand\u00edc\u00ed fanou\u0161ky po trati z\u00e1vodu.<\/p>\n\n\n\n<p>Tra\u0165 bude uzav\u0159ena pro ve\u0161ker\u00fd provoz od 12:00 do 18:00 h. \u0158idi\u010di, v\u011bnujte pros\u00edm pozornost obj\u00edzdn\u00fdm tras\u00e1m a pokyn\u016fm po\u0159adatel\u016f na k\u0159i\u017eovatk\u00e1ch. D\u011bkujeme v\u0161em ob\u010dan\u016fm dot\u010den\u00fdm touto uzav\u00edrkou za vst\u0159\u00edcnost a trp\u011blivost.<\/p>\n\n\n\n<p>Po\u0159adatel tak\u00e9 d\u011bkuje za podporu pan\u00ed Peterkov\u00e9, starostce m\u011bsta \u010cesk\u00e1 T\u0159ebov\u00e1, panu Netolick\u00e9mu, hejtmanovi Pardubick\u00e9ho kraje, panu Krej\u010d\u00ed\u0159ovi, radn\u00edmu pro sport a d\u00e1le partner\u016fm, bez nich\u017e by tento mistr\u00e1k nemohl existovat \u2013 CZ LOKO, STARMON, Josef \u0160krko\u0148 \u2013 Techplast, Trenkwalder. Doprovodn\u00e1 auta poskytne chrudimsk\u00fd dealer Auto Mercia, kr\u00e1sn\u00e9 ru\u010dn\u011b vyroben\u00e9 poh\u00e1ry dod\u00e1 dvorn\u00ed partner po\u0159adatele karlovarsk\u00e1 spole\u010dnost Moser.<\/p>\n\n\n\n<p>AUTOR: Josef \u0158\u00edha<\/p>\n","protected":false},"excerpt":{"rendered":"<p>V&nbsp;sobotu, 16. \u010dervence 2022, se v&nbsp;\u010cesk\u00e9 T\u0159ebov\u00e9 uskute\u010dn\u00ed Mistrovstv\u00ed \u010cesk\u00e9 a Slovensk\u00e9 republiky v&nbsp;silni\u010dn\u00ed cyklistice v&nbsp;kategorii U23. Po 3 letech kon\u00e1n\u00ed mistrovsk\u00e9ho z\u00e1vodu na Slovensku to bude poprv\u00e9, kdy se pojede v&nbsp;\u010cesk\u00e9 republice.Po\u0159adatelem z\u00e1vodu je ve spolupr\u00e1ci s&nbsp;\u010cesk\u00fdm svazem cyklistiky spolek CK Pardubice. P\u0159ipravena je n\u00e1ro\u010dn\u00e1 trasa o d\u00e9lce 150 km a cyklist\u00e9 p\u0159i n\u00ed [&hellip;]<\/p>\n","protected":false},"author":1,"featured_media":12808,"comment_status":"closed","ping_status":"open","sticky":false,"template":"","format":"standard","meta":{"footnotes":""},"categories":[17,2,18],"tags":[11],"class_list":["post-12805","post","type-post","status-publish","format-standard","has-post-thumbnail","hentry","category-discipliny","category-novinky","category-silnice","tag-silnice"],"_links":{"self":[{"href":"https:\/\/www.czechcyclingfederation.com\/en\/wp-json\/wp\/v2\/posts\/12805","targetHints":{"allow":["GET"]}}],"collection":[{"href":"https:\/\/www.czechcyclingfederation.com\/en\/wp-json\/wp\/v2\/posts"}],"about":[{"href":"https:\/\/www.czechcyclingfederation.com\/en\/wp-json\/wp\/v2\/types\/post"}],"author":[{"embeddable":true,"href":"https:\/\/www.czechcyclingfederation.com\/en\/wp-json\/wp\/v2\/users\/1"}],"replies":[{"embeddable":true,"href":"https:\/\/www.czechcyclingfederation.com\/en\/wp-json\/wp\/v2\/comments?post=12805"}],"version-history":[{"count":2,"href":"https:\/\/www.czechcyclingfederation.com\/en\/wp-json\/wp\/v2\/posts\/12805\/revisions"}],"predecessor-version":[{"id":12810,"href":"https:\/\/www.czechcyclingfederation.com\/en\/wp-json\/wp\/v2\/posts\/12805\/revisions\/12810"}],"wp:featuredmedia":[{"embeddable":true,"href":"https:\/\/www.czechcyclingfederation.com\/en\/wp-json\/wp\/v2\/media\/12808"}],"wp:attachment":[{"href":"https:\/\/www.czechcyclingfederation.com\/en\/wp-json\/wp\/v2\/media?parent=12805"}],"wp:term":[{"taxonomy":"category","embeddable":true,"href":"https:\/\/www.czechcyclingfederation.com\/en\/wp-json\/wp\/v2\/categories?post=12805"},{"taxonomy":"post_tag","embeddable":true,"href":"https:\/\/www.czechcyclingfederation.com\/en\/wp-json\/wp\/v2\/tags?post=12805"}],"curies":[{"name":"wp","href":"https:\/\/api.w.org\/{rel}","templated":true}]}}