{"id":12800,"date":"2022-07-12T10:20:43","date_gmt":"2022-07-12T08:20:43","guid":{"rendered":"https:\/\/www.czechcyclingfederation.com\/?p=12800"},"modified":"2022-07-12T10:51:33","modified_gmt":"2022-07-12T08:51:33","slug":"michal-schlegel-veri-ze-si-uz-smulu-vybral-i-kdyz-ho-covid-dal-pronasleduje","status":"publish","type":"post","link":"https:\/\/www.czechcyclingfederation.com\/en\/michal-schlegel-veri-ze-si-uz-smulu-vybral-i-kdyz-ho-covid-dal-pronasleduje\/","title":{"rendered":"Michal Schlegel v\u011b\u0159\u00ed, \u017ee si u\u017e sm\u016flu vybral, i kdy\u017e ho Covid d\u00e1l pron\u00e1sleduje"},"content":{"rendered":"\n<p>Vloni cyklista Michal Schlegel p\u0159i\u0161el kv\u016fli Covidu o start v silni\u010dn\u00edm z\u00e1vod\u011b na olympi\u00e1d\u011b v Pekingu. P\u0159esto si po jinak vyda\u0159en\u00e9 sezon\u011b vybojoval anga\u017em\u00e1 ve \u0161pan\u011blsk\u00e9 profesion\u00e1ln\u00edm t\u00fdmu Caja Rural \u2013 Seguros RGA.<\/p>\n\n\n\n<p>Letos na konci b\u0159ezna ho Covid dohnal znovu po etapov\u00e9m z\u00e1vod\u011b Kolem Katal\u00e1nska. \u201eMyslel jsem si, \u017ee u\u017e jsem si sm\u016flu vybral. M\u00e1m t\u0159i d\u00e1vky o\u010dkov\u00e1n\u00ed, ale stejn\u011b jsem to dostal znovu. M\u011bl jsem hore\u010dky, ale pr\u016fb\u011bh jako takov\u00fd nebyl nijak t\u011b\u017ek\u00fd. Prost\u011b ch\u0159ipka. Myslel jsem si, \u017ee to bude v pohod\u011b, jen\u017ee t\u011blo se s t\u00edm pere del\u0161\u00ed dobu. M\u011bs\u00edc po Covidu jsem jel z\u00e1vod v \u0158ecku a dost jsem tam trp\u011bl,\u201c p\u0159iznal Schlegel.<\/p>\n\n\n\n<p>\u201eDost dlouho mi trvalo, ne\u017e jsem se do toho zase dostal. P\u0159i\u0161lo mi to, \u017ee m\u00e1m n\u011bjak\u00fd \u00fanavov\u00fd syndrom. I v dal\u0161\u00edch z\u00e1vodech jsem byl po\u0159\u00e1d v\u00edc unaven\u00fd ne\u017e norm\u00e1ln\u011b. Teprve ned\u00e1vno se to zlomilo a u\u017e se c\u00edt\u00edm docela dob\u0159e,\u201c prozradil.&nbsp;<\/p>\n\n\n\n<figure class=\"wp-block-image size-large\"><img loading=\"lazy\" decoding=\"async\" width=\"1024\" height=\"682\" src=\"https:\/\/www.czechcyclingfederation.com\/wp-content\/uploads\/2022\/07\/BrychtaJan_MR_MCR_MSR_Mlada_Vozicev_20220626_121125_DSC_1766-1024x682.jpg\" alt=\"\" class=\"wp-image-12801\" srcset=\"https:\/\/www.czechcyclingfederation.com\/wp-content\/uploads\/2022\/07\/BrychtaJan_MR_MCR_MSR_Mlada_Vozicev_20220626_121125_DSC_1766-1024x682.jpg 1024w, https:\/\/www.czechcyclingfederation.com\/wp-content\/uploads\/2022\/07\/BrychtaJan_MR_MCR_MSR_Mlada_Vozicev_20220626_121125_DSC_1766-300x200.jpg 300w, https:\/\/www.czechcyclingfederation.com\/wp-content\/uploads\/2022\/07\/BrychtaJan_MR_MCR_MSR_Mlada_Vozicev_20220626_121125_DSC_1766-768x511.jpg 768w, https:\/\/www.czechcyclingfederation.com\/wp-content\/uploads\/2022\/07\/BrychtaJan_MR_MCR_MSR_Mlada_Vozicev_20220626_121125_DSC_1766-1536x1022.jpg 1536w, https:\/\/www.czechcyclingfederation.com\/wp-content\/uploads\/2022\/07\/BrychtaJan_MR_MCR_MSR_Mlada_Vozicev_20220626_121125_DSC_1766-2048x1363.jpg 2048w, https:\/\/www.czechcyclingfederation.com\/wp-content\/uploads\/2022\/07\/BrychtaJan_MR_MCR_MSR_Mlada_Vozicev_20220626_121125_DSC_1766-1320x879.jpg 1320w\" sizes=\"auto, (max-width: 1024px) 100vw, 1024px\" \/><\/figure>\n\n\n\n<p>U\u017e vloni \u010desk\u00e9 sportovce, kte\u0159\u00ed kv\u016fli Covidu nemohli startovat na olympi\u00e1d\u011b, od\u0161kodnila spole\u010dnost \u010cEZ finan\u010dn\u00ed podporou na p\u0159\u00edpravu. \u201eBylo to moc hezk\u00e9 gesto, d\u011bkuji za tuto podporu. Je to p\u0159\u00edjemn\u00fd bonus. Pen\u00edze jsem pou\u017eil na soust\u0159ed\u011bn\u00ed a druhou \u010d\u00e1st prost\u0159edk\u016f investuji na n\u011bjak\u00fd tr\u00e9ninkov\u00fd kemp i letos,\u201c prozradil Schlegel.&nbsp;<\/p>\n\n\n\n<p>Leto\u0161n\u00ed sezona je pro n\u011bj ve v\u0161em nov\u00e1. Zvyk\u00e1 si na nov\u00e9 prost\u0159ed\u00ed ve \u0161pan\u011blsk\u00e9m pro-kontinent\u00e1ln\u00edm t\u00fdmu Caja Rural, s n\u00edm\u017e se dostane i na lep\u0161\u00ed z\u00e1vody. \u201eJe to velk\u00e1 \u0161kola, po\u0159\u00e1d se u\u010d\u00edm. Docela velk\u00fd skok,\u201c p\u0159iznal 27let\u00fd z\u00e1vodn\u00edk, jen\u017e vloni p\u016fsobil v \u010desk\u00e9m t\u00fdmu Elkov Kasper.<\/p>\n\n\n\n<p>\u201eV\u00fdsledkov\u011b to sice zat\u00edm nen\u00ed \u00fapln\u011b nejlep\u0161\u00ed, ale kdy\u017e jedem z\u00e1vody s t\u00fdmy WorldTour, je to \u00fapln\u011b jin\u00fd level. C\u00edt\u00edm, \u017ee se zlep\u0161uju. Na \u0159ad\u011b z\u00e1vod\u016f jsem pom\u00e1hal l\u00eddr\u016fm, ale dostanu i dost prostoru, abych n\u011bco zkusil s\u00e1m,\u201c je spokojen se svou pozic\u00ed.<\/p>\n\n\n\n<p>Hlavn\u011b v prvn\u00ed \u010d\u00e1sti sezony bojoval jeho t\u00fdm o to, aby dostal divokou kartu na t\u0159et\u00ed Grand Tour sezony, \u0161pan\u011blskou Vueltu. To bohu\u017eel nevy\u0161lo. \u201eNed\u00e1 se nic d\u011blat. Kdyby se to rozhodovalo te\u010f, tak jsme lep\u0161\u00ed my, ale kl\u00ed\u010dov\u00e9 bylo jaro. N\u011bjak zvl\u00e1\u0161\u0165 m\u011b to nemrz\u00ed. Ani nev\u00edm, jestli bych se tam se svou sou\u010dasnou v\u00fdkonnost\u00ed dostal. Letos se hodn\u011b u\u010d\u00edm, pracuji na sob\u011b a douf\u00e1m, \u017ee brzy u\u017e k tomu p\u0159id\u00e1m i n\u011bjak\u00e9 v\u00fdsledky,\u201c uvedl Schlegel.<\/p>\n\n\n\n<p>Te\u010f si d\u00e1v\u00e1 men\u0161\u00ed pauzu a za\u010dne tr\u00e9novat na z\u00e1vod Kolem Polska, kter\u00fd startuje koncem \u010dervence a je za\u0159azen do nejvy\u0161\u0161\u00ed kategorie WorldTour. \u201ePak m\u011b \u010dek\u00e1 etap\u00e1k ve Francii Tour du Limousin, z\u00e1vod v Chorvatsku, Kolem Slovenska a Pa\u0159\u00ed\u017e-Tours,\u201c poodhalil sv\u016fj dal\u0161\u00ed program.<\/p>\n","protected":false},"excerpt":{"rendered":"<p>Vloni cyklista Michal Schlegel p\u0159i\u0161el kv\u016fli Covidu o start v silni\u010dn\u00edm z\u00e1vod\u011b na olympi\u00e1d\u011b v Pekingu. P\u0159esto si po jinak vyda\u0159en\u00e9 sezon\u011b vybojoval anga\u017em\u00e1 ve \u0161pan\u011blsk\u00e9 profesion\u00e1ln\u00edm t\u00fdmu Caja Rural \u2013 Seguros RGA. Letos na konci b\u0159ezna ho Covid dohnal znovu po etapov\u00e9m z\u00e1vod\u011b Kolem Katal\u00e1nska. \u201eMyslel jsem si, \u017ee u\u017e jsem si sm\u016flu vybral. [&hellip;]<\/p>\n","protected":false},"author":15,"featured_media":12804,"comment_status":"closed","ping_status":"open","sticky":false,"template":"","format":"standard","meta":{"footnotes":""},"categories":[17,2,18],"tags":[11],"class_list":["post-12800","post","type-post","status-publish","format-standard","has-post-thumbnail","hentry","category-discipliny","category-novinky","category-silnice","tag-silnice"],"_links":{"self":[{"href":"https:\/\/www.czechcyclingfederation.com\/en\/wp-json\/wp\/v2\/posts\/12800","targetHints":{"allow":["GET"]}}],"collection":[{"href":"https:\/\/www.czechcyclingfederation.com\/en\/wp-json\/wp\/v2\/posts"}],"about":[{"href":"https:\/\/www.czechcyclingfederation.com\/en\/wp-json\/wp\/v2\/types\/post"}],"author":[{"embeddable":true,"href":"https:\/\/www.czechcyclingfederation.com\/en\/wp-json\/wp\/v2\/users\/15"}],"replies":[{"embeddable":true,"href":"https:\/\/www.czechcyclingfederation.com\/en\/wp-json\/wp\/v2\/comments?post=12800"}],"version-history":[{"count":1,"href":"https:\/\/www.czechcyclingfederation.com\/en\/wp-json\/wp\/v2\/posts\/12800\/revisions"}],"predecessor-version":[{"id":12803,"href":"https:\/\/www.czechcyclingfederation.com\/en\/wp-json\/wp\/v2\/posts\/12800\/revisions\/12803"}],"wp:featuredmedia":[{"embeddable":true,"href":"https:\/\/www.czechcyclingfederation.com\/en\/wp-json\/wp\/v2\/media\/12804"}],"wp:attachment":[{"href":"https:\/\/www.czechcyclingfederation.com\/en\/wp-json\/wp\/v2\/media?parent=12800"}],"wp:term":[{"taxonomy":"category","embeddable":true,"href":"https:\/\/www.czechcyclingfederation.com\/en\/wp-json\/wp\/v2\/categories?post=12800"},{"taxonomy":"post_tag","embeddable":true,"href":"https:\/\/www.czechcyclingfederation.com\/en\/wp-json\/wp\/v2\/tags?post=12800"}],"curies":[{"name":"wp","href":"https:\/\/api.w.org\/{rel}","templated":true}]}}