{"id":12797,"date":"2022-07-11T17:14:46","date_gmt":"2022-07-11T15:14:46","guid":{"rendered":"https:\/\/www.czechcyclingfederation.com\/?p=12797"},"modified":"2022-07-11T17:15:06","modified_gmt":"2022-07-11T15:15:06","slug":"silnicni-sampionaty-mladeze-se-jely-v-mikulovicich","status":"publish","type":"post","link":"https:\/\/www.czechcyclingfederation.com\/en\/silnicni-sampionaty-mladeze-se-jely-v-mikulovicich\/","title":{"rendered":"Silni\u010dn\u00ed \u0161ampion\u00e1ty ml\u00e1de\u017ee se jely v Mikulovic\u00edch"},"content":{"rendered":"\n<p>I ml\u00e1de\u017e si ji\u017e rozd\u011blila medaile na dom\u00e1c\u00edm silni\u010dn\u00edm \u0161ampion\u00e1tu. Ten se uskute\u010dnil jak v \u010dasovce, tak v silni\u010dn\u00edch z\u00e1vodech s hromadn\u00fdm startem pod Mikulovic\u00edch u Jesen\u00edku a o medaile bojovali mlad\u0161\u00ed \u017e\u00e1ci, star\u0161\u00ed \u017e\u00e1ci, kadeti a tot\u00e9\u017e plat\u00ed v p\u0159\u00edpad\u011b mlad\u0161\u00edch \u017e\u00e1ky\u0148, star\u0161\u00edch \u017e\u00e1ky\u0148 a kadetek.<\/p>\n\n\n\n<p>Dobrou pr\u00e1ci s ml\u00e1de\u017e\u00ed op\u011bt potvrdil celek Mapei Merida Ka\u0148kovsk\u00fd, kter\u00fd byl nejpiln\u011bj\u0161\u00edm sb\u011bratelem medail\u00ed, kdy\u017e jeho z\u00e1vodn\u00edci a z\u00e1vodnice vybojovali t\u0159i zlat\u00e9, jednu st\u0159\u00edbrnou a dv\u011b bronzov\u00e9 medaile.<\/p>\n\n\n\n<p>V nejstar\u0161\u00ed kategorii kadet\u016f vyhr\u00e1l silni\u010dn\u00ed z\u00e1vod Kry\u0161tof Kr\u00e1l (Dukla Praha), \u010dasovka se stala ko\u0159ist\u00ed Pavla \u0160ump\u00edka (Jaroslav Kulhavy Cycling Team). \u010casovku kadetek vyhr\u00e1la Nela Ka\u0148kovsk\u00e1 (Mapei Merida Ka\u0148kovsk\u00fd) a silni\u010dn\u00ed z\u00e1vod&nbsp; Hanka Vikov\u00e1 (Dukla Praha).<\/p>\n\n\n\n<p>V\u00fdsledky:<\/p>\n\n\n\n<p>Mlad\u0161\u00ed \u017e\u00e1ci (28 km):<\/p>\n\n\n\n<p>1. Rada (REXONIX Racing Team) 51:59, 2. Hlad\u00edk (Brilon Racing team MB), 3. Zavadil (Cycling Academy T\u00e1bor) oba stejn\u00fd \u010das.<\/p>\n\n\n\n<p>\u010casovka:<\/p>\n\n\n\n<p>1. Hlad\u00edk 13:26, 2. Brad\u00e1\u010d (Dukla Praha) +15, 3. Zavadil +19.<\/p>\n\n\n\n<p>Star\u0161\u00ed \u017e\u00e1ci (60 km):<\/p>\n\n\n\n<p>1. Tesa\u0159\u00edk (Mapei Merida Ka\u0148kovsk\u00fd) 1:42:32, 2. Icha (Cyklo Racing Team Rakovn\u00edk), 3. Hrdina (CK Jiho\u010desk\u00e9 nad\u011bje) oba stejn\u00fd \u010das.<\/p>\n\n\n\n<p>\u010casovka:<\/p>\n\n\n\n<p>1. Tesa\u0159\u00edk 20:23, 2. Icha +38, 3. \u017duf\u00e1nek (Mapei Merida Ka\u0148kovsk\u00fd) +45.<\/p>\n\n\n\n<p>Kadeti (76 km):<\/p>\n\n\n\n<p>1. Kr\u00e1l (Dukla Praha) 1:56:2. 2. Bittman (KOVO Praha), 3. Zah\u00e1lka (CK Slavoj Terez\u00edn, 4. Mal\u00fd (REXONIX Racing Team), 5. Korbel (RTJ Lokomotiva Beroun), 6. Falt\u00fdnek (\u010cEZ Cyklo Team T\u00e1bor) v\u0161ichni stejn\u00fd \u010das.<\/p>\n\n\n\n<p>\u010casovka:<\/p>\n\n\n\n<p>1. \u0160ump\u00edk (Jaroslav Kulhavy Cycling Team) 17:55, 2. Pe\u0161ek (Roman Kreuziger Cycling Academy) +36, 3. Zah\u00e1lka +49, 4. Bittman +50, 5. Falt\u00fdnek +57, 6. Vavro (TJ Favorit Brno) +1.01.<\/p>\n\n\n\n<p>Mlad\u0161\u00ed \u017e\u00e1kyn\u011b (12 km):<\/p>\n\n\n\n<p>1. Kr\u00e1lov\u00e1 (Akademie cyklistick\u00fdch sport\u016f) 24:18, 2. Svobodov\u00e1 (ADASTRA Cycling Team) +5, 3. Pazourkov\u00e1 (Cycling Academy T\u00e1bor) +12.<\/p>\n\n\n\n<p>\u010casovka:<\/p>\n\n\n\n<p>1. Kr\u00e1lov\u00e1 14:59, 2. Svobodov\u00e1 +4, 3. Pazourkov\u00e1 19.<\/p>\n\n\n\n<p>Star\u0161\u00ed \u017e\u00e1kyn\u011b (44 km):<\/p>\n\n\n\n<p>1. S\u00edtkov\u00e1 (ACK Star\u00e1 Ves nad Ond\u0159ejnic\u00ed) 1:20:32, 2. Cermanov\u00e1 (CK P\u0159\u00edbram &#8211; Fany GASTRO), 3. Kr\u00e1tk\u00e1 (Force Team Jesen\u00edk) ob\u011b stejn\u00fd \u010das.<\/p>\n\n\n\n<p>\u010casovka:<\/p>\n\n\n\n<p>1. S\u00edtkov\u00e1 21:44, 2. Cermanov\u00e1 +10, 3. \u0160picarov\u00e1 (Force team \u0160picar) +1:02.<\/p>\n\n\n\n<p>Kadetky (60 km):<\/p>\n\n\n\n<p>1. Vikov\u00e1 (Dukla Praha) 1:52:17, 2. N. Ka\u0148kovsk\u00e1 (Mapei Merida Ka\u0148kovsk\u00fd), 3. Hezinov\u00e1 (TJ Stadion Louny) ob\u011b stejn\u00fd \u010das.<\/p>\n\n\n\n<p>\u010casovky:<\/p>\n\n\n\n<p>1. N. Ka\u0148kovsk\u00e1 20:49, 2. Doud\u011brov\u00e1 (Jaroslav Kulhavy Cycling Team) +23, 3. Pittnerov\u00e1 (Mapei Merida Ka\u0148kovsk\u00fd) +33.<\/p>\n","protected":false},"excerpt":{"rendered":"<p>I ml\u00e1de\u017e si ji\u017e rozd\u011blila medaile na dom\u00e1c\u00edm silni\u010dn\u00edm \u0161ampion\u00e1tu. Ten se uskute\u010dnil jak v \u010dasovce, tak v silni\u010dn\u00edch z\u00e1vodech s hromadn\u00fdm startem pod Mikulovic\u00edch u Jesen\u00edku a o medaile bojovali mlad\u0161\u00ed \u017e\u00e1ci, star\u0161\u00ed \u017e\u00e1ci, kadeti a tot\u00e9\u017e plat\u00ed v p\u0159\u00edpad\u011b mlad\u0161\u00edch \u017e\u00e1ky\u0148, star\u0161\u00edch \u017e\u00e1ky\u0148 a kadetek. Dobrou pr\u00e1ci s ml\u00e1de\u017e\u00ed op\u011bt potvrdil celek Mapei [&hellip;]<\/p>\n","protected":false},"author":8,"featured_media":12798,"comment_status":"closed","ping_status":"open","sticky":false,"template":"","format":"standard","meta":{"footnotes":""},"categories":[2,18],"tags":[11],"class_list":["post-12797","post","type-post","status-publish","format-standard","has-post-thumbnail","hentry","category-novinky","category-silnice","tag-silnice"],"_links":{"self":[{"href":"https:\/\/www.czechcyclingfederation.com\/en\/wp-json\/wp\/v2\/posts\/12797","targetHints":{"allow":["GET"]}}],"collection":[{"href":"https:\/\/www.czechcyclingfederation.com\/en\/wp-json\/wp\/v2\/posts"}],"about":[{"href":"https:\/\/www.czechcyclingfederation.com\/en\/wp-json\/wp\/v2\/types\/post"}],"author":[{"embeddable":true,"href":"https:\/\/www.czechcyclingfederation.com\/en\/wp-json\/wp\/v2\/users\/8"}],"replies":[{"embeddable":true,"href":"https:\/\/www.czechcyclingfederation.com\/en\/wp-json\/wp\/v2\/comments?post=12797"}],"version-history":[{"count":1,"href":"https:\/\/www.czechcyclingfederation.com\/en\/wp-json\/wp\/v2\/posts\/12797\/revisions"}],"predecessor-version":[{"id":12799,"href":"https:\/\/www.czechcyclingfederation.com\/en\/wp-json\/wp\/v2\/posts\/12797\/revisions\/12799"}],"wp:featuredmedia":[{"embeddable":true,"href":"https:\/\/www.czechcyclingfederation.com\/en\/wp-json\/wp\/v2\/media\/12798"}],"wp:attachment":[{"href":"https:\/\/www.czechcyclingfederation.com\/en\/wp-json\/wp\/v2\/media?parent=12797"}],"wp:term":[{"taxonomy":"category","embeddable":true,"href":"https:\/\/www.czechcyclingfederation.com\/en\/wp-json\/wp\/v2\/categories?post=12797"},{"taxonomy":"post_tag","embeddable":true,"href":"https:\/\/www.czechcyclingfederation.com\/en\/wp-json\/wp\/v2\/tags?post=12797"}],"curies":[{"name":"wp","href":"https:\/\/api.w.org\/{rel}","templated":true}]}}