{"id":12786,"date":"2022-07-10T20:40:16","date_gmt":"2022-07-10T18:40:16","guid":{"rendered":"https:\/\/www.czechcyclingfederation.com\/?p=12786"},"modified":"2022-08-26T16:08:54","modified_gmt":"2022-08-26T14:08:54","slug":"mathias-vacek-ma-stribro-z-me","status":"publish","type":"post","link":"https:\/\/www.czechcyclingfederation.com\/en\/mathias-vacek-ma-stribro-z-me\/","title":{"rendered":"Mathias Vacek m\u00e1 st\u0159\u00edbro z ME"},"content":{"rendered":"\n<p>Dal\u0161\u00ed skv\u011bl\u00fd v\u00fdsledek pro \u010desk\u00e9 barvy vybojoval na evropsk\u00e9m \u0161ampion\u00e1tu junior\u016f a jezdc\u016f do 23 let v portugalsk\u00e9 Anadii n\u00e1\u0161 nejv\u011bt\u0161\u00ed talent dvacetilet\u00fd Mathias Vacek. Po nep\u0159\u00edli\u0161 vyda\u0159en\u00e9 \u010dasovce dnes v z\u00e1vodu s hromadn\u00fdm startem z\u00edskal st\u0159\u00edbrnou medaili, kdy\u017e nesta\u010dil pouze na n\u011bmeck\u00e9ho z\u00e1vodn\u00edka Felixe Engelhardta, bronz bral Davide de Pretto z It\u00e1lie. \u010cesk\u00fd \u00fasp\u011bch nav\u00edc podtrhl osm\u00fdm m\u00edstem Pavel Bittner.<\/p>\n\n\n\n<p>\u201eZ\u00e1vod se jel tak, jak jsme o\u010dek\u00e1vali. Rozhodlo se v&nbsp;posledn\u00edch dvou kolech. Nepodcenili jsme horko, m\u011bli dost vody a ledu. Byla to takov\u00e1 odpad\u00e1vac\u00ed metoda a z\u00e1vodilo se a\u017e posledn\u00ed dv\u011b kola. Asi t\u0159icet kilometr\u016f p\u0159ed c\u00edlem odjela ve stoup\u00e1n\u00ed \u010dtve\u0159ice s&nbsp;Mathiasem (Vackem) a vytvo\u0159ila si a\u017e minutov\u00fd n\u00e1skok a nikdo to ji\u017e nesjel. Kvarteto spurtovalo cel\u00e9 a Mathias prohr\u00e1l t\u011bsn\u011b o dvacet centimetr\u016f. M\u011bli jsme to poji\u0161t\u011bn\u00e9 je\u0161t\u011b Pavlem Bittnerem. Kdyby \u010dtve\u0159ici dojeli, tak bychom tu medaili m\u011bli z\u0159ejm\u011b tak\u00e9,\u201c \u0159ekl spokojen\u00fd tren\u00e9r Tom\u00e1\u0161 Kone\u010dn\u00fd.<\/p>\n\n\n\n<p>Vacek se p\u0159ed dv\u011bma lety stal evropsk\u00fdm juniorsk\u00fdm \u0161ampionem v&nbsp;\u010dasovce, v&nbsp;\u00favodu leto\u0161n\u00ed sezony vyhr\u00e1l dokonce jednu etapu z\u00e1vodu UAE Tour (WT) a t\u0159et\u00ed skon\u010dil na leto\u0161n\u00edm Z\u00e1vodu m\u00edru jezdc\u016f U23..<strong>&nbsp;<\/strong><\/p>\n\n\n\n<p>\u201eV \u00favodu odjela skupina t\u0159\u00ed lid\u00ed, nechali jsme jim \u010dty\u0159i minuty a potom to v\u00edc jak p\u016fl z\u00e1vodu kontrolovali Holan\u010fani. Dv\u011b kola p\u0159ed c\u00edlem jasem se c\u00edtil dob\u0159e a \u0159\u00edkal si, \u017ee bych to cht\u011bl zkusit. Nejprve odjel N\u011bmec a Ma\u010far, pak Ital a dojel jsem si i j\u00e1.&nbsp; Jeli jsme tempo, ale p\u0159esto to vypadalo, \u017ee n\u00e1s dojedou. Nakonec to vy\u0161lo, ale ve spurtu m\u011b posledn\u00edch 50 metr\u016f chytali k\u0159e\u010de a ji\u017e nep\u0159ejel toho N\u011bmce se sv\u00fdm v\u00fdsledkem jsem spokojen. Medaile je par\u00e1da,\u201c \u0159ekl v&nbsp;c\u00edli Mathias Vacek.<\/p>\n\n\n\n<p>V&nbsp;leto\u0161n\u00ed sezon\u011b pom probl\u00e9mech jeho st\u00e1je m\u011bl m\u00e1lo z\u00e1vod\u016f, ale na v\u00fdznamn\u00fdch akc\u00edch v\u017edy vybojoval dobr\u00fd v\u00fdsledek. \u201eKdy\u017e \u010dlov\u011bk del\u0161\u00ed dobu nez\u00e1vod\u00ed, tak je to hodn\u011b o hlav\u011b. Sna\u017e\u00edm se obj\u00ed\u017ed\u011bt z\u00e1vody, v&nbsp;posledn\u00ed dob\u011b mi velk\u00e9 p\u0159\u00edle\u017eitosti dala reprezentace a za to jsem vd\u011b\u010dn\u00fd. Jsem neust\u00e1le v kontaktu s tren\u00e9rem a sna\u017e\u00edm se co nejv\u00edce udr\u017eovat motivaci a co nejl\u00e9pe se p\u0159ipravovat,\u201c pokra\u010doval Vacek a pochvaloval si i t\u00fdm. \u201eTahle skupina jezd\u00ed v\u00fdborn\u011b. Vp\u0159edu jsme byli v\u0161ichni, naskakovali do \u00fanik\u016f a vy\u0161lo to na m\u011b, nav\u00edc dob\u0159e zaspurtoval i Pavel (Bittner).<\/p>\n\n\n\n<p>Z\u00e1vod se jel ve velk\u00e9m horku a d\u016fle\u017eit\u00e9 bylo ob\u010derstven\u00ed. Jsme sehran\u00ed, bral jasem bidon ka\u017ed\u00e9 a poka\u017ed\u00e9 to vy\u0161lo. Byla to skv\u011bl\u00e1 pr\u00e1ce mas\u00e9r\u016f a mechanik\u016f, jsou velkou sou\u010d\u00e1st\u00ed t\u00fdmu,\u201c dodal Mathias Vacek<\/p>\n\n\n\n<p>V z\u00e1vod\u011b \u017een \u010ce\u0161ky neusp\u011bly, ale dominovaly nizozemsk\u00e9 cyklokrosa\u0159ky. Pro zlato si dojela Shirin van Anrooijov\u00e1, t\u0159et\u00ed skon\u010dila Fem van Empelov\u00e1 a mezi n\u011b se vkl\u00ednila Italka Vittoria Guazziniov\u00e1. Krist\u00fdna Burlov\u00e1 dojela na 42. m\u00edst\u011b a \u010dty\u0159iapades\u00e1t\u00e1 byla klasifikov\u00e1na Denisa Sl\u00e1mov\u00e1.&nbsp;<\/p>\n\n\n\n<p>V\u00fdsledky:<\/p>\n\n\n\n<p>\u017deny U23 (104,5 km):<\/p>\n\n\n\n<p>1. van Anrooijov\u00e1 (Niz.) 2:57:41, 2. Guazziniov\u00e1 (It.), 3. van Empelov\u00e1 (Niz.), 4. Zanardiov\u00e1 (It.), 5. van der Duinov\u00e1 (Niz.), 6. R\u00fceggov\u00e1 (\u0160v\u00fdc.) v\u0161echny +11, &#8230;42. Burlov\u00e1, 54. Sl\u00e1mov\u00e1 (ob\u011b \u010cR) ob\u011b +9:06.<\/p>\n\n\n\n<p>Mu\u017ei U23 (147,3 km):<\/p>\n\n\n\n<p>1. Engelhard (N\u011bm.) 3:37:27, 2. M. Vacek, 3. de Pretto (It.), 4. Fetter (Ma\u010f.) v\u0161ichni stejn\u00fd \u010das, 5. Govekar (Slovin.), 6. Parisini (It.), &#8230;8. Bittner, 19. J. \u0164oupal\u00edk, 26. P. Kelemen, 28. \u0158eha v\u0161ichni +3, 92. K. Vacek (v\u0161ichni \u010cR) +10:04.<\/p>\n\n\n\n<p>FOTO Michal Frant\u00edk<\/p>\n\n\n\n<figure class=\"wp-block-image size-large\"><img loading=\"lazy\" decoding=\"async\" width=\"1024\" height=\"768\" src=\"https:\/\/www.czechcyclingfederation.com\/wp-content\/uploads\/2022\/07\/b12f21ec-b1f1-4847-9c5f-8c425607f38d-1024x768.jpg\" alt=\"\" class=\"wp-image-12788\" srcset=\"https:\/\/www.czechcyclingfederation.com\/wp-content\/uploads\/2022\/07\/b12f21ec-b1f1-4847-9c5f-8c425607f38d-1024x768.jpg 1024w, https:\/\/www.czechcyclingfederation.com\/wp-content\/uploads\/2022\/07\/b12f21ec-b1f1-4847-9c5f-8c425607f38d-267x200.jpg 267w, https:\/\/www.czechcyclingfederation.com\/wp-content\/uploads\/2022\/07\/b12f21ec-b1f1-4847-9c5f-8c425607f38d-768x576.jpg 768w, https:\/\/www.czechcyclingfederation.com\/wp-content\/uploads\/2022\/07\/b12f21ec-b1f1-4847-9c5f-8c425607f38d-1536x1152.jpg 1536w, https:\/\/www.czechcyclingfederation.com\/wp-content\/uploads\/2022\/07\/b12f21ec-b1f1-4847-9c5f-8c425607f38d-1320x990.jpg 1320w, https:\/\/www.czechcyclingfederation.com\/wp-content\/uploads\/2022\/07\/b12f21ec-b1f1-4847-9c5f-8c425607f38d.jpg 1600w\" sizes=\"auto, (max-width: 1024px) 100vw, 1024px\" \/><\/figure>\n\n\n\n<figure class=\"wp-block-image size-large\"><img loading=\"lazy\" decoding=\"async\" width=\"768\" height=\"1024\" src=\"https:\/\/www.czechcyclingfederation.com\/wp-content\/uploads\/2022\/07\/e33e8d62-1953-4066-b838-72e63212dc64-768x1024.jpg\" alt=\"\" class=\"wp-image-12789\" srcset=\"https:\/\/www.czechcyclingfederation.com\/wp-content\/uploads\/2022\/07\/e33e8d62-1953-4066-b838-72e63212dc64-768x1024.jpg 768w, https:\/\/www.czechcyclingfederation.com\/wp-content\/uploads\/2022\/07\/e33e8d62-1953-4066-b838-72e63212dc64-150x200.jpg 150w, https:\/\/www.czechcyclingfederation.com\/wp-content\/uploads\/2022\/07\/e33e8d62-1953-4066-b838-72e63212dc64-1152x1536.jpg 1152w, https:\/\/www.czechcyclingfederation.com\/wp-content\/uploads\/2022\/07\/e33e8d62-1953-4066-b838-72e63212dc64.jpg 1200w\" sizes=\"auto, (max-width: 768px) 100vw, 768px\" \/><\/figure>\n\n\n\n<figure class=\"wp-block-image size-large\"><img loading=\"lazy\" decoding=\"async\" width=\"768\" height=\"1024\" src=\"https:\/\/www.czechcyclingfederation.com\/wp-content\/uploads\/2022\/07\/e0449339-f1ab-478f-9ab2-df29448169b2-768x1024.jpg\" alt=\"\" class=\"wp-image-12791\" srcset=\"https:\/\/www.czechcyclingfederation.com\/wp-content\/uploads\/2022\/07\/e0449339-f1ab-478f-9ab2-df29448169b2-768x1024.jpg 768w, https:\/\/www.czechcyclingfederation.com\/wp-content\/uploads\/2022\/07\/e0449339-f1ab-478f-9ab2-df29448169b2-150x200.jpg 150w, https:\/\/www.czechcyclingfederation.com\/wp-content\/uploads\/2022\/07\/e0449339-f1ab-478f-9ab2-df29448169b2-1152x1536.jpg 1152w, https:\/\/www.czechcyclingfederation.com\/wp-content\/uploads\/2022\/07\/e0449339-f1ab-478f-9ab2-df29448169b2.jpg 1200w\" sizes=\"auto, (max-width: 768px) 100vw, 768px\" \/><\/figure>\n\n\n\n<figure class=\"wp-block-image size-large\"><img loading=\"lazy\" decoding=\"async\" width=\"1024\" height=\"768\" src=\"https:\/\/www.czechcyclingfederation.com\/wp-content\/uploads\/2022\/07\/Bittner-J.-Toupalik-Mat.-Vacek-Kelemen-2e96e967-ffce-4324-b41d-3a3a6e4b49e6-1024x768.jpg\" alt=\"\" class=\"wp-image-12790\" srcset=\"https:\/\/www.czechcyclingfederation.com\/wp-content\/uploads\/2022\/07\/Bittner-J.-Toupalik-Mat.-Vacek-Kelemen-2e96e967-ffce-4324-b41d-3a3a6e4b49e6-1024x768.jpg 1024w, https:\/\/www.czechcyclingfederation.com\/wp-content\/uploads\/2022\/07\/Bittner-J.-Toupalik-Mat.-Vacek-Kelemen-2e96e967-ffce-4324-b41d-3a3a6e4b49e6-267x200.jpg 267w, https:\/\/www.czechcyclingfederation.com\/wp-content\/uploads\/2022\/07\/Bittner-J.-Toupalik-Mat.-Vacek-Kelemen-2e96e967-ffce-4324-b41d-3a3a6e4b49e6-768x576.jpg 768w, https:\/\/www.czechcyclingfederation.com\/wp-content\/uploads\/2022\/07\/Bittner-J.-Toupalik-Mat.-Vacek-Kelemen-2e96e967-ffce-4324-b41d-3a3a6e4b49e6-1536x1152.jpg 1536w, https:\/\/www.czechcyclingfederation.com\/wp-content\/uploads\/2022\/07\/Bittner-J.-Toupalik-Mat.-Vacek-Kelemen-2e96e967-ffce-4324-b41d-3a3a6e4b49e6-1320x990.jpg 1320w, https:\/\/www.czechcyclingfederation.com\/wp-content\/uploads\/2022\/07\/Bittner-J.-Toupalik-Mat.-Vacek-Kelemen-2e96e967-ffce-4324-b41d-3a3a6e4b49e6.jpg 2048w\" sizes=\"auto, (max-width: 1024px) 100vw, 1024px\" \/><\/figure>\n\n\n\n<figure class=\"wp-block-image size-large\"><img loading=\"lazy\" decoding=\"async\" width=\"1024\" height=\"768\" src=\"https:\/\/www.czechcyclingfederation.com\/wp-content\/uploads\/2022\/07\/Muzi-U23-baaeafba-c7c3-4ea1-9d9e-73b386ce2349-1-1024x768.jpg\" alt=\"\" class=\"wp-image-12793\" srcset=\"https:\/\/www.czechcyclingfederation.com\/wp-content\/uploads\/2022\/07\/Muzi-U23-baaeafba-c7c3-4ea1-9d9e-73b386ce2349-1-1024x768.jpg 1024w, https:\/\/www.czechcyclingfederation.com\/wp-content\/uploads\/2022\/07\/Muzi-U23-baaeafba-c7c3-4ea1-9d9e-73b386ce2349-1-267x200.jpg 267w, https:\/\/www.czechcyclingfederation.com\/wp-content\/uploads\/2022\/07\/Muzi-U23-baaeafba-c7c3-4ea1-9d9e-73b386ce2349-1-768x576.jpg 768w, https:\/\/www.czechcyclingfederation.com\/wp-content\/uploads\/2022\/07\/Muzi-U23-baaeafba-c7c3-4ea1-9d9e-73b386ce2349-1-1536x1152.jpg 1536w, https:\/\/www.czechcyclingfederation.com\/wp-content\/uploads\/2022\/07\/Muzi-U23-baaeafba-c7c3-4ea1-9d9e-73b386ce2349-1-1320x990.jpg 1320w, https:\/\/www.czechcyclingfederation.com\/wp-content\/uploads\/2022\/07\/Muzi-U23-baaeafba-c7c3-4ea1-9d9e-73b386ce2349-1.jpg 2048w\" sizes=\"auto, (max-width: 1024px) 100vw, 1024px\" \/><\/figure>\n","protected":false},"excerpt":{"rendered":"<p>Dal\u0161\u00ed skv\u011bl\u00fd v\u00fdsledek pro \u010desk\u00e9 barvy vybojoval na evropsk\u00e9m \u0161ampion\u00e1tu junior\u016f a jezdc\u016f do 23 let v portugalsk\u00e9 Anadii n\u00e1\u0161 nejv\u011bt\u0161\u00ed talent dvacetilet\u00fd Mathias Vacek. Po nep\u0159\u00edli\u0161 vyda\u0159en\u00e9 \u010dasovce dnes v z\u00e1vodu s hromadn\u00fdm startem z\u00edskal st\u0159\u00edbrnou medaili, kdy\u017e nesta\u010dil pouze na n\u011bmeck\u00e9ho z\u00e1vodn\u00edka Felixe Engelhardta, bronz bral Davide de Pretto z It\u00e1lie. \u010cesk\u00fd \u00fasp\u011bch [&hellip;]<\/p>\n","protected":false},"author":8,"featured_media":12787,"comment_status":"closed","ping_status":"open","sticky":false,"template":"","format":"standard","meta":{"footnotes":""},"categories":[2,103,18],"tags":[11],"class_list":["post-12786","post","type-post","status-publish","format-standard","has-post-thumbnail","hentry","category-novinky","category-reprezentace","category-silnice","tag-silnice"],"_links":{"self":[{"href":"https:\/\/www.czechcyclingfederation.com\/en\/wp-json\/wp\/v2\/posts\/12786","targetHints":{"allow":["GET"]}}],"collection":[{"href":"https:\/\/www.czechcyclingfederation.com\/en\/wp-json\/wp\/v2\/posts"}],"about":[{"href":"https:\/\/www.czechcyclingfederation.com\/en\/wp-json\/wp\/v2\/types\/post"}],"author":[{"embeddable":true,"href":"https:\/\/www.czechcyclingfederation.com\/en\/wp-json\/wp\/v2\/users\/8"}],"replies":[{"embeddable":true,"href":"https:\/\/www.czechcyclingfederation.com\/en\/wp-json\/wp\/v2\/comments?post=12786"}],"version-history":[{"count":1,"href":"https:\/\/www.czechcyclingfederation.com\/en\/wp-json\/wp\/v2\/posts\/12786\/revisions"}],"predecessor-version":[{"id":12794,"href":"https:\/\/www.czechcyclingfederation.com\/en\/wp-json\/wp\/v2\/posts\/12786\/revisions\/12794"}],"wp:featuredmedia":[{"embeddable":true,"href":"https:\/\/www.czechcyclingfederation.com\/en\/wp-json\/wp\/v2\/media\/12787"}],"wp:attachment":[{"href":"https:\/\/www.czechcyclingfederation.com\/en\/wp-json\/wp\/v2\/media?parent=12786"}],"wp:term":[{"taxonomy":"category","embeddable":true,"href":"https:\/\/www.czechcyclingfederation.com\/en\/wp-json\/wp\/v2\/categories?post=12786"},{"taxonomy":"post_tag","embeddable":true,"href":"https:\/\/www.czechcyclingfederation.com\/en\/wp-json\/wp\/v2\/tags?post=12786"}],"curies":[{"name":"wp","href":"https:\/\/api.w.org\/{rel}","templated":true}]}}