{"id":12745,"date":"2022-07-08T22:18:16","date_gmt":"2022-07-08T20:18:16","guid":{"rendered":"https:\/\/www.czechcyclingfederation.com\/?p=12745"},"modified":"2022-07-08T22:22:36","modified_gmt":"2022-07-08T20:22:36","slug":"para-cykliste-v-jeseniku-bojovali-o-tituly-mistra-ceske-republiky","status":"publish","type":"post","link":"https:\/\/www.czechcyclingfederation.com\/en\/para-cykliste-v-jeseniku-bojovali-o-tituly-mistra-ceske-republiky\/","title":{"rendered":"Para cyklist\u00e9 bojovali o tituly Mistra \u010cesk\u00e9  a Slovensk\u00e9 republiky republiky v \u010dasovce"},"content":{"rendered":"\n<p>Prvn\u00ed spole\u010dn\u00e9 Mistrovstv\u00ed \u010cesk\u00e9 a Slovensk\u00e9 republiky v para cyklistice bylo zah\u00e1jeno v p\u00e1tek 8.7.2022 \u010dasovkou jednotlivc\u016f. Organizace \u0161ampion\u00e1tu se ujal zku\u0161en\u00fd t\u00fdm po\u0159adatel\u016f z FORCE Team Jesen\u00edk, kter\u00fd se musel vypo\u0159\u00e1dat s velkou nep\u0159\u00edzn\u00ed po\u010das\u00ed, je\u017e v Jesen\u00edku panovala. Mistrovstv\u00ed v para cyklistice prob\u00edh\u00e1 v r\u00e1mci M\u010cR ml\u00e1de\u017ee na silnici, kde se dnes rovn\u011b\u017e ud\u011blovaly tituly Mistra \u010cR v \u010dasovce.<\/p>\n\n\n\n<p>Na start \u010dasovky se postavilo bezm\u00e1la pades\u00e1t handicapovan\u00fdch cyklist\u016f a cyklistek z \u010cesk\u00e9 a Slovensk\u00e9 republiky. Tituly Mistra \u010cesk\u00e9 republiky vybojovali:<\/p>\n\n\n\n<figure class=\"wp-block-table\"><table><tbody><tr><td>Kategorie MC1-C3<\/td><td>KOBLASA Ivo&nbsp;<\/td><td>1993<\/td><td>TJ Favorit Brno<\/td><\/tr><tr><td>Kategorie MC4-C5<\/td><td>MAST\u00cdK Tom\u00e1\u0161&nbsp;<\/td><td>1978<\/td><td>SCK ASTERIA Dub\u00ed<\/td><\/tr><tr><td>Kategorie MH1-H2&nbsp;<\/td><td>JAHODA Patrik&nbsp;<\/td><td>1993<\/td><td>NUTREND Specialized Racing<\/td><\/tr><tr><td>Kategorie MH3-H4<\/td><td>MO\u0160NI\u010cKA Tom\u00e1\u0161&nbsp;<\/td><td>1966<\/td><td>TM PARACYCLING TEAM<\/td><\/tr><tr><td>Kategorie MT1<\/td><td>\u0160EJNA Roman&nbsp;<\/td><td>1990<\/td><td>SCK ASTERIA Dub\u00ed<\/td><\/tr><tr><td>Kategorie MT2<\/td><td>CHARV\u00c1T Zbyn\u011bk&nbsp;<\/td><td>1979<\/td><td>SCK ASTERIA Dub\u00ed<\/td><\/tr><tr><td>Kategorie WC1-C5&nbsp;<\/td><td>\u010cEJKOV\u00c1 V\u011bra&nbsp;<\/td><td>1981<\/td><td>TJ L\u00e9\u010debna Ko\u0161umberk<\/td><\/tr><tr><td>Kategorie WT1<\/td><td>VEJVODOV\u00c1 Pavl\u00edna<\/td><td>1989<\/td><td>SCK ASTERIA Dub\u00ed<\/td><\/tr><tr><td>Kategorie WT2<\/td><td>SMOLN\u00c1 Kate\u0159ina<\/td><td>2000<\/td><td>SK Jedli\u010dka Liberec<\/td><\/tr><\/tbody><\/table><\/figure>\n\n\n\n<p>Tituly Mistra Slovensk\u00e9 republiky vybojovali:<\/p>\n\n\n\n<figure class=\"wp-block-table\"><table><tbody><tr><td>Kategorie MB<\/td><td>PRAGER Juraj<\/td><td>1984<\/td><td>Sportservis Team<\/td><\/tr><tr><td>Kategorie MC1-C3<\/td><td>\u0160VESTKA Jaroslav<\/td><td>1972<\/td><td>CK LEV Levo\u010da<\/td><\/tr><tr><td>Kategorie MC4-C5<\/td><td>GEMER Slavom\u00edr<\/td><td>1981<\/td><td>R.C.T. Martin<\/td><\/tr><tr><td>Kategorie MH1-H2&nbsp;<\/td><td>\u010cOREJ Josef<\/td><td>1997<\/td><td>Handbike Liptov<\/td><\/tr><tr><td>Kategorie MH3-H4<\/td><td>KUKLA Daniel<\/td><td>1964<\/td><td>Handbike Team Slovakia<\/td><\/tr><tr><td>Kategorie MT1<\/td><td>BALOG Martin<\/td><td>1990<\/td><td>SCK ASTERIA Dub\u00ed<\/td><\/tr><tr><td>Kategorie MT2<\/td><td>JAN\u010c\u00cd Lubom\u00edr<\/td><td>1987<\/td><td>R.C.T. Martin<\/td><\/tr><tr><td>Kategorie WC1-5<\/td><td>PASTOROV\u00c1 Miroslava<\/td><td>1986<\/td><td>BIKEPRO SPORT<\/td><\/tr><tr><td>Kategorie WH1-H5<\/td><td>OROSZOV\u00c1 Anna<\/td><td>1963<\/td><td>Handbike Liptov<\/td><\/tr><\/tbody><\/table><\/figure>\n\n\n\n<p>Celkov\u00e9 v\u00fdsledky M\u010cM a MSR v para cyklistice &#8211; \u010dasovka jednotlivc\u016f <a rel=\"noreferrer noopener\" href=\"https:\/\/sportsoft.cz\/OfficialResults\/2022\/20220708_MCR_HANDICAP_casovka.pdf?202207.08.04.42\" target=\"_blank\">ZDE<\/a><\/p>\n\n\n\n<figure class=\"wp-block-image size-large\"><img decoding=\"async\" src=\"https:\/\/www.czechcyclingfederation.com\/wp-content\/uploads\/2022\/07\/IMG_7305-1024x768.jpg\" alt=\"\" class=\"wp-image-12749\"\/><\/figure>\n\n\n\n<figure class=\"wp-block-image size-large\"><img loading=\"lazy\" decoding=\"async\" width=\"1024\" height=\"768\" src=\"https:\/\/www.czechcyclingfederation.com\/wp-content\/uploads\/2022\/07\/IMG_7312-1024x768.jpg\" alt=\"\" class=\"wp-image-12750\" srcset=\"https:\/\/www.czechcyclingfederation.com\/wp-content\/uploads\/2022\/07\/IMG_7312-1024x768.jpg 1024w, https:\/\/www.czechcyclingfederation.com\/wp-content\/uploads\/2022\/07\/IMG_7312-267x200.jpg 267w, https:\/\/www.czechcyclingfederation.com\/wp-content\/uploads\/2022\/07\/IMG_7312-768x576.jpg 768w, https:\/\/www.czechcyclingfederation.com\/wp-content\/uploads\/2022\/07\/IMG_7312-1536x1152.jpg 1536w, https:\/\/www.czechcyclingfederation.com\/wp-content\/uploads\/2022\/07\/IMG_7312-2048x1536.jpg 2048w, https:\/\/www.czechcyclingfederation.com\/wp-content\/uploads\/2022\/07\/IMG_7312-1320x990.jpg 1320w\" sizes=\"auto, (max-width: 1024px) 100vw, 1024px\" \/><\/figure>\n","protected":false},"excerpt":{"rendered":"<p>Prvn\u00ed spole\u010dn\u00e9 Mistrovstv\u00ed \u010cesk\u00e9 a Slovensk\u00e9 republiky v para cyklistice bylo zah\u00e1jeno v p\u00e1tek 8.7.2022 \u010dasovkou jednotlivc\u016f. Organizace \u0161ampion\u00e1tu se ujal zku\u0161en\u00fd t\u00fdm po\u0159adatel\u016f z FORCE Team Jesen\u00edk, kter\u00fd se musel vypo\u0159\u00e1dat s velkou nep\u0159\u00edzn\u00ed po\u010das\u00ed, je\u017e v Jesen\u00edku panovala. Mistrovstv\u00ed v para cyklistice prob\u00edh\u00e1 v r\u00e1mci M\u010cR ml\u00e1de\u017ee na silnici, kde se dnes rovn\u011b\u017e [&hellip;]<\/p>\n","protected":false},"author":3,"featured_media":12749,"comment_status":"closed","ping_status":"open","sticky":false,"template":"","format":"standard","meta":{"footnotes":""},"categories":[2,99],"tags":[62],"class_list":["post-12745","post","type-post","status-publish","format-standard","has-post-thumbnail","hentry","category-novinky","category-paracyklistika","tag-paracyklistika"],"_links":{"self":[{"href":"https:\/\/www.czechcyclingfederation.com\/en\/wp-json\/wp\/v2\/posts\/12745","targetHints":{"allow":["GET"]}}],"collection":[{"href":"https:\/\/www.czechcyclingfederation.com\/en\/wp-json\/wp\/v2\/posts"}],"about":[{"href":"https:\/\/www.czechcyclingfederation.com\/en\/wp-json\/wp\/v2\/types\/post"}],"author":[{"embeddable":true,"href":"https:\/\/www.czechcyclingfederation.com\/en\/wp-json\/wp\/v2\/users\/3"}],"replies":[{"embeddable":true,"href":"https:\/\/www.czechcyclingfederation.com\/en\/wp-json\/wp\/v2\/comments?post=12745"}],"version-history":[{"count":3,"href":"https:\/\/www.czechcyclingfederation.com\/en\/wp-json\/wp\/v2\/posts\/12745\/revisions"}],"predecessor-version":[{"id":12753,"href":"https:\/\/www.czechcyclingfederation.com\/en\/wp-json\/wp\/v2\/posts\/12745\/revisions\/12753"}],"wp:featuredmedia":[{"embeddable":true,"href":"https:\/\/www.czechcyclingfederation.com\/en\/wp-json\/wp\/v2\/media\/12749"}],"wp:attachment":[{"href":"https:\/\/www.czechcyclingfederation.com\/en\/wp-json\/wp\/v2\/media?parent=12745"}],"wp:term":[{"taxonomy":"category","embeddable":true,"href":"https:\/\/www.czechcyclingfederation.com\/en\/wp-json\/wp\/v2\/categories?post=12745"},{"taxonomy":"post_tag","embeddable":true,"href":"https:\/\/www.czechcyclingfederation.com\/en\/wp-json\/wp\/v2\/tags?post=12745"}],"curies":[{"name":"wp","href":"https:\/\/api.w.org\/{rel}","templated":true}]}}