{"id":12739,"date":"2022-07-08T11:26:00","date_gmt":"2022-07-08T09:26:00","guid":{"rendered":"https:\/\/www.czechcyclingfederation.com\/?p=12739"},"modified":"2022-07-08T13:48:33","modified_gmt":"2022-07-08T11:48:33","slug":"cesky-pohar-mladeze-techniserv-it-cup-16-17-7-presunut-na-novy-termin","status":"publish","type":"post","link":"https:\/\/www.czechcyclingfederation.com\/en\/cesky-pohar-mladeze-techniserv-it-cup-16-17-7-presunut-na-novy-termin\/","title":{"rendered":"V\u00edkendov\u00e9 z\u00e1vody \u010cP ml\u00e1de\u017ee 16.-17.7. p\u0159esunuty na nov\u00fd term\u00edn!"},"content":{"rendered":"\n<p>V\u00edkendov\u00e9 z\u00e1vody \u010cP ml\u00e1de\u017ee 16.-17.7., kter\u00e9 se m\u011bly konat na Olomoucku jsou z technick\u00fdch d\u016fvod\u016f p\u0159esunuty na nov\u00fd term\u00edn. Ten bude s nejv\u011bt\u0161\u00ed pravd\u011bpodobnost\u00ed v druh\u00e9 polovin\u011b z\u00e1\u0159\u00ed. P\u0159esn\u011bji V\u00e1s budeme informovat v n\u00e1sleduj\u00edc\u00edch dnech.<\/p>\n\n\n\n<p>Jm\u00e9nem po\u0159adatele se omlouv\u00e1me za p\u0159\u00edpadn\u00e9 zp\u016fsoben\u00e9 komplikace.<\/p>\n","protected":false},"excerpt":{"rendered":"<p>V\u00edkendov\u00e9 z\u00e1vody \u010cP ml\u00e1de\u017ee 16.-17.7., kter\u00e9 se m\u011bly konat na Olomoucku jsou z technick\u00fdch d\u016fvod\u016f p\u0159esunuty na nov\u00fd term\u00edn. Ten bude s nejv\u011bt\u0161\u00ed pravd\u011bpodobnost\u00ed v druh\u00e9 polovin\u011b z\u00e1\u0159\u00ed. P\u0159esn\u011bji V\u00e1s budeme informovat v n\u00e1sleduj\u00edc\u00edch dnech. Jm\u00e9nem po\u0159adatele se omlouv\u00e1me za p\u0159\u00edpadn\u00e9 zp\u016fsoben\u00e9 komplikace.<\/p>\n","protected":false},"author":1,"featured_media":915,"comment_status":"closed","ping_status":"open","sticky":false,"template":"","format":"standard","meta":{"footnotes":""},"categories":[17,2,18],"tags":[177],"class_list":["post-12739","post","type-post","status-publish","format-standard","has-post-thumbnail","hentry","category-discipliny","category-novinky","category-silnice","tag-mladez"],"_links":{"self":[{"href":"https:\/\/www.czechcyclingfederation.com\/en\/wp-json\/wp\/v2\/posts\/12739","targetHints":{"allow":["GET"]}}],"collection":[{"href":"https:\/\/www.czechcyclingfederation.com\/en\/wp-json\/wp\/v2\/posts"}],"about":[{"href":"https:\/\/www.czechcyclingfederation.com\/en\/wp-json\/wp\/v2\/types\/post"}],"author":[{"embeddable":true,"href":"https:\/\/www.czechcyclingfederation.com\/en\/wp-json\/wp\/v2\/users\/1"}],"replies":[{"embeddable":true,"href":"https:\/\/www.czechcyclingfederation.com\/en\/wp-json\/wp\/v2\/comments?post=12739"}],"version-history":[{"count":2,"href":"https:\/\/www.czechcyclingfederation.com\/en\/wp-json\/wp\/v2\/posts\/12739\/revisions"}],"predecessor-version":[{"id":12742,"href":"https:\/\/www.czechcyclingfederation.com\/en\/wp-json\/wp\/v2\/posts\/12739\/revisions\/12742"}],"wp:featuredmedia":[{"embeddable":true,"href":"https:\/\/www.czechcyclingfederation.com\/en\/wp-json\/wp\/v2\/media\/915"}],"wp:attachment":[{"href":"https:\/\/www.czechcyclingfederation.com\/en\/wp-json\/wp\/v2\/media?parent=12739"}],"wp:term":[{"taxonomy":"category","embeddable":true,"href":"https:\/\/www.czechcyclingfederation.com\/en\/wp-json\/wp\/v2\/categories?post=12739"},{"taxonomy":"post_tag","embeddable":true,"href":"https:\/\/www.czechcyclingfederation.com\/en\/wp-json\/wp\/v2\/tags?post=12739"}],"curies":[{"name":"wp","href":"https:\/\/api.w.org\/{rel}","templated":true}]}}