{"id":12733,"date":"2022-07-08T08:44:23","date_gmt":"2022-07-08T06:44:23","guid":{"rendered":"https:\/\/www.czechcyclingfederation.com\/?p=12733"},"modified":"2022-07-08T08:45:49","modified_gmt":"2022-07-08T06:45:49","slug":"jiz-zitra-v4-brno-mikulov-brno-trat-zavodu-a-odkaz-na-primy-prenos","status":"publish","type":"post","link":"https:\/\/www.czechcyclingfederation.com\/en\/jiz-zitra-v4-brno-mikulov-brno-trat-zavodu-a-odkaz-na-primy-prenos\/","title":{"rendered":"Ji\u017e z\u00edtra V4 Brno &#8211; Mikulov &#8211; Brno! Tra\u0165 z\u00e1vodu a odkaz na p\u0159\u00edm\u00fd p\u0159enos"},"content":{"rendered":"\n<p>Pr\u016flet trat\u00ed z\u00e1vodu Brno &#8211; Mikulov &#8211; BrnoKde se rozhodne leto\u0161n\u00ed ro\u010dn\u00edk Brno &#8211; Mikulov &#8211; Brno? V lo\u0148sk\u00e9m roce se peloton roztrhal v z\u00e1v\u011bre\u010dn\u00fdch stoup\u00e1n\u00edch nedaleko Brna a fin\u00e1ln\u00ed \u00fatok si Adam \u0164oupal\u00edk schoval na p\u0159edposledn\u00ed v\u00fdjezd na \u017dlut\u00fd kopec, v Masarykov\u011b \u010dtvrti v centru Brna. Ale tomuto ostr\u00e9mu stoup\u00e1n\u00ed p\u0159edch\u00e1z\u00ed n\u011bkolik podobn\u011b n\u00e1ro\u010dn\u00fdch kopc\u016f.&nbsp;Brno &#8211; Mikulov &#8211; Brno, z\u00e1vod za\u0159azen\u00fd do s\u00e9rie Visegrad 4, se v sou\u010dasn\u00e9 podob\u011b pojede teprve podruh\u00e9, ale lo\u0148\u0161t\u00ed \u00fa\u010dastn\u00edci moc dob\u0159e v\u011bd\u00ed, \u017ee je dobr\u00e9 u\u0161et\u0159it s\u00edly na z\u00e1v\u011bre\u010dn\u00fdch 60 kilometr\u016f. Neutralizovan\u00fd start z\u00e1vodu bude na brn\u011bnsk\u00e9m velodromu, odkud se cyklist\u00e9 p\u0159esunou na ostr\u00fd start v Ostopovic\u00edch a zanedlouho za\u010dnou stoupat na prvn\u00ed kopec v O\u0159echov\u011b. 1300 metr\u016f dlouh\u00e9 stoup\u00e1n\u00ed s pr\u016fm\u011brem 5,6 % nen\u00ed pro v\u00fdvoj z\u00e1vodu p\u0159\u00edli\u0161 v\u00fdznamn\u00e9, ale ubere z\u00e1vodn\u00edk\u016fm trochu sil.<\/p>\n\n\n\n<figure class=\"wp-block-embed is-type-video is-provider-youtube wp-block-embed-youtube wp-embed-aspect-16-9 wp-has-aspect-ratio\"><div class=\"wp-block-embed__wrapper\">\n<iframe loading=\"lazy\" title=\"Visegrad 4 Grand Prix Czech Republic: Brno - Mikulov - Brno 2022\" width=\"500\" height=\"281\" src=\"https:\/\/www.youtube.com\/embed\/xrAoNQO2l6U?feature=oembed\" frameborder=\"0\" allow=\"accelerometer; autoplay; clipboard-write; encrypted-media; gyroscope; picture-in-picture; web-share\" referrerpolicy=\"strict-origin-when-cross-origin\" allowfullscreen><\/iframe>\n<\/div><\/figure>\n\n\n\n<p>Loni se velmi aktivn\u011b z\u00e1vodilo na rovin\u00e1ch v \u00favodu z\u00e1vodu a n\u011bkte\u0159\u00ed to odnesli v n\u00e1ro\u010dn\u00e9m z\u00e1v\u011bru. Dal\u0161\u00ed d\u016fle\u017eit\u00fd v\u00fdjezd je a\u017e na P\u00e1lav\u011b. V\u00fdjezd na Pavlov je dlouh\u00fd 2 kilometry a m\u00e1 v pr\u016fm\u011bru 7,7 %. Zde se peloton nepochybn\u011b nat\u00e1hne a zmen\u0161\u00ed. Ale do dal\u0161\u00edch kopc\u016f je je\u0161t\u011b daleko, Pavlov za\u010d\u00edn\u00e1 na 58. kilometru z\u00e1vodu a n\u00e1sleduje dal\u0161\u00ed rovinat\u00e1 \u010d\u00e1st z\u00e1vodu p\u0159i n\u00e1vratu na sever. Z Pavlova cyklist\u00e9 klesnou do Mikulova, projedou centrem m\u011bsta a okolo Novoml\u00fdnsk\u00fdch n\u00e1dr\u017e\u00ed se za\u010dnou vracet zp\u011bt k Brnu.<\/p>\n\n\n\n<p><br>Rozhoduj\u00edc\u00ed z\u00e1v\u011bre\u010dnou \u010d\u00e1st z\u00e1vodu zah\u00e1j\u00ed stoup\u00e1n\u00ed v Doln\u00edch Kounic\u00edch. V t\u00e9to historicky v\u00fdznamn\u00e9 obci, na 128. kilometru z\u00e1vodu, le\u017e\u00ed 2 kilometry dlouh\u00e9 stoup\u00e1n\u00ed s pr\u016fm\u011brem 6,6 %, n\u00e1sleduje rychl\u00fd sjezd a hned pot\u00e9 n\u00e1jezd do nejt\u011b\u017e\u0161\u00edho stoup\u00e1n\u00ed Hl\u00edna (2,1 km, 7,2 %). Prvn\u00edch 500 metr\u016f Hl\u00edny m\u00e1 dokonce 12,7 %.<br>Z\u00e1vod se z Hl\u00edny vr\u00e1t\u00ed do O\u0159echova, kde kon\u010dilo prvn\u00ed stoup\u00e1n\u00ed z\u00e1vodu. Zde se leto\u0161n\u00ed trasa li\u0161\u00ed od p\u0159edchoz\u00edho ro\u010dn\u00edku. P\u0159ed O\u0159echovem cyklist\u00e9 zdolaj\u00ed nepravideln\u00e9 stoup\u00e1n\u00ed na \u00fazk\u00e9 vedlej\u0161\u00ed silnici, p\u0159ipom\u00ednaj\u00edc\u00ed silnice v Belgii a Nizozemsku. Za O\u0159echovem n\u00e1sleduje sjezd, kr\u00e1tk\u00fd rovinat\u00fd \u00fasek a 1800 metr\u016f dlouh\u00fd kopec do Omic (5,2 %).<br>Na 165. kilometru le\u017e\u00ed nen\u00e1padn\u00fd, ale nep\u0159\u00edjemn\u00fd rovn\u00fd v\u00fdjezd Pop\u016fvky (1,8 km, 4,7 %). P\u0159ed Ostrova\u010dicemi z\u00e1vod odbo\u010d\u00ed doprava a na \u0159ad\u011b je stoup\u00e1n\u00ed k Automotodromu (2,3 km, 4,8 %). Do c\u00edle odtud zb\u00fdv\u00e1 jen 26 kilometr\u016f, tak\u017ee u\u017e loni se tu z\u00e1vodilo naplno. Ale to rozhodn\u011b nen\u00ed konec v\u0161ech stoup\u00e1n\u00ed, proto\u017ee po sjezdu do \u017deb\u011bt\u00edna je na \u0159ad\u011b Kohoutovick\u00fd kopec, stoup\u00e1n\u00ed zn\u00e1m\u00e9 i z jarn\u00ed klasiky Velk\u00e1 B\u00edte\u0161 &#8211; Brno &#8211; Velk\u00e1 B\u00edte\u0161. Kohoutovice maj\u00ed 1100 metr\u016f a pr\u016fm\u011br 6,6 %.<\/p>\n\n\n\n<figure class=\"wp-block-image size-large\"><img loading=\"lazy\" decoding=\"async\" width=\"1024\" height=\"461\" src=\"http:\/\/www.czechcyclingfederation.com\/wp-content\/uploads\/2022\/07\/v4_2022_billboard2-e1657262638660-1024x461.png\" alt=\"\" class=\"wp-image-12734\" srcset=\"https:\/\/www.czechcyclingfederation.com\/wp-content\/uploads\/2022\/07\/v4_2022_billboard2-e1657262638660-1024x461.png 1024w, https:\/\/www.czechcyclingfederation.com\/wp-content\/uploads\/2022\/07\/v4_2022_billboard2-e1657262638660-300x135.png 300w, https:\/\/www.czechcyclingfederation.com\/wp-content\/uploads\/2022\/07\/v4_2022_billboard2-e1657262638660-768x346.png 768w, https:\/\/www.czechcyclingfederation.com\/wp-content\/uploads\/2022\/07\/v4_2022_billboard2-e1657262638660-1536x691.png 1536w, https:\/\/www.czechcyclingfederation.com\/wp-content\/uploads\/2022\/07\/v4_2022_billboard2-e1657262638660-1320x594.png 1320w, https:\/\/www.czechcyclingfederation.com\/wp-content\/uploads\/2022\/07\/v4_2022_billboard2-e1657262638660.png 1600w\" sizes=\"auto, (max-width: 1024px) 100vw, 1024px\" \/><\/figure>\n\n\n\n<p><br>V Kohoutovic\u00edch loni \u00fato\u010dil Daniel Turek a vytvo\u0159ila se zde elitn\u00ed skupina, kter\u00e1 si to v posledn\u00edch kilometrech rozdala o v\u00edt\u011bzstv\u00ed v z\u00e1vod\u011b. Z Kohoutovic vede rychl\u00fd sjezd do Pis\u00e1rek, cyklist\u00e9 najedou do ulice Hlinky a odbo\u010d\u00ed doleva do strm\u00e9ho v\u00fdjezdu \u017dlut\u00fd kopec. Pr\u00e1v\u011b zde, t\u011bsn\u011b p\u0159ed vrcholem \u017dlut\u00e9ho kopce, loni za\u00fato\u010dil Adam \u0164oupal\u00edk a zbavil se v\u0161ech soupe\u0159\u016f. Rovn\u00fd a strm\u00fd v\u00fdjezd a tak\u00e9 velmi rychl\u00fd a rovn\u00fd sjezd jsou ide\u00e1ln\u00ed pro s\u00f3lov\u00fd \u00fanik.<br>Cyklista v \u00faniku v\u0161ak mus\u00ed m\u00edt s\u00edly i na klasik\u00e1\u0159sk\u00fd dojezd na hrad\u011b \u0160pilberk, kter\u00fd u\u017e sice nen\u00ed dlouh\u00fd, ale je technicky n\u00e1ro\u010dn\u00fd a strm\u00fd. Adam \u0164oupal\u00edk zde dok\u00e1zal za sebou udr\u017eet Daniela Turka a Karla Camrdu a vyhr\u00e1l. Bude se lo\u0148sk\u00fd sc\u00e9n\u00e1\u0159 opakovat?<\/p>\n\n\n\n<p><br>Z\u00e1vod odstartuje v&nbsp;sobotu 9. \u010dervence v 10:15&nbsp;z brn\u011bnsk\u00e9ho velodromu TJ Favorit Brno. Nejrychlej\u0161\u00ed z\u00e1vodn\u00edci jsou o\u010dek\u00e1v\u00e1ni v c\u00edli na hrad\u011b \u0160pilberku kolem 15. hodiny. Pr\u016fb\u011bh z\u00e1vodu m\u016f\u017eete sledovat \u017eiv\u011b prost\u0159ednictv\u00edm webu Roadcycling.cz nebo youtube kan\u00e1lu Sportsoft.<\/p>\n\n\n\n<figure class=\"wp-block-embed is-type-video is-provider-youtube wp-block-embed-youtube wp-embed-aspect-4-3 wp-has-aspect-ratio\"><div class=\"wp-block-embed__wrapper\">\n<iframe loading=\"lazy\" title=\"\ud83d\udd34 Visegrad 4 GP Czech Republic 2022\" width=\"500\" height=\"281\" src=\"https:\/\/www.youtube.com\/embed\/KHGveTCanUc?feature=oembed\" frameborder=\"0\" allow=\"accelerometer; autoplay; clipboard-write; encrypted-media; gyroscope; picture-in-picture; web-share\" referrerpolicy=\"strict-origin-when-cross-origin\" allowfullscreen><\/iframe>\n<\/div><\/figure>\n","protected":false},"excerpt":{"rendered":"<p>Pr\u016flet trat\u00ed z\u00e1vodu Brno &#8211; Mikulov &#8211; BrnoKde se rozhodne leto\u0161n\u00ed ro\u010dn\u00edk Brno &#8211; Mikulov &#8211; Brno? V lo\u0148sk\u00e9m roce se peloton roztrhal v z\u00e1v\u011bre\u010dn\u00fdch stoup\u00e1n\u00edch nedaleko Brna a fin\u00e1ln\u00ed \u00fatok si Adam \u0164oupal\u00edk schoval na p\u0159edposledn\u00ed v\u00fdjezd na \u017dlut\u00fd kopec, v Masarykov\u011b \u010dtvrti v centru Brna. Ale tomuto ostr\u00e9mu stoup\u00e1n\u00ed p\u0159edch\u00e1z\u00ed n\u011bkolik podobn\u011b n\u00e1ro\u010dn\u00fdch [&hellip;]<\/p>\n","protected":false},"author":1,"featured_media":0,"comment_status":"closed","ping_status":"open","sticky":false,"template":"","format":"standard","meta":{"footnotes":""},"categories":[17,2,18],"tags":[11],"class_list":["post-12733","post","type-post","status-publish","format-standard","hentry","category-discipliny","category-novinky","category-silnice","tag-silnice"],"_links":{"self":[{"href":"https:\/\/www.czechcyclingfederation.com\/en\/wp-json\/wp\/v2\/posts\/12733","targetHints":{"allow":["GET"]}}],"collection":[{"href":"https:\/\/www.czechcyclingfederation.com\/en\/wp-json\/wp\/v2\/posts"}],"about":[{"href":"https:\/\/www.czechcyclingfederation.com\/en\/wp-json\/wp\/v2\/types\/post"}],"author":[{"embeddable":true,"href":"https:\/\/www.czechcyclingfederation.com\/en\/wp-json\/wp\/v2\/users\/1"}],"replies":[{"embeddable":true,"href":"https:\/\/www.czechcyclingfederation.com\/en\/wp-json\/wp\/v2\/comments?post=12733"}],"version-history":[{"count":3,"href":"https:\/\/www.czechcyclingfederation.com\/en\/wp-json\/wp\/v2\/posts\/12733\/revisions"}],"predecessor-version":[{"id":12738,"href":"https:\/\/www.czechcyclingfederation.com\/en\/wp-json\/wp\/v2\/posts\/12733\/revisions\/12738"}],"wp:attachment":[{"href":"https:\/\/www.czechcyclingfederation.com\/en\/wp-json\/wp\/v2\/media?parent=12733"}],"wp:term":[{"taxonomy":"category","embeddable":true,"href":"https:\/\/www.czechcyclingfederation.com\/en\/wp-json\/wp\/v2\/categories?post=12733"},{"taxonomy":"post_tag","embeddable":true,"href":"https:\/\/www.czechcyclingfederation.com\/en\/wp-json\/wp\/v2\/tags?post=12733"}],"curies":[{"name":"wp","href":"https:\/\/api.w.org\/{rel}","templated":true}]}}