{"id":12723,"date":"2022-07-07T19:45:38","date_gmt":"2022-07-07T17:45:38","guid":{"rendered":"https:\/\/www.czechcyclingfederation.com\/?p=12723"},"modified":"2022-08-26T16:11:20","modified_gmt":"2022-08-26T14:11:20","slug":"v-casovce-na-me-nejlepsi-z-cechu-novak","status":"publish","type":"post","link":"https:\/\/www.czechcyclingfederation.com\/en\/v-casovce-na-me-nejlepsi-z-cechu-novak\/","title":{"rendered":"V \u010dasovce na ME nejlep\u0161\u00ed z \u010cech\u016f Nov\u00e1k"},"content":{"rendered":"\n<p>Pavel Nov\u00e1k, kter\u00fd na ned\u00e1vn\u00e9m dom\u00e1c\u00edm \u0161ampion\u00e1tu v&nbsp;Kov\u00e1\u0159ov vybojoval titul mistra \u010cR v&nbsp;\u010dasovce junior\u016f potvrdil i na mistrovstv\u00ed Evropy v&nbsp;portugalsk\u00e9 Anadii, \u017ee j\u00edzdu proti chronometru um\u00ed. Z&nbsp;na\u0161ich jezdc\u016f vybojoval jako jedin\u00fd um\u00edst\u011bn\u00ed v&nbsp;elitn\u00ed des\u00edtce, kdy\u017e mezi juniory obsadil osm\u00e9 m\u00edsto. Za v\u00edt\u011bzn\u00fdm Mathieu Kockelmannem z&nbsp;Lucemburska zaostal na trati dlouh\u00e9 22 km o 1:09. \u0160t\u011bp\u00e1n Teleck\u00fd byl dvac\u00e1t\u00fd.<\/p>\n\n\n\n<p>Jeden z&nbsp;nejv\u011bt\u0161\u00edch \u010desk\u00fdch talent\u016f sou\u010dasnosti Mathias Vacek obsadil v&nbsp;kategorii U23 15. m\u00edsto, ze zlata se radoval Belgi\u010dan Alec Sagaert, kter\u00fd vyhr\u00e1l s&nbsp;n\u00e1skokem 50 vte\u0159in p\u0159ed Chorvatem Miholjevi\u010dem. &nbsp;Juniorskou \u0161ampionkou je Justyna Czaplaov\u00e1 z&nbsp;N\u011bmecka, Eli\u0161ka Kvasni\u010dov\u00e1 skon\u010dila sedmn\u00e1ct\u00e1 a z\u00e1vod \u017een U23 vyhr\u00e1la nizozemsk\u00e1 cyklokrosa\u0159ka Shirin van Anrooijnov\u00e1, \u010ce\u0161ky Denisa Sl\u00e1mov\u00e1 a Krist\u00fdna Burlov\u00e1 skon\u010dily dvac\u00e1t\u00e1 resp. t\u0159iadvac\u00e1t\u00e1.<\/p>\n\n\n\n<p>V\u00fdsledky:<\/p>\n\n\n\n<p>Juniorky (22 km):<\/p>\n\n\n\n<p>1.Czaplaov\u00e1 (N\u011bm.) 33:30, 2. Rayerov\u00e1 (Fr.) +45, 3. Joorisov\u00e1 (Belg.) +48, 4. Venturelliov\u00e1 (It.) +48, 5. Vinkeov\u00e1 (Niz.) +55, 6. Aintilaov\u00e1 (Fin.) +1:18, &#8230;17. Eli\u0161ka Kvasni\u010dkov\u00e1 (\u010cR) +2:16.<\/p>\n\n\n\n<p>Junio\u0159i (22 km):<\/p>\n\n\n\n<p>1. Kockelmann (Luc.) 28:06, 2. Verbrigghe (Belg,) +19, 3. Herzog (N\u011bm.) +35, 4. Csholiers (Belg.) +36, 5. Christen (\u0160v\u00fdc.) +36,&nbsp; . Milesi (It.) +45, &#8230;8. Nov\u00e1k +1:09, 20. Teleck\u00fd (oba \u010cR) +2:07.<\/p>\n\n\n\n<p>\u017deny U23 (22 km):<\/p>\n\n\n\n<p>1.&nbsp; van Anrooijnov\u00e1 (Niz.) 31:34, 2. Guazzinov\u00e1 (It.) +11, 3. Le Netov\u00e1 (Fr.) +12, 4. Bosasuytov\u00e1 (Belg.) +1:03, 5. Bauernfeidov\u00e1 (N\u011bm.) +1:13, 6. Ja\u0161\u010denkov\u00e1 (Ukr.) +1:27, &#8230;20. Sl\u00e1mov\u00e1 +4:32, 23. Burlov\u00e1 (ob\u011b \u010cR) +5:01.<\/p>\n\n\n\n<p>Mu\u017ei U23 (22 km):<\/p>\n\n\n\n<p>1. Sagaert (Belg.) 27:25, 2. Miholjevi\u010d (Chor.) +50, 3. le Huitouze (Fr.) +51, 4. Weiss (\u0160v\u00fdc.) +58, 5. Verevenne (Belg.) +1:10, 6. Rafferty (Ir.) +1:10, &#8230;15. M. Vacek (\u010cR) +1:33.<\/p>\n\n\n\n<p>FOTO Michal Frant\u00edk<\/p>\n\n\n\n<figure class=\"wp-block-image size-large\"><img loading=\"lazy\" decoding=\"async\" width=\"1021\" height=\"1024\" src=\"https:\/\/www.czechcyclingfederation.com\/wp-content\/uploads\/2022\/07\/Kvasnickova-Eliska-8dd57e83-c89a-4f9f-97a4-af65c21870f1-Michal-Franrik-1021x1024.jpg\" alt=\"\" class=\"wp-image-12725\" srcset=\"https:\/\/www.czechcyclingfederation.com\/wp-content\/uploads\/2022\/07\/Kvasnickova-Eliska-8dd57e83-c89a-4f9f-97a4-af65c21870f1-Michal-Franrik-1021x1024.jpg 1021w, https:\/\/www.czechcyclingfederation.com\/wp-content\/uploads\/2022\/07\/Kvasnickova-Eliska-8dd57e83-c89a-4f9f-97a4-af65c21870f1-Michal-Franrik-199x200.jpg 199w, https:\/\/www.czechcyclingfederation.com\/wp-content\/uploads\/2022\/07\/Kvasnickova-Eliska-8dd57e83-c89a-4f9f-97a4-af65c21870f1-Michal-Franrik-150x150.jpg 150w, https:\/\/www.czechcyclingfederation.com\/wp-content\/uploads\/2022\/07\/Kvasnickova-Eliska-8dd57e83-c89a-4f9f-97a4-af65c21870f1-Michal-Franrik-768x770.jpg 768w, https:\/\/www.czechcyclingfederation.com\/wp-content\/uploads\/2022\/07\/Kvasnickova-Eliska-8dd57e83-c89a-4f9f-97a4-af65c21870f1-Michal-Franrik-1532x1536.jpg 1532w, https:\/\/www.czechcyclingfederation.com\/wp-content\/uploads\/2022\/07\/Kvasnickova-Eliska-8dd57e83-c89a-4f9f-97a4-af65c21870f1-Michal-Franrik-1320x1323.jpg 1320w, https:\/\/www.czechcyclingfederation.com\/wp-content\/uploads\/2022\/07\/Kvasnickova-Eliska-8dd57e83-c89a-4f9f-97a4-af65c21870f1-Michal-Franrik.jpg 1536w\" sizes=\"auto, (max-width: 1021px) 100vw, 1021px\" \/><\/figure>\n\n\n\n<figure class=\"wp-block-image size-large\"><img loading=\"lazy\" decoding=\"async\" width=\"1024\" height=\"768\" src=\"https:\/\/www.czechcyclingfederation.com\/wp-content\/uploads\/2022\/07\/c7b2dbe8-050b-497d-b6b5-fd8872d8e0a4-1024x768.jpg\" alt=\"\" class=\"wp-image-12726\" srcset=\"https:\/\/www.czechcyclingfederation.com\/wp-content\/uploads\/2022\/07\/c7b2dbe8-050b-497d-b6b5-fd8872d8e0a4-1024x768.jpg 1024w, https:\/\/www.czechcyclingfederation.com\/wp-content\/uploads\/2022\/07\/c7b2dbe8-050b-497d-b6b5-fd8872d8e0a4-267x200.jpg 267w, https:\/\/www.czechcyclingfederation.com\/wp-content\/uploads\/2022\/07\/c7b2dbe8-050b-497d-b6b5-fd8872d8e0a4-768x576.jpg 768w, https:\/\/www.czechcyclingfederation.com\/wp-content\/uploads\/2022\/07\/c7b2dbe8-050b-497d-b6b5-fd8872d8e0a4-1536x1152.jpg 1536w, https:\/\/www.czechcyclingfederation.com\/wp-content\/uploads\/2022\/07\/c7b2dbe8-050b-497d-b6b5-fd8872d8e0a4-1320x990.jpg 1320w, https:\/\/www.czechcyclingfederation.com\/wp-content\/uploads\/2022\/07\/c7b2dbe8-050b-497d-b6b5-fd8872d8e0a4.jpg 1600w\" sizes=\"auto, (max-width: 1024px) 100vw, 1024px\" \/><\/figure>\n\n\n\n<figure class=\"wp-block-image size-large\"><img loading=\"lazy\" decoding=\"async\" width=\"1024\" height=\"768\" src=\"https:\/\/www.czechcyclingfederation.com\/wp-content\/uploads\/2022\/07\/Slamova-a3802d84-e7c0-457d-b9a9-6e2bf8baf898-1024x768.jpg\" alt=\"\" class=\"wp-image-12727\" srcset=\"https:\/\/www.czechcyclingfederation.com\/wp-content\/uploads\/2022\/07\/Slamova-a3802d84-e7c0-457d-b9a9-6e2bf8baf898-1024x768.jpg 1024w, https:\/\/www.czechcyclingfederation.com\/wp-content\/uploads\/2022\/07\/Slamova-a3802d84-e7c0-457d-b9a9-6e2bf8baf898-267x200.jpg 267w, https:\/\/www.czechcyclingfederation.com\/wp-content\/uploads\/2022\/07\/Slamova-a3802d84-e7c0-457d-b9a9-6e2bf8baf898-768x576.jpg 768w, https:\/\/www.czechcyclingfederation.com\/wp-content\/uploads\/2022\/07\/Slamova-a3802d84-e7c0-457d-b9a9-6e2bf8baf898-1536x1152.jpg 1536w, https:\/\/www.czechcyclingfederation.com\/wp-content\/uploads\/2022\/07\/Slamova-a3802d84-e7c0-457d-b9a9-6e2bf8baf898-1320x990.jpg 1320w, https:\/\/www.czechcyclingfederation.com\/wp-content\/uploads\/2022\/07\/Slamova-a3802d84-e7c0-457d-b9a9-6e2bf8baf898.jpg 1600w\" sizes=\"auto, (max-width: 1024px) 100vw, 1024px\" \/><\/figure>\n","protected":false},"excerpt":{"rendered":"<p>Pavel Nov\u00e1k, kter\u00fd na ned\u00e1vn\u00e9m dom\u00e1c\u00edm \u0161ampion\u00e1tu v&nbsp;Kov\u00e1\u0159ov vybojoval titul mistra \u010cR v&nbsp;\u010dasovce junior\u016f potvrdil i na mistrovstv\u00ed Evropy v&nbsp;portugalsk\u00e9 Anadii, \u017ee j\u00edzdu proti chronometru um\u00ed. Z&nbsp;na\u0161ich jezdc\u016f vybojoval jako jedin\u00fd um\u00edst\u011bn\u00ed v&nbsp;elitn\u00ed des\u00edtce, kdy\u017e mezi juniory obsadil osm\u00e9 m\u00edsto. Za v\u00edt\u011bzn\u00fdm Mathieu Kockelmannem z&nbsp;Lucemburska zaostal na trati dlouh\u00e9 22 km o 1:09. \u0160t\u011bp\u00e1n Teleck\u00fd [&hellip;]<\/p>\n","protected":false},"author":8,"featured_media":12724,"comment_status":"closed","ping_status":"open","sticky":false,"template":"","format":"standard","meta":{"footnotes":""},"categories":[2,103,18],"tags":[11],"class_list":["post-12723","post","type-post","status-publish","format-standard","has-post-thumbnail","hentry","category-novinky","category-reprezentace","category-silnice","tag-silnice"],"_links":{"self":[{"href":"https:\/\/www.czechcyclingfederation.com\/en\/wp-json\/wp\/v2\/posts\/12723","targetHints":{"allow":["GET"]}}],"collection":[{"href":"https:\/\/www.czechcyclingfederation.com\/en\/wp-json\/wp\/v2\/posts"}],"about":[{"href":"https:\/\/www.czechcyclingfederation.com\/en\/wp-json\/wp\/v2\/types\/post"}],"author":[{"embeddable":true,"href":"https:\/\/www.czechcyclingfederation.com\/en\/wp-json\/wp\/v2\/users\/8"}],"replies":[{"embeddable":true,"href":"https:\/\/www.czechcyclingfederation.com\/en\/wp-json\/wp\/v2\/comments?post=12723"}],"version-history":[{"count":3,"href":"https:\/\/www.czechcyclingfederation.com\/en\/wp-json\/wp\/v2\/posts\/12723\/revisions"}],"predecessor-version":[{"id":13475,"href":"https:\/\/www.czechcyclingfederation.com\/en\/wp-json\/wp\/v2\/posts\/12723\/revisions\/13475"}],"wp:featuredmedia":[{"embeddable":true,"href":"https:\/\/www.czechcyclingfederation.com\/en\/wp-json\/wp\/v2\/media\/12724"}],"wp:attachment":[{"href":"https:\/\/www.czechcyclingfederation.com\/en\/wp-json\/wp\/v2\/media?parent=12723"}],"wp:term":[{"taxonomy":"category","embeddable":true,"href":"https:\/\/www.czechcyclingfederation.com\/en\/wp-json\/wp\/v2\/categories?post=12723"},{"taxonomy":"post_tag","embeddable":true,"href":"https:\/\/www.czechcyclingfederation.com\/en\/wp-json\/wp\/v2\/tags?post=12723"}],"curies":[{"name":"wp","href":"https:\/\/api.w.org\/{rel}","templated":true}]}}