{"id":12718,"date":"2022-07-07T08:52:46","date_gmt":"2022-07-07T06:52:46","guid":{"rendered":"https:\/\/www.czechcyclingfederation.com\/?p=12718"},"modified":"2022-07-07T08:52:48","modified_gmt":"2022-07-07T06:52:48","slug":"realizacni-tymy-ceske-reprezentace-dulezita-soucast-ve-stinu-zavodniku-r-smida","status":"publish","type":"post","link":"https:\/\/www.czechcyclingfederation.com\/en\/realizacni-tymy-ceske-reprezentace-dulezita-soucast-ve-stinu-zavodniku-r-smida\/","title":{"rendered":"Realiza\u010dn\u00ed t\u00fdmy \u010desk\u00e9 reprezentace &#8211; d\u016fle\u017eit\u00e1 sou\u010d\u00e1st ve st\u00ednu z\u00e1vodn\u00edk\u016f (R. \u0160m\u00edda)"},"content":{"rendered":"\n<p>Aktu\u00e1ln\u011b prob\u00edh\u00e1 mistrovstv\u00ed Evropy pro kategorie junior\u016f a U23 v Anadii (Portugalsko). Bajkery vyst\u0159\u00eddali silni\u010d\u00e1\u0159i a pot\u00e9 si p\u0159ijdou na sv\u00e9 i dr\u00e1ha\u0159i. T\u011bmi, kte\u0159\u00ed jsou na t\u011bchto akc\u00edch nejv\u00edce vid\u011bt, jsou pochopiteln\u011b z\u00e1vodn\u00edci, p\u0159\u00edpadn\u011b tren\u00e9\u0159i. Ov\u0161em realiza\u010dn\u00ed t\u00fdmy jsou podstatn\u011b \u0161ir\u0161\u00ed, od mechanik\u016f, p\u0159es mas\u00e9ry, doktory a\u017e po t\u00fdmov\u00e9 mana\u017eery. Pohled do z\u00e1kulis\u00ed n\u00e1m nab\u00edz\u00ed rozhovor s dlouholet\u00fdm mechanikem \u010desk\u00e9 silni\u010dn\u00ed reprezentace Richardem \u0160m\u00eddou.<\/p>\n\n\n\n<p>Je den p\u0159ed z\u00e1vody a r\u00e1no je klasick\u00fd \u0161rumec. Brzk\u00e1 sn\u00eddan\u011b, mechanici chystaj\u00ed kola na tr\u00e9nink, mas\u00e9\u0159i pit\u00ed do bidon\u016f, tra\u0165ovky a dal\u0161\u00ed pot\u0159ebn\u00e9 v\u011bci. Kdo je v tomto realiza\u010dn\u00edm t\u00fdmu nep\u0159ehlednuteln\u00e1 postava a ikona reprezentace? Dvoumetrov\u00fd mechanik \u010desk\u00e9ho reprezenta\u010dn\u00edho t\u00fdmu, odchovanec prost\u011bjovsk\u00e9 cyklistiky Richard \u0160m\u00edda zvan\u00fd \u201e\u0160m\u00ed\u010f\u00e1k&#8221;.<\/p>\n\n\n\n<p><strong>R\u00ed\u0161o, po kolik\u00e1t\u00e9 jsi vlastn\u011b na vrcholn\u00e9 akci s reprezentac\u00ed?<\/strong><\/p>\n\n\n\n<p><em>No, nem\u00e1m to p\u0159esn\u011b spo\u010d\u00edtan\u00e9, ale na mistrovstv\u00ed sv\u011bta jsem byl asi osmkr\u00e1t, na mistrovstv\u00ed Evropy \u0161estkr\u00e1t a jednou na Olympijsk\u00fdch hr\u00e1ch v Tokiu.<\/em><\/p>\n\n\n\n<p><br><strong>Jak\u00e9 MS bylo pro tebe to prvn\u00ed?<\/strong><\/p>\n\n\n\n<p><em>Bylo to MS v Richmondu v USA, tam vlastn\u011b vyhr\u00e1l Slov\u00e1k Peter Sagan.<\/em><\/p>\n\n\n\n<p><strong>Jak bere\u0161 takov\u00fd reprezenta\u010dn\u00ed v\u00fdjezd, co to pro tebe znamen\u00e1?<\/strong><\/p>\n\n\n\n<p><em>A\u0165 jsou to OH nebo v\u0161echna mistrovstv\u00ed, jedn\u00e1 se o akce, kter\u00e9 jsou vrcholem pro v\u0161echny, jak pro z\u00e1vodn\u00edky, tak pro n\u00e1s, co jsme v realiza\u010dn\u00edm t\u00fdmu. \u010clov\u011bk se mus\u00ed p\u0159ipravit co nejl\u00e9pe a nechat tam, jak se \u0159\u00edk\u00e1, v\u0161echno.<\/em><\/p>\n\n\n\n<p><br><strong>Co t\u011b nejv\u00edce t\u011b\u0161\u00ed na z\u00e1vodech nebo m\u00e1\u0161 n\u011bjak\u00fd specifick\u00fd emo\u010dn\u00ed z\u00e1\u017eitek?<\/strong><\/p>\n\n\n\n<p><em>Tak pro m\u011b je v\u017edy emotivn\u00ed to, kdy\u017e se vrac\u00edme dom\u016f s n\u011bjak\u00fdm skv\u011bl\u00fdm v\u00fdsledkem. Je jasn\u00e9, \u017ee medaile je nejen pro sportovce, ale i pro n\u00e1s to nejcen\u011bj\u0161\u00ed. Stra\u0161n\u011b moc to sportovc\u016fm p\u0159ejeme, a kdy\u017e se s n\u00e1mi d\u011bl\u00ed o jejich radost, co\u017e tak v\u011bt\u0161inou je, v\u017edy jsme skv\u011bl\u00e1 parta, tak to je to nejv\u00edc, medaile, \u00fasp\u011bch, radost z dob\u0159e odveden\u00e9 pr\u00e1ce. Nav\u00edc v reprezentaci jsme opravdu super t\u00fdm.<\/em><\/p>\n\n\n\n<p><br><strong>Kdo je tu tv\u016fj nejv\u011bt\u0161\u00ed &#8220;par\u0165\u00e1k&#8221;? Nebo s k\u00fdm t\u0159eba nej\u010dast\u011bji sp\u00e1v\u00e1\u0161 na pokoji?<\/strong><\/p>\n\n\n\n<p><em>To je p\u0159ece jasn\u00e9, s mas\u00e9rem \u201ePer\u0148asem\u201c (Josefem Pern\u00fdm), ale v\u0161echny kluky m\u00e1m r\u00e1d jako \u201epes\u201c.<\/em> <em>Od mechanik\u016f po\u010d\u00ednaje, tj. Libora Maisnera, Karla Slez\u00e1\u010dka, m\u00e9ho syna Martina, p\u0159es mas\u00e9ry Petra Vop\u00e1lku, Jana \u010cu\u0159\u00edna, Michala Frant\u00edka nebo doktora Roberta V\u00e1lku \u010di Ale\u0161e Krou\u017eeck\u00e9ho. Nav\u00edc tren\u00e9r Tom\u00e1\u0161 Kone\u010dn\u00fd je opravdu super \u010dlov\u011bk, b\u00fdval\u00fd z\u00e1vo\u010f\u00e1k a pro m\u011b osobn\u011b skv\u011bl\u00fd \u0161\u00e9f tren\u00e9r. V\u017edy m\u00e1 v\u0161echno dokonale p\u0159ipraven\u00e9 a dr\u017e\u00ed, jak se \u0159\u00edk\u00e1 lajnu, v\u0161e je jasn\u011b dan\u00e9. Bude se mi po tomto t\u00fdmu jednou st\u00fdskat.<\/em><\/p>\n\n\n\n<figure class=\"wp-block-image size-large\"><img loading=\"lazy\" decoding=\"async\" width=\"1024\" height=\"768\" src=\"https:\/\/www.czechcyclingfederation.com\/wp-content\/uploads\/2022\/07\/thumbnail_Image-3-1024x768.jpg\" alt=\"\" class=\"wp-image-12720\" srcset=\"https:\/\/www.czechcyclingfederation.com\/wp-content\/uploads\/2022\/07\/thumbnail_Image-3-1024x768.jpg 1024w, https:\/\/www.czechcyclingfederation.com\/wp-content\/uploads\/2022\/07\/thumbnail_Image-3-267x200.jpg 267w, https:\/\/www.czechcyclingfederation.com\/wp-content\/uploads\/2022\/07\/thumbnail_Image-3-768x576.jpg 768w, https:\/\/www.czechcyclingfederation.com\/wp-content\/uploads\/2022\/07\/thumbnail_Image-3.jpg 1280w\" sizes=\"auto, (max-width: 1024px) 100vw, 1024px\" \/><\/figure>\n\n\n\n<p><strong>Co Olympi\u00e1da? Jak\u00e1 byla?<\/strong><\/p>\n\n\n\n<p><em>Specifick\u00e1, jin\u00e1, emo\u010dn\u00ed, ale kr\u00e1sn\u00e1. Dokonce i tam jsme se zasm\u00e1li. Jsem r\u00e1d, \u017ee jsem na OH s kluky byl.<\/em><\/p>\n\n\n\n<p><br><strong>A jsou i smutn\u00e9 nebo stresuj\u00edc\u00ed okam\u017eiky v cyklistice obecn\u011b?<\/strong><\/p>\n\n\n\n<p><em>No odbo\u010d\u00edm od reprezenta\u010dn\u00edho v\u00fdjezdu. Ten nejemotivn\u011bj\u0161\u00ed jsem za\u017eil asi letos na ja\u0159e p\u0159i \u010cesk\u00e9m poh\u00e1ru v Kyjov\u011b, kdy jsem doslova zachra\u0148oval hol\u00fd \u017eivot jednomu Rakousk\u00e9mu z\u00e1vodn\u00edkovi. Dostal jsem se k t\u00e9to situaci a z\u00e1vodn\u00edkovi jako prvn\u00ed. Z\u00e1vodn\u00edk vrazil do stoj\u00edc\u00edho auta a prol\u00e9tl zadn\u00edm oknem do auta a po\u0159ezal se u toho na krku a j\u00e1 mu d\u00e1val prvn\u00ed pomoc a vlastn\u011b jsem mu dr\u017eel posti\u017een\u00e9 m\u00edsto na krku. Pomoci druh\u00e9mu beru jako samoz\u0159ejmost, to by m\u011bl ud\u011blat ka\u017ed\u00fd \u010dlov\u011bk bez v\u00e1h\u00e1n\u00ed. Ov\u0161em byl to hr\u016fzn\u00fd z\u00e1\u017eitek. Jsem r\u00e1d, \u017ee cyklista byl zachr\u00e1n\u011bn. Nav\u00edc mi po n\u00e1vratu z nemocnice napsal a pod\u011bkoval mi, toho si moc v\u00e1\u017e\u00edm.<\/em><\/p>\n\n\n\n<p><br><strong>Olomouck\u00fd kraj, m\u011bsto Prost\u011bjov je cyklistick\u00e9 m\u011bsto. Ty se cyklistikou i \u017eiv\u00ed\u0161 mimo reprezentaci. Je to tak?<\/strong><\/p>\n\n\n\n<p><em>Je to tak. M\u00e1m cyklistickou prodejnu a servis v Prost\u011bjov\u011b. V zim\u011b nav\u00edc p\u016fj\u010dujeme je\u0161t\u011b ly\u017ee.<\/em> <em>Tak\u00e9 ob\u010das jezd\u00edm jako mechanik i s prost\u011bjovsk\u00fdm t\u00fdmem.<\/em><\/p>\n\n\n\n<p><br><strong>Leto\u0161n\u00ed ME v Portugalsku, jak to bere\u0161?<\/strong><\/p>\n\n\n\n<p><em>Jsem za \u00fa\u010dast r\u00e1d. Je tu op\u011bt super parta lid\u00ed a i skv\u011bl\u00ed z\u00e1vodn\u00edci, kter\u00fdm moc p\u0159eji \u00fasp\u011bch. A jinak je tu p\u011bkn\u00e9 teplo.<\/em><\/p>\n\n\n\n<p><strong>Co by jsi cht\u011bl \u0159\u00edci z\u00e1v\u011brem?<\/strong><\/p>\n\n\n\n<p><em>Cht\u011bl bych pod\u011bkovat sv\u00fdm bl\u00edzk\u00fdm. Bez\u00a0podpory rodiny a man\u017eelky by ani mechanika u n\u00e1ro\u010f\u00e1ku a v\u016fbec u cyklistiky d\u011blat ne\u0161lo. Budete se divit, naposledy jsem byl na dovolen\u00e9 s rodinou, kdy\u017e Martin (dnes tak\u00e9 mechanik n\u00e1ro\u010f\u00e1ku) m\u011bl t\u0159i roky.<\/em><\/p>\n","protected":false},"excerpt":{"rendered":"<p>Aktu\u00e1ln\u011b prob\u00edh\u00e1 mistrovstv\u00ed Evropy pro kategorie junior\u016f a U23 v Anadii (Portugalsko). Bajkery vyst\u0159\u00eddali silni\u010d\u00e1\u0159i a pot\u00e9 si p\u0159ijdou na sv\u00e9 i dr\u00e1ha\u0159i. T\u011bmi, kte\u0159\u00ed jsou na t\u011bchto akc\u00edch nejv\u00edce vid\u011bt, jsou pochopiteln\u011b z\u00e1vodn\u00edci, p\u0159\u00edpadn\u011b tren\u00e9\u0159i. Ov\u0161em realiza\u010dn\u00ed t\u00fdmy jsou podstatn\u011b \u0161ir\u0161\u00ed, od mechanik\u016f, p\u0159es mas\u00e9ry, doktory a\u017e po t\u00fdmov\u00e9 mana\u017eery. Pohled do z\u00e1kulis\u00ed n\u00e1m [&hellip;]<\/p>\n","protected":false},"author":1,"featured_media":12719,"comment_status":"closed","ping_status":"open","sticky":false,"template":"","format":"standard","meta":{"footnotes":""},"categories":[17,2,18],"tags":[11],"class_list":["post-12718","post","type-post","status-publish","format-standard","has-post-thumbnail","hentry","category-discipliny","category-novinky","category-silnice","tag-silnice"],"_links":{"self":[{"href":"https:\/\/www.czechcyclingfederation.com\/en\/wp-json\/wp\/v2\/posts\/12718","targetHints":{"allow":["GET"]}}],"collection":[{"href":"https:\/\/www.czechcyclingfederation.com\/en\/wp-json\/wp\/v2\/posts"}],"about":[{"href":"https:\/\/www.czechcyclingfederation.com\/en\/wp-json\/wp\/v2\/types\/post"}],"author":[{"embeddable":true,"href":"https:\/\/www.czechcyclingfederation.com\/en\/wp-json\/wp\/v2\/users\/1"}],"replies":[{"embeddable":true,"href":"https:\/\/www.czechcyclingfederation.com\/en\/wp-json\/wp\/v2\/comments?post=12718"}],"version-history":[{"count":1,"href":"https:\/\/www.czechcyclingfederation.com\/en\/wp-json\/wp\/v2\/posts\/12718\/revisions"}],"predecessor-version":[{"id":12721,"href":"https:\/\/www.czechcyclingfederation.com\/en\/wp-json\/wp\/v2\/posts\/12718\/revisions\/12721"}],"wp:featuredmedia":[{"embeddable":true,"href":"https:\/\/www.czechcyclingfederation.com\/en\/wp-json\/wp\/v2\/media\/12719"}],"wp:attachment":[{"href":"https:\/\/www.czechcyclingfederation.com\/en\/wp-json\/wp\/v2\/media?parent=12718"}],"wp:term":[{"taxonomy":"category","embeddable":true,"href":"https:\/\/www.czechcyclingfederation.com\/en\/wp-json\/wp\/v2\/categories?post=12718"},{"taxonomy":"post_tag","embeddable":true,"href":"https:\/\/www.czechcyclingfederation.com\/en\/wp-json\/wp\/v2\/tags?post=12718"}],"curies":[{"name":"wp","href":"https:\/\/api.w.org\/{rel}","templated":true}]}}