{"id":12620,"date":"2022-06-30T12:19:33","date_gmt":"2022-06-30T10:19:33","guid":{"rendered":"https:\/\/www.czechcyclingfederation.com\/?p=12620"},"modified":"2022-06-30T12:19:34","modified_gmt":"2022-06-30T10:19:34","slug":"na-olympiade-deti-a-mladeze-nejuspesnejsim-cyklistou-tesarik","status":"publish","type":"post","link":"https:\/\/www.czechcyclingfederation.com\/en\/na-olympiade-deti-a-mladeze-nejuspesnejsim-cyklistou-tesarik\/","title":{"rendered":"Na Olympi\u00e1d\u011b d\u011bt\u00ed a ml\u00e1de\u017ee nej\u00fasp\u011b\u0161n\u011bj\u0161\u00edm cyklistou Tesa\u0159\u00edk"},"content":{"rendered":"\n<p>Celkem dvacet sportovn\u00edch odv\u011btv\u00ed, nechyb\u011bla pochopiteln\u011b ani cyklistika, to byla Olympi\u00e1da d\u011bt\u00ed a ml\u00e1de\u017ee v Olomouck\u00e9m kraji. Na 4000 mlad\u00fdch sportovc\u016f ze \u010dtrn\u00e1cti kraj\u016f \u010cesk\u00e9 republiky si vyzkou\u0161elo velk\u00fd sportovn\u00ed sv\u00e1tek. Cyklist\u00e9 sout\u011b\u017eili v kombinaci discipl\u00edn BMX, dr\u00e1ha, MTB, z\u00e1vodilo se na Velodromu Prost\u011bjov a Uni\u010dov hostil cross country a BMX. A nej\u00fasp\u011b\u0161n\u011bj\u0161\u00edm byl z\u00e1vodn\u00edk celku Mapei Merida Ka\u0148kovsk\u00fd Jakub Tesa\u0159\u00edk, kter\u00fd do medailov\u00e9 sb\u00edrky Olomouck\u00e9ho kraje p\u0159isp\u011bl t\u0159emi zlat\u00fdmi a jednou st\u0159\u00edbrnou medail\u00ed.<\/p>\n\n\n\n<p>&#8220;Olympi\u00e1da se mi moc l\u00edbila jak z\u00e1vod v cross country tak bikros se jel na kr\u00e1sn\u00e9 trati. Se ziskem medail\u00ed jsem moc spokojen, rozhodn\u011b jsem ne\u010dekal \u017ee budu tolikr\u00e1t na stupn\u00edch v\u00edt\u011bz\u016f, po\u010d\u00edtal jsem s t\u00edm, \u017ee vyhraji tak jednu medaili. Konkurence byla v\u00edcem\u00e9n\u011b stejn\u00e1 jako na z\u00e1vodech \u010cesk\u00e9ho poh\u00e1ru a mus\u00edm moc pod\u011bkovat tren\u00e9rovi Ji\u0159\u00edmu Ka\u0148kovsk\u00e9mu, kter\u00fd m\u011b na z\u00e1vody v\u00fdborn\u011b p\u0159ipravil,&#8221; \u0159ekl Jakub Tesa\u0159\u00edk<\/p>\n\n\n\n<p>Spokojen se st\u0159\u00edbrem z cross country byl tak\u00e9 Kry\u0161tof Ba\u017eant (Libereck\u00fd kraj), jinak z\u00e1vod\u00edc\u00ed za TJ Sokol \u2013 Plavy Cyklo Benda. &#8220;Ur\u010dit\u011b to byl pro m\u011b velk\u00fd \u017e\u00e1\u017eitek. Tolik sportovc\u016f na jednom m\u00edst\u011b a j\u00e1 mezi nimi. Bylo to velk\u00e9, ur\u010dit\u011b v\u011bt\u0161\u00ed jak \u010cesk\u00e9 poh\u00e1ry a st\u0159\u00edbro m\u011b pot\u011b\u0161ilo. V posledn\u00edm kole jsem m\u011bl p\u00e1d a to rozhodlo, \u017ee Pavel \u0160ump\u00edk se mohl radovat ze zlata,&#8221; \u0159ekl Kry\u0161tof Ba\u017eant, ale podle n\u011bj ide\u00e1ln\u00ed a \u00fapln\u011b \u0161\u0165astn\u00e9 asi nebylo slo\u017een\u00ed discipl\u00edn. V Libereck\u00e9m kraji nen\u00ed \u017e\u00e1dn\u00e1 dr\u00e1ha ani okruh na BMX, tak\u017ee to v\u016fbec nejezd\u00edme a nem\u00e1me na to ani kola. Lep\u0161\u00ed by byla asi kombinace horsk\u00e9 kolo &#8211; silnice, toto bylo asi a\u017e p\u0159\u00edli\u0161 exotick\u00e9.&#8221;<\/p>\n\n\n\n<p>V\u00fdsledky:<\/p>\n\n\n\n<p>MTB:<\/p>\n\n\n\n<p>Kadeti:<\/p>\n\n\n\n<p>1. \u0160ump\u00edk (Pardubick\u00fd kraj) 42:15, 2. Ba\u017eant (Libereck\u00fd kraj) +18, 3. Friedel (Moravskoslezsk\u00fd kraj) +21.<\/p>\n\n\n\n<p>Kadetky:<\/p>\n\n\n\n<p>1. Gottwaldov\u00e1 (Jihomoravsk\u00fd kraj) 42:37, 2. Du\u0161kov\u00e1 (Libereck\u00fd kraj) +20, 3. Vikov\u00e1 (Hlavn\u00ed m\u011bsto Praha) +28.<\/p>\n\n\n\n<p>Star\u0161\u00ed \u017e\u00e1ci:<\/p>\n\n\n\n<p>1. Lehk\u00fd (Plze\u0148sk\u00fd kraj) 28:32, 2. Tesa\u0159\u00edk (Olomouck\u00fd kraj) +3, 3. Icha (St\u0159edo\u010desk\u00fd kraj) +10.<\/p>\n\n\n\n<p>Star\u0161\u00ed \u017e\u00e1kyn\u011b:<\/p>\n\n\n\n<p>1. Grohov\u00e1 (Plze\u0148sk\u00fd kraj) 31:13, 2. Slukov\u00e1 (St\u0159edo\u010desk\u00fd kraj) +38, 3. Bukovsk\u00e1 (Moravskoslezsk\u00fd kraj) 46.<\/p>\n\n\n\n<p>Scratch:<\/p>\n\n\n\n<p>Kadeti:<\/p>\n\n\n\n<p>1. Kotschy (Plze\u0148sk\u00fd kraj), 2. Peterka (Karlovarsk\u00fd kraj), 3. Poda\u0159il (Hlavn\u00ed m\u011bsto Praha)-<\/p>\n\n\n\n<p>Kadetky:<\/p>\n\n\n\n<p>1. N. Ka\u0148kovsk\u00e1 (Olomouck\u00fd kraj), 2. Strakat\u00e1 (Hlavn\u00ed m\u011bsto Praha), 3. Jadrn\u00e1 (Jihomoravsk\u00fd kraj).<\/p>\n\n\n\n<p>Star\u0161\u00ed \u017e\u00e1ci:<\/p>\n\n\n\n<p>1. Tesa\u0159\u00edk (Olomouck\u00fd kraj), 2. Hub\u00e1\u010dek (Jihomoravsk\u00fd kraj), 3. Hasal (Hlavn\u00ed m\u011bsto Praha).<\/p>\n\n\n\n<p>Star\u0161\u00ed \u017e\u00e1kyn\u011b:<\/p>\n\n\n\n<p>1. Jaro\u0161ov\u00e1 (Olomouck\u00fd kraj), 2. Bene\u0161ov\u00e1&nbsp;&nbsp; (Jihomoravsk\u00fd kraj), 3. Kr\u00e1tk\u00e1 (Pardubick\u00fd kraj).<\/p>\n\n\n\n<p>500 m s pevn\u00fdm startem:<\/p>\n\n\n\n<p>Kadeti:<\/p>\n\n\n\n<p>1. Peterka (Karlovarsk\u00fd kraj) 31,874, 2. Svit\u00e1k (Zl\u00ednsk\u00fd kraj) 32,447, 3. Pe\u0161ek (Plze\u0148sk\u00fd kraj) 33,258.<\/p>\n\n\n\n<p>Kadetky:<\/p>\n\n\n\n<p>1. Vikov\u00e1 (Hlavn\u00ed m\u011bsto Praha) 36,344, 2. N. Ka\u0148kovsk\u00e1 36,690, 3. A. Gottwaldov\u00e1 37,146.<\/p>\n\n\n\n<p>Star\u0161\u00ed \u017e\u00e1ci:<\/p>\n\n\n\n<p>1. Tesa\u0159\u00edk 34,738, 2. Janovsk\u00fd (Kr\u00e1lov\u00e9hradeck\u00fd kraj) 35,124, 3. Icha&nbsp;&nbsp;&nbsp;&nbsp;&nbsp;&nbsp;&nbsp;&nbsp;&nbsp;&nbsp;&nbsp; 35,466.<\/p>\n\n\n\n<p>Star\u0161\u00ed \u017e\u00e1kyn\u011b:<\/p>\n\n\n\n<p>1. Jaro\u0161ov\u00e1 36,354, 2. Bene\u0161ov\u00e1 37,840, 3. K\u0159upalov\u00e1 (Zl\u00ednsk\u00fd kraj) 37,895.<\/p>\n\n\n\n<p>St\u00edhac\u00ed z\u00e1vod na 2 km:<\/p>\n\n\n\n<p>Kadeti:<\/p>\n\n\n\n<p>1. Pe\u0161ek 2:34,346, 2. Poda\u0159il 2:35,161, 3. \u0160ump\u00edk 2:38,590.&nbsp;&nbsp;&nbsp;&nbsp;&nbsp;&nbsp;<\/p>\n\n\n\n<p>Kadetky:<\/p>\n\n\n\n<p>1. N. Ka\u0148kovsk\u00e1 2:52,343, 2. Strakat\u00e1 2:58,915, 3. Kova\u0159\u00edkov\u00e1 (\u00dasteck\u00fd kraj) 3:00,682.<\/p>\n\n\n\n<p>Star\u0161\u00ed \u017e\u00e1ci:<\/p>\n\n\n\n<p>1. Tesa\u0159\u00edk 2:49,439, 2. Icha 2:53,670, 3. Janovsk\u00fd 2:56,912.<\/p>\n\n\n\n<p>Star\u0161\u00ed \u017e\u00e1kyn\u011b:<\/p>\n\n\n\n<p>1. Grohov\u00e1 3:00,234, 2. Kr\u00e1tk\u00e1 3:03,143, 3. Jaro\u0161ov\u00e1 3:11,011.<\/p>\n\n\n\n<p>BMX:<\/p>\n\n\n\n<p>Kadeti:<\/p>\n\n\n\n<p>1. Cidlinsk\u00fd (St\u0159edo\u010desk\u00fd kraj), 2. Huf (Olomouck\u00fd kraj), 3. Po\u0159\u00edzek (Hlavn\u00ed m\u011bsto Praha).<\/p>\n\n\n\n<p>Kadetky:<\/p>\n\n\n\n<p>1. Sta\u0148ov\u00e1 (Olomouck\u00fd kraj), 2. Vikov\u00e1, 3. A. Gottwaldov\u00e1.<\/p>\n\n\n\n<p>Star\u0161\u00ed \u017e\u00e1ci:<\/p>\n\n\n\n<p>1. Be\u010dka&nbsp;&nbsp;&nbsp;&nbsp;&nbsp;&nbsp;&nbsp; (\u00dasteck\u00fd kraj), 2. \u017derava (Olomouck\u00fd kraj), 3. Fajmon (Kraj Vyso\u010dina).<\/p>\n\n\n\n<p>Star\u0161\u00ed \u017e\u00e1kyn\u011b:<\/p>\n\n\n\n<p>1. Grohov\u00e1, 2. Lienertov\u00e1 (Hlavn\u00ed m\u011bsto Praha), 3. Faltysov\u00e1 (St\u0159edo\u010desk\u00fd kraj).<\/p>\n\n\n\n<figure class=\"wp-block-image size-large\"><img loading=\"lazy\" decoding=\"async\" width=\"1024\" height=\"832\" src=\"http:\/\/www.czechcyclingfederation.com\/wp-content\/uploads\/2022\/06\/c96e442a-e780-4c25-ae47-fa855414527c.jpg\" alt=\"\" class=\"wp-image-12625\" srcset=\"https:\/\/www.czechcyclingfederation.com\/wp-content\/uploads\/2022\/06\/c96e442a-e780-4c25-ae47-fa855414527c.jpg 1024w, https:\/\/www.czechcyclingfederation.com\/wp-content\/uploads\/2022\/06\/c96e442a-e780-4c25-ae47-fa855414527c-246x200.jpg 246w, https:\/\/www.czechcyclingfederation.com\/wp-content\/uploads\/2022\/06\/c96e442a-e780-4c25-ae47-fa855414527c-768x624.jpg 768w\" sizes=\"auto, (max-width: 1024px) 100vw, 1024px\" \/><\/figure>\n\n\n\n<figure class=\"wp-block-image size-large\"><img loading=\"lazy\" decoding=\"async\" width=\"1024\" height=\"610\" src=\"http:\/\/www.czechcyclingfederation.com\/wp-content\/uploads\/2022\/06\/fab456ea-9057-4b75-9512-7ff9038f2005.jpg\" alt=\"\" class=\"wp-image-12626\" srcset=\"https:\/\/www.czechcyclingfederation.com\/wp-content\/uploads\/2022\/06\/fab456ea-9057-4b75-9512-7ff9038f2005.jpg 1024w, https:\/\/www.czechcyclingfederation.com\/wp-content\/uploads\/2022\/06\/fab456ea-9057-4b75-9512-7ff9038f2005-300x179.jpg 300w, https:\/\/www.czechcyclingfederation.com\/wp-content\/uploads\/2022\/06\/fab456ea-9057-4b75-9512-7ff9038f2005-768x458.jpg 768w\" sizes=\"auto, (max-width: 1024px) 100vw, 1024px\" \/><\/figure>\n\n\n\n<figure class=\"wp-block-image size-large\"><img loading=\"lazy\" decoding=\"async\" width=\"1024\" height=\"634\" src=\"http:\/\/www.czechcyclingfederation.com\/wp-content\/uploads\/2022\/06\/a8ac5986-4b80-499e-ba55-92a0a2e6f7a0.jpg\" alt=\"\" class=\"wp-image-12624\" srcset=\"https:\/\/www.czechcyclingfederation.com\/wp-content\/uploads\/2022\/06\/a8ac5986-4b80-499e-ba55-92a0a2e6f7a0.jpg 1024w, https:\/\/www.czechcyclingfederation.com\/wp-content\/uploads\/2022\/06\/a8ac5986-4b80-499e-ba55-92a0a2e6f7a0-300x186.jpg 300w, https:\/\/www.czechcyclingfederation.com\/wp-content\/uploads\/2022\/06\/a8ac5986-4b80-499e-ba55-92a0a2e6f7a0-768x476.jpg 768w\" sizes=\"auto, (max-width: 1024px) 100vw, 1024px\" \/><\/figure>\n\n\n\n<figure class=\"wp-block-image size-large\"><img loading=\"lazy\" decoding=\"async\" width=\"1024\" height=\"768\" src=\"http:\/\/www.czechcyclingfederation.com\/wp-content\/uploads\/2022\/06\/382fcbdd-e6c3-4982-9b67-5172d6c4447f.jpg\" alt=\"\" class=\"wp-image-12623\" srcset=\"https:\/\/www.czechcyclingfederation.com\/wp-content\/uploads\/2022\/06\/382fcbdd-e6c3-4982-9b67-5172d6c4447f.jpg 1024w, https:\/\/www.czechcyclingfederation.com\/wp-content\/uploads\/2022\/06\/382fcbdd-e6c3-4982-9b67-5172d6c4447f-267x200.jpg 267w, https:\/\/www.czechcyclingfederation.com\/wp-content\/uploads\/2022\/06\/382fcbdd-e6c3-4982-9b67-5172d6c4447f-768x576.jpg 768w\" sizes=\"auto, (max-width: 1024px) 100vw, 1024px\" \/><\/figure>\n","protected":false},"excerpt":{"rendered":"<p>Celkem dvacet sportovn\u00edch odv\u011btv\u00ed, nechyb\u011bla pochopiteln\u011b ani cyklistika, to byla Olympi\u00e1da d\u011bt\u00ed a ml\u00e1de\u017ee v Olomouck\u00e9m kraji. Na 4000 mlad\u00fdch sportovc\u016f ze \u010dtrn\u00e1cti kraj\u016f \u010cesk\u00e9 republiky si vyzkou\u0161elo velk\u00fd sportovn\u00ed sv\u00e1tek. Cyklist\u00e9 sout\u011b\u017eili v kombinaci discipl\u00edn BMX, dr\u00e1ha, MTB, z\u00e1vodilo se na Velodromu Prost\u011bjov a Uni\u010dov hostil cross country a BMX. A nej\u00fasp\u011b\u0161n\u011bj\u0161\u00edm byl z\u00e1vodn\u00edk [&hellip;]<\/p>\n","protected":false},"author":8,"featured_media":12622,"comment_status":"closed","ping_status":"open","sticky":false,"template":"","format":"standard","meta":{"footnotes":""},"categories":[2,65],"tags":[169],"class_list":["post-12620","post","type-post","status-publish","format-standard","has-post-thumbnail","hentry","category-novinky","category-subdisciplina","tag-ostatni"],"_links":{"self":[{"href":"https:\/\/www.czechcyclingfederation.com\/en\/wp-json\/wp\/v2\/posts\/12620","targetHints":{"allow":["GET"]}}],"collection":[{"href":"https:\/\/www.czechcyclingfederation.com\/en\/wp-json\/wp\/v2\/posts"}],"about":[{"href":"https:\/\/www.czechcyclingfederation.com\/en\/wp-json\/wp\/v2\/types\/post"}],"author":[{"embeddable":true,"href":"https:\/\/www.czechcyclingfederation.com\/en\/wp-json\/wp\/v2\/users\/8"}],"replies":[{"embeddable":true,"href":"https:\/\/www.czechcyclingfederation.com\/en\/wp-json\/wp\/v2\/comments?post=12620"}],"version-history":[{"count":1,"href":"https:\/\/www.czechcyclingfederation.com\/en\/wp-json\/wp\/v2\/posts\/12620\/revisions"}],"predecessor-version":[{"id":12627,"href":"https:\/\/www.czechcyclingfederation.com\/en\/wp-json\/wp\/v2\/posts\/12620\/revisions\/12627"}],"wp:featuredmedia":[{"embeddable":true,"href":"https:\/\/www.czechcyclingfederation.com\/en\/wp-json\/wp\/v2\/media\/12622"}],"wp:attachment":[{"href":"https:\/\/www.czechcyclingfederation.com\/en\/wp-json\/wp\/v2\/media?parent=12620"}],"wp:term":[{"taxonomy":"category","embeddable":true,"href":"https:\/\/www.czechcyclingfederation.com\/en\/wp-json\/wp\/v2\/categories?post=12620"},{"taxonomy":"post_tag","embeddable":true,"href":"https:\/\/www.czechcyclingfederation.com\/en\/wp-json\/wp\/v2\/tags?post=12620"}],"curies":[{"name":"wp","href":"https:\/\/api.w.org\/{rel}","templated":true}]}}