{"id":12591,"date":"2022-06-28T07:00:00","date_gmt":"2022-06-28T05:00:00","guid":{"rendered":"https:\/\/www.czechcyclingfederation.com\/?p=12591"},"modified":"2022-06-27T12:44:15","modified_gmt":"2022-06-27T10:44:15","slug":"mistrovstvi-republiky-v-trialu","status":"publish","type":"post","link":"https:\/\/www.czechcyclingfederation.com\/en\/mistrovstvi-republiky-v-trialu\/","title":{"rendered":"Mistrovstv\u00ed republiky v TRIALU"},"content":{"rendered":"\n<p>Leto\u0161n\u00ed mistrovstv\u00ed \u010cR v cyklotrialu se konalo v sobotu 18.6.2022 na trial parku ve st\u0159edo\u010desk\u00e9 Sklence.<\/p>\n\n\n\n<p>Byl to vrcholn\u00fd z\u00e1vod \u010desk\u00e9 cyklotrialov\u00e9 sez\u00f3ny a z\u00e1rove\u0148 posledn\u00ed nomina\u010dn\u00ed z\u00e1vod na World Youth Games, kter\u00e9 jsou napl\u00e1novan\u00e9 na posledn\u00ed \u010dervencov\u00fd v\u00edkend. Pro uspo\u0159\u00e1dan\u00ed WYG bylo v leto\u0161n\u00edm roce vybr\u00e1no polsk\u00e9 m\u011bsto Wadowice.<\/p>\n\n\n\n<p>Jeliko\u017e se z\u00e1rove\u0148 soupe\u0159ilo i o tituly mistra \u010cR, byly nachyst\u00e1ny velice obt\u00ed\u017en\u00e9 sekce, kter\u00e9 v kombinaci s vysok\u00fdmi teplotami opravdu d\u016fkladn\u011b prov\u011b\u0159ily jak dovednosti, tak i fyzickou a psychickou p\u0159ipravenost z\u00e1vodn\u00edk\u016f. A pro toho, komu je\u0161t\u011b zbyly s\u00edly, byl na ned\u011bli nachyst\u00e1n voln\u00fd z\u00e1vod.<\/p>\n\n\n\n<figure class=\"wp-block-image size-large\"><img loading=\"lazy\" decoding=\"async\" width=\"1024\" height=\"577\" src=\"https:\/\/www.czechcyclingfederation.com\/wp-content\/uploads\/2022\/06\/94ae78ef-da35-43e4-8497-b0f9953f122b-1024x577.jpg\" alt=\"\" class=\"wp-image-12593\" srcset=\"https:\/\/www.czechcyclingfederation.com\/wp-content\/uploads\/2022\/06\/94ae78ef-da35-43e4-8497-b0f9953f122b-1024x577.jpg 1024w, https:\/\/www.czechcyclingfederation.com\/wp-content\/uploads\/2022\/06\/94ae78ef-da35-43e4-8497-b0f9953f122b-300x169.jpg 300w, https:\/\/www.czechcyclingfederation.com\/wp-content\/uploads\/2022\/06\/94ae78ef-da35-43e4-8497-b0f9953f122b-768x433.jpg 768w, https:\/\/www.czechcyclingfederation.com\/wp-content\/uploads\/2022\/06\/94ae78ef-da35-43e4-8497-b0f9953f122b-1536x866.jpg 1536w, https:\/\/www.czechcyclingfederation.com\/wp-content\/uploads\/2022\/06\/94ae78ef-da35-43e4-8497-b0f9953f122b-1320x744.jpg 1320w, https:\/\/www.czechcyclingfederation.com\/wp-content\/uploads\/2022\/06\/94ae78ef-da35-43e4-8497-b0f9953f122b.jpg 2048w\" sizes=\"auto, (max-width: 1024px) 100vw, 1024px\" \/><\/figure>\n\n\n\n<p>Velk\u00e9 pod\u011bkov\u00e1n\u00ed pat\u0159\u00ed po\u0159adateli, kter\u00fd p\u0159ipravil skv\u011blou celov\u00edkendovou akci na vysok\u00e9 \u00farovni.<\/p>\n\n\n\n<p>Skute\u010dnost, \u017ee se akce z\u00fa\u010dastnila stovka z\u00e1vodn\u00edk\u016f sv\u011bd\u010d\u00ed o tom, \u017ee \u010desk\u00fd cyklotrial m\u00e1 jasn\u011b vzestupn\u00fd trend.<\/p>\n\n\n\n<p>Pevn\u011b v\u011b\u0159\u00edme, \u017ee na\u0161i jezdci svou v\u00fdkonnost \u00fasp\u011b\u0161n\u011b z\u00faro\u010d\u00ed na sv\u011btov\u00e9 cyklotrialov\u00e9 sc\u00e9n\u011b.<\/p>\n\n\n\n<p><strong>Mistry \u010cR pro rok 2022 se stali:<\/strong><\/p>\n\n\n\n<p>&nbsp;Poussin&nbsp;<\/p>\n\n\n\n<p>Josef Buri\u00e1nek &#8211;&nbsp;\u00daAMK AMK Biketrial klub Olomouc<\/p>\n\n\n\n<p>Youth Girls<\/p>\n\n\n\n<p>Eli\u0161ka Ju\u0159\u00edkov\u00e1 &#8211;&nbsp;AVZO Biketrial Kyjov<\/p>\n\n\n\n<p>Girls&nbsp;<\/p>\n\n\n\n<p>Denisa Pech\u00e1\u010dkov\u00e1 &#8211;&nbsp;\u00daAMK Cyklo-trial klub St\u0159edn\u00ed \u010cechy<\/p>\n\n\n\n<p>Benajmin<\/p>\n\n\n\n<p>Maty\u00e1\u0161 Kettner &#8211;&nbsp;\u00daAMK \u010cesk\u00e9 Bud\u011bjovice<\/p>\n\n\n\n<p>Minime<\/p>\n\n\n\n<p>Franti\u0161ek Andrle &#8211;&nbsp;AVZO Biketrial Kyjov<\/p>\n\n\n\n<p>Cadet<\/p>\n\n\n\n<p>Jakub Kala\u0161 &#8211;&nbsp;\u00daAMK Cyklo-trial klub St\u0159edn\u00ed \u010cechy<\/p>\n\n\n\n<p>Junior 26\u201c<\/p>\n\n\n\n<p>Vojt\u011bch Kala\u0161 &#8211;&nbsp;\u00daAMK Cyklo-trial klub St\u0159edn\u00ed \u010cechy<\/p>\n\n\n\n<p>Junior 20\u201c<\/p>\n\n\n\n<p>Ren\u00e9 Vym\u011btal &#8211;&nbsp;\u00daAMK SK Biketrial Znojmo<\/p>\n\n\n\n<p>Elite 26\u201c<\/p>\n\n\n\n<p>Tom\u00e1\u0161 Vep\u0159ek &#8211;&nbsp;\u00daAMK AMK Biketrial klub Olomouc<\/p>\n\n\n\n<p>Elite 20\u201c<\/p>\n\n\n\n<p>V\u00e1clav Kol\u00e1\u0159 &#8211;\u00a0\u00daAMK AMK Biketrial Blansko<\/p>\n\n\n\n<figure class=\"wp-block-image size-large\"><img loading=\"lazy\" decoding=\"async\" width=\"1024\" height=\"768\" src=\"https:\/\/www.czechcyclingfederation.com\/wp-content\/uploads\/2022\/06\/e0ce85d1-39e9-4cab-ae6b-c06cd985d305-1024x768.jpg\" alt=\"\" class=\"wp-image-12594\" srcset=\"https:\/\/www.czechcyclingfederation.com\/wp-content\/uploads\/2022\/06\/e0ce85d1-39e9-4cab-ae6b-c06cd985d305-1024x768.jpg 1024w, https:\/\/www.czechcyclingfederation.com\/wp-content\/uploads\/2022\/06\/e0ce85d1-39e9-4cab-ae6b-c06cd985d305-267x200.jpg 267w, https:\/\/www.czechcyclingfederation.com\/wp-content\/uploads\/2022\/06\/e0ce85d1-39e9-4cab-ae6b-c06cd985d305-768x576.jpg 768w, https:\/\/www.czechcyclingfederation.com\/wp-content\/uploads\/2022\/06\/e0ce85d1-39e9-4cab-ae6b-c06cd985d305.jpg 1284w\" sizes=\"auto, (max-width: 1024px) 100vw, 1024px\" \/><\/figure>\n","protected":false},"excerpt":{"rendered":"<p>Leto\u0161n\u00ed mistrovstv\u00ed \u010cR v cyklotrialu se konalo v sobotu 18.6.2022 na trial parku ve st\u0159edo\u010desk\u00e9 Sklence. Byl to vrcholn\u00fd z\u00e1vod \u010desk\u00e9 cyklotrialov\u00e9 sez\u00f3ny a z\u00e1rove\u0148 posledn\u00ed nomina\u010dn\u00ed z\u00e1vod na World Youth Games, kter\u00e9 jsou napl\u00e1novan\u00e9 na posledn\u00ed \u010dervencov\u00fd v\u00edkend. Pro uspo\u0159\u00e1dan\u00ed WYG bylo v leto\u0161n\u00edm roce vybr\u00e1no polsk\u00e9 m\u011bsto Wadowice. Jeliko\u017e se z\u00e1rove\u0148 soupe\u0159ilo i [&hellip;]<\/p>\n","protected":false},"author":1,"featured_media":12592,"comment_status":"closed","ping_status":"open","sticky":false,"template":"","format":"standard","meta":{"footnotes":""},"categories":[17,6,2],"tags":[64],"class_list":["post-12591","post","type-post","status-publish","format-standard","has-post-thumbnail","hentry","category-discipliny","category-mtb","category-novinky","tag-trial"],"_links":{"self":[{"href":"https:\/\/www.czechcyclingfederation.com\/en\/wp-json\/wp\/v2\/posts\/12591","targetHints":{"allow":["GET"]}}],"collection":[{"href":"https:\/\/www.czechcyclingfederation.com\/en\/wp-json\/wp\/v2\/posts"}],"about":[{"href":"https:\/\/www.czechcyclingfederation.com\/en\/wp-json\/wp\/v2\/types\/post"}],"author":[{"embeddable":true,"href":"https:\/\/www.czechcyclingfederation.com\/en\/wp-json\/wp\/v2\/users\/1"}],"replies":[{"embeddable":true,"href":"https:\/\/www.czechcyclingfederation.com\/en\/wp-json\/wp\/v2\/comments?post=12591"}],"version-history":[{"count":1,"href":"https:\/\/www.czechcyclingfederation.com\/en\/wp-json\/wp\/v2\/posts\/12591\/revisions"}],"predecessor-version":[{"id":12595,"href":"https:\/\/www.czechcyclingfederation.com\/en\/wp-json\/wp\/v2\/posts\/12591\/revisions\/12595"}],"wp:featuredmedia":[{"embeddable":true,"href":"https:\/\/www.czechcyclingfederation.com\/en\/wp-json\/wp\/v2\/media\/12592"}],"wp:attachment":[{"href":"https:\/\/www.czechcyclingfederation.com\/en\/wp-json\/wp\/v2\/media?parent=12591"}],"wp:term":[{"taxonomy":"category","embeddable":true,"href":"https:\/\/www.czechcyclingfederation.com\/en\/wp-json\/wp\/v2\/categories?post=12591"},{"taxonomy":"post_tag","embeddable":true,"href":"https:\/\/www.czechcyclingfederation.com\/en\/wp-json\/wp\/v2\/tags?post=12591"}],"curies":[{"name":"wp","href":"https:\/\/api.w.org\/{rel}","templated":true}]}}