{"id":1258,"date":"2020-07-09T09:12:39","date_gmt":"2020-07-09T07:12:39","guid":{"rendered":"http:\/\/www.czechcyclingfederation.com\/?p=1258"},"modified":"2020-07-16T13:39:41","modified_gmt":"2020-07-16T11:39:41","slug":"bikeri-pojedou-o-medaile-v-peci-pod-snezkou","status":"publish","type":"post","link":"https:\/\/www.czechcyclingfederation.com\/en\/bikeri-pojedou-o-medaile-v-peci-pod-snezkou\/","title":{"rendered":"M\u010cR XCO v Peci pod Sn\u011b\u017ekou s post\u0159ehy organiz\u00e1tora"},"content":{"rendered":"\n<p>O medaile p\u0159i dom\u00e1c\u00edm \u0161ampion\u00e1tu budou bike\u0159i bojovat o v\u00edkendu v Peci pod Sn\u011b\u017ekou. P\u016fvodn\u011b se m\u011bl \u0161ampion\u00e1t uskute\u010dnit prakticky na z\u00e1v\u011br seri\u00e1lu Strabag Cupu, ale vzhledem ke koronavirov\u00e9 krizi se mistrovstv\u00ed uskute\u010dn\u00ed prakticky na jeho za\u010d\u00e1tku, kdy\u017e z\u00e1vodn\u00edci maj\u00ed za sebou zat\u00edm pouze z\u00e1vod p\u0159ed t\u00fddnem v M\u011bst\u011b Tou\u0161kov. <\/p>\n\n\n\n<p>Do Krkono\u0161 se \u0161ampion\u00e1t vrac\u00ed po dvou letech a okruh letos doznal zm\u011bnu v \u00favodn\u00ed \u010d\u00e1sti, kdy\u017e se nestartuje na silnici, ale p\u0159i zkr\u00e1cen\u00e9m n\u00e1jezdu ve startovn\u00ed i c\u00edlov\u00e9 br\u00e1n\u011b pod sjezdovkou Javor. Hned na \u00favod \u010dek\u00e1 na jezdce stoup\u00e1n\u00ed k chat\u011b Poustevn\u00edk, kde se d\u00e1 \u010dekat prvn\u00ed po\u0159\u00e1dn\u00e9 d\u011blen\u00ed startovn\u00edho pole. <\/p>\n\n\n\n<p><em>&#8220;Ten n\u00e1jezd je opravdu o v\u00fdkonnosti. V\u016fbec nerozhoduje zda jezdec startuje z prvn\u00ed nebo t\u0159eba t\u0159et\u00ed \u0159ady,&#8221; \u0159\u00edk\u00e1 \u0159editel z\u00e1vodu Jan Slav\u00ed\u010dek. Pot\u00e9 n\u00e1sleduje kles\u00e1n\u00ed po sjezdovce Javor se skokem, pak technick\u00e9 smy\u010dky v lese.&#8221; Pokud bude de\u0161\u0165iv\u00e9 po\u010das\u00ed, tak mokr\u00e9 ko\u0159eny ud\u011blaj\u00ed sv\u00e9. Kdy\u017e z\u00e1vodn\u00edk dokonale neovl\u00e1d\u00e1 kolo, tak mus\u00ed dolu a d\u00e1 se tam hodn\u011b z\u00edskat, ale i ztratit<\/em>,&#8221; pokra\u010duje Slav\u00ed\u010dek.<\/p>\n\n\n\n<p><em>&#8220;N\u00e1sleduje stoup\u00e1n\u00ed po asfaltu k chat\u011b Orl\u00edk, potom dva technick\u00e9 \u00faseky a dlouh\u00fd sjezd p\u0159ech\u00e1zej\u00edc\u00ed ve v\u00fdjezd a schody k horsk\u00e9 slu\u017eb\u011b a na z\u00e1v\u011br stoup\u00e1n\u00ed do depa, kde je posledn\u00ed \u00fasek kde lze set\u0159\u00e1st soupe\u0159e a potom ji\u017e rychle do c\u00edle,&#8221; <\/em>popisuje okruh t\u0159i kilometry dlouh\u00fd a se t\u0159emi obj\u00edzdn\u00fdmi trasami Slav\u00ed\u010dek.<\/p>\n\n\n\n<p>P\u0159ed dv\u011bma lety v Peci slavili mistrovsk\u00e9 tituly Jaroslav Kulhav\u00fd a Jitka \u010c\u00e1belick\u00e1 (tehdy je\u0161t\u011b \u0160karnitzlov\u00e1). P\u0159i lo\u0148sk\u00e9 Strabeg Cupu byli nejlep\u0161\u00ed Ond\u0159ej Cink a \u010c\u00e1belick\u00e1.<\/p>\n\n\n\n<p><em>&#8220;Kulhav\u00fd jako jedin\u00fd z dom\u00e1c\u00ed \u0161pi\u010dky chyb\u011bl p\u0159i gener\u00e1lce v M\u011bst\u011b Tou\u0161kov a jsem zv\u011bdav, zda dva roky star\u00fd titul dok\u00e1\u017ee obh\u00e1jit. Ka\u017edop\u00e1dn\u011b vzhledem k n\u00e1ro\u010dn\u00e9mu okruhu vyhraje jen dokonale p\u0159ipraven\u00fd z\u00e1vodn\u00edk \u010di z\u00e1vodnice,&#8221; <\/em>m\u00edn\u00ed Jan Slav\u00ed\u010dek, kter\u00fd v\u011b\u0159\u00ed, \u017ee krom\u011b po\u010detn\u00e9ho startovn\u00edho pole bude i po\u010detn\u00e1 div\u00e1ck\u00e1 kulisa, proto\u017ee v Krkono\u0161\u00edch je nyn\u00ed plno lid\u00ed.\u0160ampion\u00e1t za\u010dne ji\u017e v p\u00e1tek z\u00e1vodem \u0161tafet, hlavn\u00ed z\u00e1vody kategori\u00ed elite \u017een a mu\u017e\u016f startuj\u00ed v sobotu ve 13:30 resp. 15:30. Ned\u011bln\u00e9 program z\u00e1vod\u016f ml\u00e1de\u017enick\u00fdch kategori\u00ed vylep\u0161ili po\u0159adatel\u00e9 mistrovstv\u00edm \u010cR \u017een a mu\u017e\u016f z\u00e1vodem do vrchu se startem v 10:00. <em>&#8220;Ten se n\u00e1m poda\u0159ilo letos poprv\u00e9 zapsat do kalend\u00e1\u0159e UCI a jsem zv\u011bdav, zda nedoraz\u00ed z\u00edskat n\u011bjak\u00e9 body t\u0159eba i pol\u0161t\u00ed jezdci,&#8221;<\/em> pokra\u010doval Jan Slav\u00ed\u010dek, kter\u00fd o\u010dek\u00e1v\u00e1 kolem 800 startuj\u00edc\u00edch.<\/p>\n\n\n\n<figure class=\"wp-block-image size-large\"><img loading=\"lazy\" decoding=\"async\" width=\"1000\" height=\"667\" src=\"https:\/\/www.czechcyclingfederation.com\/wp-content\/uploads\/2020\/07\/g292-IMG-2519.jpg\" alt=\"\" class=\"wp-image-1259\" srcset=\"https:\/\/www.czechcyclingfederation.com\/wp-content\/uploads\/2020\/07\/g292-IMG-2519.jpg 1000w, https:\/\/www.czechcyclingfederation.com\/wp-content\/uploads\/2020\/07\/g292-IMG-2519-300x200.jpg 300w, https:\/\/www.czechcyclingfederation.com\/wp-content\/uploads\/2020\/07\/g292-IMG-2519-768x512.jpg 768w\" sizes=\"auto, (max-width: 1000px) 100vw, 1000px\" \/><\/figure>\n","protected":false},"excerpt":{"rendered":"<p>O medaile p\u0159i dom\u00e1c\u00edm \u0161ampion\u00e1tu budou bike\u0159i bojovat o v\u00edkendu v Peci pod Sn\u011b\u017ekou. P\u016fvodn\u011b se m\u011bl \u0161ampion\u00e1t uskute\u010dnit prakticky na z\u00e1v\u011br seri\u00e1lu Strabag Cupu, ale vzhledem ke koronavirov\u00e9 krizi se mistrovstv\u00ed uskute\u010dn\u00ed prakticky na jeho za\u010d\u00e1tku, kdy\u017e z\u00e1vodn\u00edci maj\u00ed za sebou zat\u00edm pouze z\u00e1vod p\u0159ed t\u00fddnem v M\u011bst\u011b Tou\u0161kov. Do Krkono\u0161 se \u0161ampion\u00e1t vrac\u00ed [&hellip;]<\/p>\n","protected":false},"author":2,"featured_media":1259,"comment_status":"closed","ping_status":"open","sticky":false,"template":"","format":"standard","meta":{"footnotes":""},"categories":[6,2],"tags":[10],"class_list":["post-1258","post","type-post","status-publish","format-standard","has-post-thumbnail","hentry","category-mtb","category-novinky","tag-mtb"],"_links":{"self":[{"href":"https:\/\/www.czechcyclingfederation.com\/en\/wp-json\/wp\/v2\/posts\/1258","targetHints":{"allow":["GET"]}}],"collection":[{"href":"https:\/\/www.czechcyclingfederation.com\/en\/wp-json\/wp\/v2\/posts"}],"about":[{"href":"https:\/\/www.czechcyclingfederation.com\/en\/wp-json\/wp\/v2\/types\/post"}],"author":[{"embeddable":true,"href":"https:\/\/www.czechcyclingfederation.com\/en\/wp-json\/wp\/v2\/users\/2"}],"replies":[{"embeddable":true,"href":"https:\/\/www.czechcyclingfederation.com\/en\/wp-json\/wp\/v2\/comments?post=1258"}],"version-history":[{"count":7,"href":"https:\/\/www.czechcyclingfederation.com\/en\/wp-json\/wp\/v2\/posts\/1258\/revisions"}],"predecessor-version":[{"id":1278,"href":"https:\/\/www.czechcyclingfederation.com\/en\/wp-json\/wp\/v2\/posts\/1258\/revisions\/1278"}],"wp:featuredmedia":[{"embeddable":true,"href":"https:\/\/www.czechcyclingfederation.com\/en\/wp-json\/wp\/v2\/media\/1259"}],"wp:attachment":[{"href":"https:\/\/www.czechcyclingfederation.com\/en\/wp-json\/wp\/v2\/media?parent=1258"}],"wp:term":[{"taxonomy":"category","embeddable":true,"href":"https:\/\/www.czechcyclingfederation.com\/en\/wp-json\/wp\/v2\/categories?post=1258"},{"taxonomy":"post_tag","embeddable":true,"href":"https:\/\/www.czechcyclingfederation.com\/en\/wp-json\/wp\/v2\/tags?post=1258"}],"curies":[{"name":"wp","href":"https:\/\/api.w.org\/{rel}","templated":true}]}}