{"id":1255,"date":"2020-07-09T09:10:33","date_gmt":"2020-07-09T07:10:33","guid":{"rendered":"http:\/\/www.czechcyclingfederation.com\/?p=1255"},"modified":"2020-07-16T13:39:41","modified_gmt":"2020-07-16T11:39:41","slug":"na-spicaku-se-pojede-mcr-ve-sjezdu","status":"publish","type":"post","link":"https:\/\/www.czechcyclingfederation.com\/en\/na-spicaku-se-pojede-mcr-ve-sjezdu\/","title":{"rendered":"Na \u0160pi\u010d\u00e1ku se pojede M\u010cR ve sjezdu"},"content":{"rendered":"\n<p>\u0160umavsk\u00fd \u0160pi\u010d\u00e1k bude o v\u00edkendu 11. a 12. \u010dervence ve sportovn\u00edm are\u00e1lu Ski&amp;Bike \u0160pi\u010d\u00e1k premi\u00e9rov\u011b hostit mistrovstv\u00ed \u010cR ve sjezdu, z\u00e1rove\u0148 p\u016fjde i o druh\u00fd z\u00e1vod s\u00e9rie \u010cesk\u00e9ho poh\u00e1ru. Na vrcholnou akci downhillov\u00e9 sezony v \u010cR se o\u010dek\u00e1v\u00e1 i hojn\u00e1 \u00fa\u010dast zahrani\u010dn\u00edch biker\u016f&nbsp;<\/p>\n\n\n\n<p>Krom\u011b kompletn\u00ed dom\u00e1c\u00ed \u0161pi\u010dky se o\u010dek\u00e1v\u00e1 i velk\u00e1 \u00fa\u010dast zahrani\u010dn\u00edch biker\u016f. P\u0159edev\u0161\u00edm pak z okoln\u00edch zem\u00ed \u2013 N\u011bmecka a Rakouska \u010di Slovenska, proto\u017ee se z\u00e1vod jede jako open. Po\u0159adatel\u00e9 nav\u00edc umo\u017en\u00ed \u00fa\u010dast i jezdc\u016fm bez licence, tak\u017ee na 1750 metr\u016f dlouh\u00e9 trati Struggle s p\u0159ev\u00fd\u0161en\u00edm 320 metr\u016f se v celkem osmi kategori\u00edch v\u010detn\u011b nejpresti\u017en\u011bj\u0161\u00ed elite o\u010dek\u00e1v\u00e1 \u00fa\u010dast okolo 200 biker\u016f.&nbsp;<\/p>\n\n\n\n<p>Zat\u00edm se jich p\u0159ihl\u00e1silo v\u00edce ne\u017e 100, ale vzhledem k tomu, \u017ee zaregistrovat se mohou a\u017e do sobotn\u00edho dopoledne, \u00fa\u010dast bude ur\u010dit\u011b je\u0161t\u011b vy\u0161\u0161\u00ed. \u201eU\u017e nyn\u00ed je skoro t\u0159etina p\u0159ihl\u00e1\u0161en\u00fdch ze zahrani\u010d\u00ed a mezi nimi i dv\u011b naprost\u00e1 esa, kter\u00e1 v minulosti na \u0160pi\u010d\u00e1ku sb\u00edrala tituly v iXS European Downhill Cupu &#8211; Johannes Fischbach a Sandra R\u00fcbessamov\u00e1 (oba z N\u011bmecka),\u201c \u0159\u00edk\u00e1 za po\u0159adatele Jan Kas\u00edk ze Ski&amp;Bike \u0160pi\u010d\u00e1k.&nbsp;&nbsp;&nbsp;&nbsp;&nbsp;&nbsp;&nbsp;&nbsp;<\/p>\n\n\n\n<p>S\u00edly s nimi v elitn\u00edch kategori\u00edch zm\u011b\u0159\u00ed kompletn\u00ed \u010desk\u00e1 \u0161pi\u010dka \u2013 jmenovit\u011b nap\u0159\u00edklad Stanislav Sehnal, Mat\u011bj Charv\u00e1t \u010di cel\u00fd t\u00fdm Kellys s Anton\u00ednem Kr\u00e1lem, loni nejlep\u0161\u00edm \u010cechem (p\u00e1t\u00e9 m\u00edsto) v iXS pr\u00e1v\u011b na \u0160pi\u010d\u00e1ku. Mezi \u017eenami pak nap\u0159\u00edklad Dominika Dur\u010d\u00e1kov\u00e1. Titul mistra \u010cR z\u00edsk\u00e1 v\u017edy nejrychlej\u0161\u00ed jezdec\/jezdkyn\u011b v dan\u00e9 kategorii s platnou licenc\u00ed \u010cesk\u00e9ho svazu cyklistiky. Do po\u0159ad\u00ed cel\u00e9ho z\u00e1vodu potom ale velmi pravd\u011bpodobn\u011b promluv\u00ed pr\u00e1v\u011b zahrani\u010dn\u00ed bike\u0159i.&nbsp;<\/p>\n\n\n\n<p>\u201eVzhledem k sv\u011btov\u00e9 pandemii, kter\u00e1 naru\u0161ila i seri\u00e1l iXS downhill cupu, co se u n\u00e1s bez p\u0159eru\u0161en\u00ed konal v deseti p\u0159edchoz\u00edch letech, je M\u010cR ve spojen\u00ed s podnikem \u010cesk\u00e9ho poh\u00e1ru a open charakterem akce i pro zahrani\u010dn\u00ed a nelicencovan\u00e9 bikery vrcholem downhillov\u00e9 sezony nejen v \u010cR,\u201c potvrzuje Jan Kas\u00edk&nbsp;&nbsp;&nbsp;&nbsp;&nbsp;&nbsp;&nbsp;&nbsp;&nbsp;<\/p>\n\n\n\n<p>Par\u00e1dn\u00ed adrenalinovou pod\u00edvanou si div\u00e1ci op\u011bt u\u017eij\u00ed zdarma, proto\u017ee vstupn\u00e9 se na \u0160pi\u010d\u00e1ku nevyb\u00edr\u00e1. Div\u00e1ci se na nejatraktivn\u011bj\u0161\u00ed m\u00edsta doprav\u00ed lanovkou, kter\u00e1 je vyveze na vrchol \u0160pi\u010d\u00e1ku k tamn\u00ed rozhledn\u011b. Dal\u0161\u00ed trat\u011b zdej\u0161\u00edho bikeparku jsou pak norm\u00e1ln\u011b otev\u0159eny pro ve\u0159ejnost, stejn\u011b jako lanovka bude p\u0159epravovat i b\u011b\u017en\u00e9 turisty\/cyklisty.&nbsp;&nbsp;&nbsp;&nbsp;&nbsp;<\/p>\n\n\n\n<p>\u010casov\u00fd harmonogram z\u00e1vodu:&nbsp;<\/p>\n\n\n\n<p>Sobota 11. \u010dervence:<\/p>\n\n\n\n<p>10:00 \u2013 18:00 voln\u00fd tr\u00e9nink bez po\u0159adatelsk\u00e9ho zaji\u0161t\u011bn\u00ed&nbsp;<\/p>\n\n\n\n<p>&nbsp;9:00 \u2013 13:00 registrace p\u0159ihl\u00e1\u0161ky pro v\u0161echny kategorie&nbsp;<\/p>\n\n\n\n<p>ned\u011ble 12. \u010dervence:<\/p>\n\n\n\n<p>&nbsp;9:00 \u2013 10:30 mo\u017enost voln\u00e9ho tr\u00e9ninku&nbsp;&nbsp;<\/p>\n\n\n\n<p>11:00 start semifin\u00e1lov\u00e9 j\u00edzdy&nbsp;<\/p>\n\n\n\n<p>13:30 start fin\u00e1lov\u00e9 j\u00edzdy&nbsp;<\/p>\n\n\n\n<p>Do fin\u00e1le postoup\u00ed v\u0161ichni jezdci, kte\u0159\u00ed dokon\u010d\u00ed semifin\u00e1lovou j\u00edzdu.<\/p>\n\n\n\n<figure class=\"wp-block-image size-large\"><img loading=\"lazy\" decoding=\"async\" width=\"800\" height=\"533\" src=\"https:\/\/www.czechcyclingfederation.com\/wp-content\/uploads\/2020\/07\/iXS_EDC_Spicak52.jpg\" alt=\"\" class=\"wp-image-1256\" srcset=\"https:\/\/www.czechcyclingfederation.com\/wp-content\/uploads\/2020\/07\/iXS_EDC_Spicak52.jpg 800w, https:\/\/www.czechcyclingfederation.com\/wp-content\/uploads\/2020\/07\/iXS_EDC_Spicak52-300x200.jpg 300w, https:\/\/www.czechcyclingfederation.com\/wp-content\/uploads\/2020\/07\/iXS_EDC_Spicak52-768x512.jpg 768w\" sizes=\"auto, (max-width: 800px) 100vw, 800px\" \/><\/figure>\n","protected":false},"excerpt":{"rendered":"<p>\u0160umavsk\u00fd \u0160pi\u010d\u00e1k bude o v\u00edkendu 11. a 12. \u010dervence ve sportovn\u00edm are\u00e1lu Ski&amp;Bike \u0160pi\u010d\u00e1k premi\u00e9rov\u011b hostit mistrovstv\u00ed \u010cR ve sjezdu, z\u00e1rove\u0148 p\u016fjde i o druh\u00fd z\u00e1vod s\u00e9rie \u010cesk\u00e9ho poh\u00e1ru. Na vrcholnou akci downhillov\u00e9 sezony v \u010cR se o\u010dek\u00e1v\u00e1 i hojn\u00e1 \u00fa\u010dast zahrani\u010dn\u00edch biker\u016f&nbsp; Krom\u011b kompletn\u00ed dom\u00e1c\u00ed \u0161pi\u010dky se o\u010dek\u00e1v\u00e1 i velk\u00e1 \u00fa\u010dast zahrani\u010dn\u00edch biker\u016f. P\u0159edev\u0161\u00edm [&hellip;]<\/p>\n","protected":false},"author":2,"featured_media":1256,"comment_status":"closed","ping_status":"open","sticky":false,"template":"","format":"standard","meta":{"footnotes":""},"categories":[6,2],"tags":[102],"class_list":["post-1255","post","type-post","status-publish","format-standard","has-post-thumbnail","hentry","category-mtb","category-novinky","tag-mtb-trial"],"_links":{"self":[{"href":"https:\/\/www.czechcyclingfederation.com\/en\/wp-json\/wp\/v2\/posts\/1255","targetHints":{"allow":["GET"]}}],"collection":[{"href":"https:\/\/www.czechcyclingfederation.com\/en\/wp-json\/wp\/v2\/posts"}],"about":[{"href":"https:\/\/www.czechcyclingfederation.com\/en\/wp-json\/wp\/v2\/types\/post"}],"author":[{"embeddable":true,"href":"https:\/\/www.czechcyclingfederation.com\/en\/wp-json\/wp\/v2\/users\/2"}],"replies":[{"embeddable":true,"href":"https:\/\/www.czechcyclingfederation.com\/en\/wp-json\/wp\/v2\/comments?post=1255"}],"version-history":[{"count":1,"href":"https:\/\/www.czechcyclingfederation.com\/en\/wp-json\/wp\/v2\/posts\/1255\/revisions"}],"predecessor-version":[{"id":1257,"href":"https:\/\/www.czechcyclingfederation.com\/en\/wp-json\/wp\/v2\/posts\/1255\/revisions\/1257"}],"wp:featuredmedia":[{"embeddable":true,"href":"https:\/\/www.czechcyclingfederation.com\/en\/wp-json\/wp\/v2\/media\/1256"}],"wp:attachment":[{"href":"https:\/\/www.czechcyclingfederation.com\/en\/wp-json\/wp\/v2\/media?parent=1255"}],"wp:term":[{"taxonomy":"category","embeddable":true,"href":"https:\/\/www.czechcyclingfederation.com\/en\/wp-json\/wp\/v2\/categories?post=1255"},{"taxonomy":"post_tag","embeddable":true,"href":"https:\/\/www.czechcyclingfederation.com\/en\/wp-json\/wp\/v2\/tags?post=1255"}],"curies":[{"name":"wp","href":"https:\/\/api.w.org\/{rel}","templated":true}]}}