{"id":12525,"date":"2022-06-23T19:00:04","date_gmt":"2022-06-23T17:00:04","guid":{"rendered":"https:\/\/www.czechcyclingfederation.com\/?p=12525"},"modified":"2022-06-23T19:00:06","modified_gmt":"2022-06-23T17:00:06","slug":"dokonaly-triumf-jezdcu-elkov-kasper-titul-ma-barta","status":"publish","type":"post","link":"https:\/\/www.czechcyclingfederation.com\/en\/dokonaly-triumf-jezdcu-elkov-kasper-titul-ma-barta\/","title":{"rendered":"Dokonal\u00fd triumf jezdc\u016f Elkov Kasper &#8211; titul m\u00e1 B\u00e1rta"},"content":{"rendered":"\n<p>Naprost\u00fdm triumfem skon\u010dil mistrovsk\u00fd z\u00e1vod elitn\u00ed kategorie mu\u017e\u016f v \u010dasovce na trati v Kov\u00e1\u0159ov\u011b. Jezdci nejlep\u0161\u00ed \u010desk\u00e9 st\u00e1je obsadili prvn\u00edch p\u011bt m\u00edst, Jan B\u00e1rta vybojoval ji\u017e sv\u016fj sedm\u00fd mistrovsk\u00fd trikot v t\u00e9to discipl\u00edn\u011b a celkov\u011b osm\u00fd. Za n\u00edm skon\u010dili v\u00edt\u011bz lo\u0148sk\u00e9ho silni\u010dn\u00edho z\u00e1vodu Michael Kukrle se ztr\u00e1tou p\u016fl minuty a t\u0159et\u00ed Jakub Otruba byl pomalej\u0161\u00ed o 54 vte\u0159in. Obh\u00e1jce titulu Josef \u010cern\u00fd (Quick-Step Floors Cycling Team) obsadil sedm\u00e9 m\u00edsto.<\/p>\n\n\n\n<p>Sedmat\u0159icetilet\u00fd kyjovsk\u00fd rod\u00e1k B\u00e1rta, kter\u00fd pat\u0159\u00ed dlouhodob\u011b k nejlep\u0161\u00edm \u010desk\u00fdm profesion\u00e1l\u016fm, se radoval z \u010dasovk\u00e1\u0159sk\u00e9ho zlata naposledy v roce 2019. Loni ve slovensk\u00fdch B\u00e1novc\u00edch nad Bebravou i p\u0159edloni v Mlad\u00e9 Boleslavi skon\u010dil shodn\u011b druh\u00fd za \u010cern\u00fdm, ten v\u0161ak dnes nastoupil po nemoci a na jeho v\u00fdkonu to bylo vid\u011bt.<\/p>\n\n\n\n<p>B\u00e1rta m\u011bl desetivte\u0159inov\u00fd n\u00e1skok p\u0159ed Otrubou ji\u017e na prvn\u00edm mezi\u010dase a ten neust\u00e1le zvy\u0161oval. \u010cern\u00fd na \u010dtvrt\u00e9m m\u00edst\u011b na n\u011bj ztr\u00e1cel 12 vte\u0159in, ale v pak zpomaloval a klesal. V\u00fdborn\u011b si rozvrhl s\u00edly i Kukurle, na prvn\u00edm mezi\u010dase byl t\u0159et\u00ed, na druh\u00e9m byl ji\u017e na pomysln\u00e9m st\u0159\u00edbrn\u00e9m stupni a tak to tak\u00e9 skon\u010dilo. Za trojic\u00ed nejlep\u0161\u00edch byli klasifikov\u00e1n\u00ed b\u00fdval\u00ed cyklokrosa\u0159i Adam \u0164oupal\u00edk a Michael Boro\u0161.&nbsp;<\/p>\n\n\n\n<p>&#8220;Mysl\u00edm, \u017ee p\u0159ipraven jsem byl dob\u0159e. Sportovn\u00ed \u0159editel\u00e9 mi p\u0159ipravili dobr\u00e9 z\u00e1vody, nemusel jsem moc cestovat a to bylo velmi dobr\u00e9. Prvn\u00edch p\u011bt kilometr\u016f se mi nejelo \u00fapln\u011b Top, ale pak se mi jelo dob\u0159e a dopadlo to suprov\u011b. Mysl\u00edm, \u017ee pro cel\u00fd t\u00fdm je dne\u0161n\u00ed \u00fasp\u011bch super, nemohlo to dopadnout snad ani l\u00e9pe. Odhadl jsem si dob\u0159e tempo a m\u011bl zpr\u00e1vy z trati. Ji\u017e po prvn\u00edm mezi\u010dase jsem m\u011bl n\u00e1skok a to v\u017edy jezdce podpo\u0159\u00ed,&#8221; \u0159ekl Jan B\u00e1rta.<\/p>\n\n\n\n<p>Mathias Vacek, velk\u00fd talent \u010desk\u00e9 cyklistiky potvrdil ve sv\u00fdch dvaceti letech na cyklistick\u00e9m mistrovstv\u00ed republiky roli favorita v \u010dasovce jezdc\u016f do 23 let. P\u0159edlo\u0148sk\u00fd juniorsk\u00fd evropsk\u00fd \u0161ampion zv\u00edt\u011bzil v barv\u00e1ch CK P\u0159\u00edbram &#8211; Fany Gastro na trati dlouh\u00e9 trati 39,4 km v jiho\u010desk\u00e9m Kov\u00e1\u0159ov\u011b o 1:190 p\u0159ed Petrem Kelemenem (Tudor Pro Cycling Team) a bronz bral Jakub \u0164oupal\u00edk ze st\u00e1je Elkov Kasper.<\/p>\n\n\n\n<p>Vacek nav\u00e1zal na \u010dty\u0159i roky star\u00fd triumf z mistrovsk\u00e9 \u010dasovky v juniorsk\u00e9 kategorii, tehdy vyhr\u00e1l rovn\u011b\u017e p\u0159ed Kelemenem. Vacek si p\u0159ipsal dal\u0161\u00ed \u00fasp\u011bch v sezon\u011b, v jej\u00edm\u017e \u00favodu vybojoval senza\u010dn\u00ed etapov\u00e9 v\u00edt\u011bzstv\u00ed v z\u00e1vodu WorldTour Kolem SAE. Do elitn\u00edho seri\u00e1lu v dal\u0161\u00edm pr\u016fb\u011bhu sezony ji\u017e nemohl zas\u00e1hnout, proto\u017ee jeho tehdej\u0161\u00ed t\u00fdm Gazprom-RusVelo byl po rusk\u00e9 invazi na Ukrajinu z mezin\u00e1rodn\u00edch akc\u00ed vylou\u010den a p\u0159eru\u0161il \u010dinnost.<\/p>\n\n\n\n<p>&#8220;Posledn\u00ed t\u0159i t\u00fddne jsem se \u010dasovce v\u011bnoval intenzivn\u011bji. Bylo to docela dlouh\u00e9, ale do toho z\u00e1vodu jsem si v\u011b\u0159il a dopadlo to v\u00fdborn\u011b. Nem\u011bl jsem \u017e\u00e1dnou krizi, nezpomaloval jsem.<\/p>\n\n\n\n<p>Silni\u010dn\u00ed z\u00e1vod ale bude slo\u017eit\u011bj\u0161\u00ed. Jsou zde t\u00fdmy s docela velk\u00fdm po\u010dtem z\u00e1vodn\u00edk\u016f a bude slo\u017eit\u00e9 vym\u00fd\u0161let na n\u011b taktiku. D\u00e1m ale do toho v\u0161echno a snad to vyjde,&#8221; \u0159ekl Mathias Vacek.<\/p>\n\n\n\n<p>Slovensk\u00fd titul mezi vybojoval Jan Andrej Cully (Pro Cycling Aone), mezi \u017eenami vystoupila na nejvy\u0161\u0161\u00ed stupe\u0148 Nora Jen\u010du\u0161ov\u00e1 (BEPINK) 30:24.<\/p>\n\n\n\n<p>V\u00fdsledky:<\/p>\n\n\n\n<p>Mu\u017ei &#8211; elite (39,4 km):<\/p>\n\n\n\n<p>1. B\u00e1rta 49:30, 2. Kukrle +30, 3. Otruba +54, 4. A. \u0164oupal\u00edk +2:16, 5. Boro\u0161 (v\u0161ichni Elkov Kasper) +2:36, 6. Jakoubek (ATT Investments) +3:21, 7. \u010cern\u00fd (Quick-Step Floors Cycling Team) +4:37.<\/p>\n\n\n\n<p>Mu\u017ei U23 (39,4 km):<\/p>\n\n\n\n<p>1. M. Vacek (CK P\u0159\u00edbram &#8211; Fany Gastro) 49:51, 2. P. Kelemen (Tudor Pro Cycling Team) +1:19, 3. J. \u0164oupal\u00edk +1:54, 4. \u0158eha (oba Elkov Kasper) +2:07, 5. Rotter (ATT Investments) +3:17, 6. Bittner (Development Team DSM) +3:23.<\/p>\n\n\n\n<p>FOTO Jan Brychta<\/p>\n\n\n\n<figure class=\"wp-block-image size-large\"><img loading=\"lazy\" decoding=\"async\" width=\"1024\" height=\"680\" src=\"http:\/\/www.czechcyclingfederation.com\/wp-content\/uploads\/2022\/06\/Barta-Jan-02MTr-qK-1024x680.jpeg\" alt=\"\" class=\"wp-image-12527\" srcset=\"https:\/\/www.czechcyclingfederation.com\/wp-content\/uploads\/2022\/06\/Barta-Jan-02MTr-qK-1024x680.jpeg 1024w, https:\/\/www.czechcyclingfederation.com\/wp-content\/uploads\/2022\/06\/Barta-Jan-02MTr-qK-300x200.jpeg 300w, https:\/\/www.czechcyclingfederation.com\/wp-content\/uploads\/2022\/06\/Barta-Jan-02MTr-qK-768x510.jpeg 768w, https:\/\/www.czechcyclingfederation.com\/wp-content\/uploads\/2022\/06\/Barta-Jan-02MTr-qK-1536x1020.jpeg 1536w, https:\/\/www.czechcyclingfederation.com\/wp-content\/uploads\/2022\/06\/Barta-Jan-02MTr-qK-1320x877.jpeg 1320w, https:\/\/www.czechcyclingfederation.com\/wp-content\/uploads\/2022\/06\/Barta-Jan-02MTr-qK.jpeg 1600w\" sizes=\"auto, (max-width: 1024px) 100vw, 1024px\" \/><\/figure>\n\n\n\n<figure class=\"wp-block-image size-large\"><img loading=\"lazy\" decoding=\"async\" width=\"1024\" height=\"682\" src=\"https:\/\/www.czechcyclingfederation.com\/wp-content\/uploads\/2022\/06\/Vacek-M.-4DyMxl-T-1024x682.jpeg\" alt=\"\" class=\"wp-image-12528\" srcset=\"https:\/\/www.czechcyclingfederation.com\/wp-content\/uploads\/2022\/06\/Vacek-M.-4DyMxl-T-1024x682.jpeg 1024w, https:\/\/www.czechcyclingfederation.com\/wp-content\/uploads\/2022\/06\/Vacek-M.-4DyMxl-T-300x200.jpeg 300w, https:\/\/www.czechcyclingfederation.com\/wp-content\/uploads\/2022\/06\/Vacek-M.-4DyMxl-T-768x511.jpeg 768w, https:\/\/www.czechcyclingfederation.com\/wp-content\/uploads\/2022\/06\/Vacek-M.-4DyMxl-T-1536x1022.jpeg 1536w, https:\/\/www.czechcyclingfederation.com\/wp-content\/uploads\/2022\/06\/Vacek-M.-4DyMxl-T-2048x1363.jpeg 2048w, https:\/\/www.czechcyclingfederation.com\/wp-content\/uploads\/2022\/06\/Vacek-M.-4DyMxl-T-1320x879.jpeg 1320w\" sizes=\"auto, (max-width: 1024px) 100vw, 1024px\" \/><\/figure>\n","protected":false},"excerpt":{"rendered":"<p>Naprost\u00fdm triumfem skon\u010dil mistrovsk\u00fd z\u00e1vod elitn\u00ed kategorie mu\u017e\u016f v \u010dasovce na trati v Kov\u00e1\u0159ov\u011b. Jezdci nejlep\u0161\u00ed \u010desk\u00e9 st\u00e1je obsadili prvn\u00edch p\u011bt m\u00edst, Jan B\u00e1rta vybojoval ji\u017e sv\u016fj sedm\u00fd mistrovsk\u00fd trikot v t\u00e9to discipl\u00edn\u011b a celkov\u011b osm\u00fd. Za n\u00edm skon\u010dili v\u00edt\u011bz lo\u0148sk\u00e9ho silni\u010dn\u00edho z\u00e1vodu Michael Kukrle se ztr\u00e1tou p\u016fl minuty a t\u0159et\u00ed Jakub Otruba byl pomalej\u0161\u00ed [&hellip;]<\/p>\n","protected":false},"author":8,"featured_media":12526,"comment_status":"closed","ping_status":"open","sticky":false,"template":"","format":"standard","meta":{"footnotes":""},"categories":[2,18],"tags":[11],"class_list":["post-12525","post","type-post","status-publish","format-standard","has-post-thumbnail","hentry","category-novinky","category-silnice","tag-silnice"],"_links":{"self":[{"href":"https:\/\/www.czechcyclingfederation.com\/en\/wp-json\/wp\/v2\/posts\/12525","targetHints":{"allow":["GET"]}}],"collection":[{"href":"https:\/\/www.czechcyclingfederation.com\/en\/wp-json\/wp\/v2\/posts"}],"about":[{"href":"https:\/\/www.czechcyclingfederation.com\/en\/wp-json\/wp\/v2\/types\/post"}],"author":[{"embeddable":true,"href":"https:\/\/www.czechcyclingfederation.com\/en\/wp-json\/wp\/v2\/users\/8"}],"replies":[{"embeddable":true,"href":"https:\/\/www.czechcyclingfederation.com\/en\/wp-json\/wp\/v2\/comments?post=12525"}],"version-history":[{"count":1,"href":"https:\/\/www.czechcyclingfederation.com\/en\/wp-json\/wp\/v2\/posts\/12525\/revisions"}],"predecessor-version":[{"id":12529,"href":"https:\/\/www.czechcyclingfederation.com\/en\/wp-json\/wp\/v2\/posts\/12525\/revisions\/12529"}],"wp:featuredmedia":[{"embeddable":true,"href":"https:\/\/www.czechcyclingfederation.com\/en\/wp-json\/wp\/v2\/media\/12526"}],"wp:attachment":[{"href":"https:\/\/www.czechcyclingfederation.com\/en\/wp-json\/wp\/v2\/media?parent=12525"}],"wp:term":[{"taxonomy":"category","embeddable":true,"href":"https:\/\/www.czechcyclingfederation.com\/en\/wp-json\/wp\/v2\/categories?post=12525"},{"taxonomy":"post_tag","embeddable":true,"href":"https:\/\/www.czechcyclingfederation.com\/en\/wp-json\/wp\/v2\/tags?post=12525"}],"curies":[{"name":"wp","href":"https:\/\/api.w.org\/{rel}","templated":true}]}}