{"id":12513,"date":"2022-06-23T13:53:28","date_gmt":"2022-06-23T11:53:28","guid":{"rendered":"https:\/\/www.czechcyclingfederation.com\/?p=12513"},"modified":"2022-06-23T13:54:54","modified_gmt":"2022-06-23T11:54:54","slug":"sampionkou-v-casovce-se-stala-prekvapive-slamova","status":"publish","type":"post","link":"https:\/\/www.czechcyclingfederation.com\/en\/sampionkou-v-casovce-se-stala-prekvapive-slamova\/","title":{"rendered":"\u0160ampionkou v \u010dasovce se stala p\u0159ekvapiv\u011b Sl\u00e1mov\u00e1"},"content":{"rendered":"\n<p>Mistryn\u00ed \u010cesk\u00e9 republiky v \u010dasovce se na trati dlouh\u00e9 19,8 kilometru v Kov\u00e1\u0159ov\u011b u P\u00edsku stala Denisa Sl\u00e1mov\u00e1 (Cyklotrenink). Jedenadvacetilet\u00e1 cyklistka z\u00edskala prvn\u00ed dom\u00e1c\u00ed triumf a v\u00fdrazn\u011b vylep\u0161ila sv\u00e9 lo\u0148sk\u00e9 p\u00e1t\u00e9 m\u00edsto ze slovensk\u00fdch B\u00e1novc\u016f nad Bebravou. St\u0159\u00edbrnou Nikolou Bajgerovou (Force KCK Zl\u00edn) v\u0161ak zdolal velice t\u011bsn\u011b o pouh\u00fdch p\u011bt desetin vte\u0159iny a bronz z\u00edskala Petra \u0160ev\u010d\u00edkov\u00e1 z Dukly Praha, obh\u00e1jkyn\u011b prvenstv\u00ed Nikola Noskov\u00e1 (Lawi junior team) skon\u010dila \u010dtvrt\u00e1.<\/p>\n\n\n\n<p>&#8220;Jezd\u00edm s tren\u00e9rem teprve dva roky a tento v\u00fdsledek je \u00fapln\u011b neuv\u011b\u0159iteln\u00fd. C\u00edlem byla bedna, myslet na zlato by m\u011b v\u016fbec nenapadlo,&#8221; \u0159ekla v c\u00edli nov\u00e1 \u0161ampionka. &#8220;Tra\u0165 mi sedla, bylo na n\u00ed hodn\u011b kopc\u016f a to m\u00e1m r\u00e1da, rovinat\u00e9 \u010dasovky mi moc nevyhovuj\u00ed,&#8221; dodala z\u00e1vodnice, kter\u00e1 se d\u0159\u00edve v\u011bnovala atletice.<\/p>\n\n\n\n<p>Z\u00e1vod junior\u016f ovl\u00e1dl v It\u00e1lii z\u00e1vod\u00edc\u00ed Pavel Nov\u00e1k (Ciclistica Trevigliese), kter\u00fd ve vyrovnan\u00e9m souboji zdolal \u0160t\u011bp\u00e1na Teleck\u00e9ho (TJ Favorit Brno) o pouh\u00fdch sedm vte\u0159in a t\u0159et\u00ed Milan Kadlec (Dukla Praha) zaostal za v\u00edt\u011bzem 52 vte\u0159in. Mezi juniorkami byla nejlep\u0161\u00ed Eli\u0161ka Kvasni\u010dkov\u00e1, kter\u00e1 zv\u00edt\u011bzila s velk\u00fdm n\u00e1skokem, druhou v c\u00edli Barboru N\u011bmcovou (Sportcomplex B\u0159eclav) porazila o 1:29.<\/p>\n\n\n\n<p>V\u00fdsledky mistrovstv\u00ed:<\/p>\n\n\n\n<p>\u017deny (19,8 km):<\/p>\n\n\n\n<p>1. Sl\u00e1mov\u00e1 (Cyklotrenink) 29:52, 2. Bajgerov\u00e1 (Force KCK Zl\u00edn) stejn\u00fd \u010das, 3. \u0160ev\u010d\u00edkov\u00e1 (Dukla Praha) +43, 4. Noskov\u00e1 (Lawi junior team) +47, 5. Burlov\u00e1 (Lotto Soudal) +53, 6. H\u00e1jkov\u00e1 (BePink) +56.<\/p>\n\n\n\n<p>Juniorky (19,8 km):<\/p>\n\n\n\n<p>1. Kvasni\u010dkov\u00e1 (SportRaces Cycling) 29:45, 2. N\u011bmcov\u00e1 (Sportcomplex B\u0159eclav) +1:29, 3. Slan\u00edkov\u00e1 (Roman Kreuziger Cycling Academy) +1:55, 4. R\u016f\u017ei\u010dkov\u00e1 (Dukla Praha) +2:41, 5. Grulichov\u00e1 +2:49, 6. M\u00fcllerov\u00e1 (ob\u011b TUFO Pardus Prost\u011bjov) +3:44.<\/p>\n\n\n\n<p>Junio\u0159i (119,8 km):<\/p>\n\n\n\n<p>1. Nov\u00e1k (Ciclistica Trevigliese) 25:52, 2. Teleck\u00fd (TJ Favorit Brno) +7, 3. Kadlec (Dukla Praha) +52, 4. B\u00e1rta (Team Aauto Eder) +1:09, 5. P\u0159idal (\/Mapei Merida Ka\u0148kovsk\u00fd) +1:28, 6. Luke\u0161 (Willebrord Wil Vooruit) +1:30.<\/p>\n\n\n\n<p>FOTO Jan Brychta<\/p>\n\n\n\n<figure class=\"wp-block-image size-large\"><img decoding=\"async\" src=\"blob:https:\/\/www.czechcyclingfederation.com\/200305e7-8b00-4d96-b38b-5acd1fca2839\" alt=\"\"\/><\/figure>\n\n\n\n<figure class=\"wp-block-image size-large\"><img loading=\"lazy\" decoding=\"async\" width=\"1024\" height=\"682\" src=\"https:\/\/www.czechcyclingfederation.com\/wp-content\/uploads\/2022\/06\/juniorky-JnPqj3EA-1024x682.jpeg\" alt=\"\" class=\"wp-image-12516\" srcset=\"https:\/\/www.czechcyclingfederation.com\/wp-content\/uploads\/2022\/06\/juniorky-JnPqj3EA-1024x682.jpeg 1024w, https:\/\/www.czechcyclingfederation.com\/wp-content\/uploads\/2022\/06\/juniorky-JnPqj3EA-300x200.jpeg 300w, https:\/\/www.czechcyclingfederation.com\/wp-content\/uploads\/2022\/06\/juniorky-JnPqj3EA-768x511.jpeg 768w, https:\/\/www.czechcyclingfederation.com\/wp-content\/uploads\/2022\/06\/juniorky-JnPqj3EA-1536x1022.jpeg 1536w, https:\/\/www.czechcyclingfederation.com\/wp-content\/uploads\/2022\/06\/juniorky-JnPqj3EA-2048x1363.jpeg 2048w, https:\/\/www.czechcyclingfederation.com\/wp-content\/uploads\/2022\/06\/juniorky-JnPqj3EA-1320x879.jpeg 1320w\" sizes=\"auto, (max-width: 1024px) 100vw, 1024px\" \/><\/figure>\n\n\n\n<figure class=\"wp-block-image size-large\"><img loading=\"lazy\" decoding=\"async\" width=\"1024\" height=\"682\" src=\"https:\/\/www.czechcyclingfederation.com\/wp-content\/uploads\/2022\/06\/Slamova-Denisa-tPPtznNU-1024x682.jpeg\" alt=\"\" class=\"wp-image-12517\" srcset=\"https:\/\/www.czechcyclingfederation.com\/wp-content\/uploads\/2022\/06\/Slamova-Denisa-tPPtznNU-1024x682.jpeg 1024w, https:\/\/www.czechcyclingfederation.com\/wp-content\/uploads\/2022\/06\/Slamova-Denisa-tPPtznNU-300x200.jpeg 300w, https:\/\/www.czechcyclingfederation.com\/wp-content\/uploads\/2022\/06\/Slamova-Denisa-tPPtznNU-768x511.jpeg 768w, https:\/\/www.czechcyclingfederation.com\/wp-content\/uploads\/2022\/06\/Slamova-Denisa-tPPtznNU-1536x1022.jpeg 1536w, https:\/\/www.czechcyclingfederation.com\/wp-content\/uploads\/2022\/06\/Slamova-Denisa-tPPtznNU-2048x1363.jpeg 2048w, https:\/\/www.czechcyclingfederation.com\/wp-content\/uploads\/2022\/06\/Slamova-Denisa-tPPtznNU-1320x879.jpeg 1320w\" sizes=\"auto, (max-width: 1024px) 100vw, 1024px\" \/><\/figure>\n\n\n\n<figure class=\"wp-block-image size-large\"><img loading=\"lazy\" decoding=\"async\" width=\"1024\" height=\"682\" src=\"https:\/\/www.czechcyclingfederation.com\/wp-content\/uploads\/2022\/06\/Kvasnickova-Eliska-YB0WJH8E-1024x682.jpeg\" alt=\"\" class=\"wp-image-12518\" srcset=\"https:\/\/www.czechcyclingfederation.com\/wp-content\/uploads\/2022\/06\/Kvasnickova-Eliska-YB0WJH8E-1024x682.jpeg 1024w, https:\/\/www.czechcyclingfederation.com\/wp-content\/uploads\/2022\/06\/Kvasnickova-Eliska-YB0WJH8E-300x200.jpeg 300w, https:\/\/www.czechcyclingfederation.com\/wp-content\/uploads\/2022\/06\/Kvasnickova-Eliska-YB0WJH8E-768x511.jpeg 768w, https:\/\/www.czechcyclingfederation.com\/wp-content\/uploads\/2022\/06\/Kvasnickova-Eliska-YB0WJH8E-1536x1022.jpeg 1536w, https:\/\/www.czechcyclingfederation.com\/wp-content\/uploads\/2022\/06\/Kvasnickova-Eliska-YB0WJH8E-2048x1363.jpeg 2048w, https:\/\/www.czechcyclingfederation.com\/wp-content\/uploads\/2022\/06\/Kvasnickova-Eliska-YB0WJH8E-1320x879.jpeg 1320w\" sizes=\"auto, (max-width: 1024px) 100vw, 1024px\" \/><\/figure>\n\n\n\n<figure class=\"wp-block-image size-large\"><img loading=\"lazy\" decoding=\"async\" width=\"1024\" height=\"682\" src=\"https:\/\/www.czechcyclingfederation.com\/wp-content\/uploads\/2022\/06\/Novak-Pavel-_g09tHQw-1024x682.jpeg\" alt=\"\" class=\"wp-image-12519\" srcset=\"https:\/\/www.czechcyclingfederation.com\/wp-content\/uploads\/2022\/06\/Novak-Pavel-_g09tHQw-1024x682.jpeg 1024w, https:\/\/www.czechcyclingfederation.com\/wp-content\/uploads\/2022\/06\/Novak-Pavel-_g09tHQw-300x200.jpeg 300w, https:\/\/www.czechcyclingfederation.com\/wp-content\/uploads\/2022\/06\/Novak-Pavel-_g09tHQw-768x511.jpeg 768w, https:\/\/www.czechcyclingfederation.com\/wp-content\/uploads\/2022\/06\/Novak-Pavel-_g09tHQw-1536x1022.jpeg 1536w, https:\/\/www.czechcyclingfederation.com\/wp-content\/uploads\/2022\/06\/Novak-Pavel-_g09tHQw-2048x1363.jpeg 2048w, https:\/\/www.czechcyclingfederation.com\/wp-content\/uploads\/2022\/06\/Novak-Pavel-_g09tHQw-1320x879.jpeg 1320w\" sizes=\"auto, (max-width: 1024px) 100vw, 1024px\" \/><\/figure>\n\n\n\n<figure class=\"wp-block-image size-large\"><img decoding=\"async\" src=\"http:\/\/www.czechcyclingfederation.com\/wp-content\/uploads\/2022\/06\/juniori-73muMvV8-1.jpeg\" alt=\"\" class=\"wp-image-12520\"\/><\/figure>\n","protected":false},"excerpt":{"rendered":"<p>Mistryn\u00ed \u010cesk\u00e9 republiky v \u010dasovce se na trati dlouh\u00e9 19,8 kilometru v Kov\u00e1\u0159ov\u011b u P\u00edsku stala Denisa Sl\u00e1mov\u00e1 (Cyklotrenink). Jedenadvacetilet\u00e1 cyklistka z\u00edskala prvn\u00ed dom\u00e1c\u00ed triumf a v\u00fdrazn\u011b vylep\u0161ila sv\u00e9 lo\u0148sk\u00e9 p\u00e1t\u00e9 m\u00edsto ze slovensk\u00fdch B\u00e1novc\u016f nad Bebravou. St\u0159\u00edbrnou Nikolou Bajgerovou (Force KCK Zl\u00edn) v\u0161ak zdolal velice t\u011bsn\u011b o pouh\u00fdch p\u011bt desetin vte\u0159iny a bronz z\u00edskala [&hellip;]<\/p>\n","protected":false},"author":8,"featured_media":12514,"comment_status":"closed","ping_status":"open","sticky":false,"template":"","format":"standard","meta":{"footnotes":""},"categories":[2,18],"tags":[11],"class_list":["post-12513","post","type-post","status-publish","format-standard","has-post-thumbnail","hentry","category-novinky","category-silnice","tag-silnice"],"_links":{"self":[{"href":"https:\/\/www.czechcyclingfederation.com\/en\/wp-json\/wp\/v2\/posts\/12513","targetHints":{"allow":["GET"]}}],"collection":[{"href":"https:\/\/www.czechcyclingfederation.com\/en\/wp-json\/wp\/v2\/posts"}],"about":[{"href":"https:\/\/www.czechcyclingfederation.com\/en\/wp-json\/wp\/v2\/types\/post"}],"author":[{"embeddable":true,"href":"https:\/\/www.czechcyclingfederation.com\/en\/wp-json\/wp\/v2\/users\/8"}],"replies":[{"embeddable":true,"href":"https:\/\/www.czechcyclingfederation.com\/en\/wp-json\/wp\/v2\/comments?post=12513"}],"version-history":[{"count":3,"href":"https:\/\/www.czechcyclingfederation.com\/en\/wp-json\/wp\/v2\/posts\/12513\/revisions"}],"predecessor-version":[{"id":12524,"href":"https:\/\/www.czechcyclingfederation.com\/en\/wp-json\/wp\/v2\/posts\/12513\/revisions\/12524"}],"wp:featuredmedia":[{"embeddable":true,"href":"https:\/\/www.czechcyclingfederation.com\/en\/wp-json\/wp\/v2\/media\/12514"}],"wp:attachment":[{"href":"https:\/\/www.czechcyclingfederation.com\/en\/wp-json\/wp\/v2\/media?parent=12513"}],"wp:term":[{"taxonomy":"category","embeddable":true,"href":"https:\/\/www.czechcyclingfederation.com\/en\/wp-json\/wp\/v2\/categories?post=12513"},{"taxonomy":"post_tag","embeddable":true,"href":"https:\/\/www.czechcyclingfederation.com\/en\/wp-json\/wp\/v2\/tags?post=12513"}],"curies":[{"name":"wp","href":"https:\/\/api.w.org\/{rel}","templated":true}]}}