{"id":12502,"date":"2022-06-21T16:02:16","date_gmt":"2022-06-21T14:02:16","guid":{"rendered":"https:\/\/www.czechcyclingfederation.com\/?p=12502"},"modified":"2022-06-21T16:02:18","modified_gmt":"2022-06-21T14:02:18","slug":"salovci-na-mistrovstvi-evropy-bez-medaile","status":"publish","type":"post","link":"https:\/\/www.czechcyclingfederation.com\/en\/salovci-na-mistrovstvi-evropy-bez-medaile\/","title":{"rendered":"S\u00e1lovci na mistrovstv\u00ed Evropy bez medaile"},"content":{"rendered":"\n<p>Bez \u00fasp\u011bchu skon\u010dil pro \u010desk\u00e9 barvy evropsk\u00fd \u0161ampion\u00e1t v s\u00e1lov\u00e9 cyklistice, kter\u00fd se uskute\u010dnil v ma\u010farsk\u00e9 Ny\u00edregyh\u00e1ze. Dvojice v kolov\u00e9 Jan Havl\u00ed\u010dek a Robert Zvol\u00e1nek dok\u00e1zala porazit pouze dom\u00e1c\u00ed Ma\u010farsko 7:3 a skon\u010dila p\u00e1t\u00e1. Ve fin\u00e1le zdolalo Rakousko t\u00fdm N\u011bmecka 6:5.<\/p>\n\n\n\n<p>Do dal\u0161\u00edch boj\u016f ji\u017e zas\u00e1hly pouze mlad\u00e9 krasojezdkyn\u011b Michale a Kate\u0159ina Vosi\u010dkovy (ob\u011b TJ Stavebn\u00ed stroje N\u011bm\u010dice), kter\u00e9 skon\u010dily na 11. resp. 12. m\u00edst\u011b. V\u0161echny zlat\u00e9 medaile v krasoj\u00edzd\u011b vybojovalo N\u011bmecko.<\/p>\n\n\n\n<p>V\u00fdsledky:<\/p>\n\n\n\n<p>Krasoj\u00edzda<\/p>\n\n\n\n<p>Jednotlivci: 1. Kohl (N\u011bm.) 209,10.<\/p>\n\n\n\n<p>Jednotlivkyn\u011b: 1. Pfannov\u00e1 180,90, 2. Dandlov\u00e1 (ob\u011b N\u011bm.) 154,32, 3. M\u00fcllerov\u00e1 (It.) 150,23&#8230;11. M. Vosi\u010dkov\u00e1 84,80, 12. K. Vosi\u010dkov\u00e1 (ob\u011b \u010cR) 82,10.<\/p>\n\n\n\n<p>Dvojice: 1. W\u00f6hrleov\u00e1, Wurthov\u00e1 (N\u011bm.) 145,01.<\/p>\n\n\n\n<p>Dvojice open: 1. Hanselmann, Schefold (N\u011bm.) 158,36.<\/p>\n\n\n\n<p>Kolov\u00e1:<\/p>\n\n\n\n<p>Kone\u010dn\u00e9 po\u0159ad\u00ed:<\/p>\n\n\n\n<p>1. Schnetzer, Feurstein (Rak.), 2. B. Mlady, R. Mlady (N\u011bm.), 3. S. Waibel, B. Waibel (\u0160v\u00fdc.), &#8230;5. Havl\u00ed\u010dek, Zvol\u00e1nek (\u010cR).<\/p>\n\n\n\n<figure class=\"wp-block-image size-large\"><img loading=\"lazy\" decoding=\"async\" width=\"960\" height=\"640\" src=\"http:\/\/www.czechcyclingfederation.com\/wp-content\/uploads\/2022\/06\/3CEF68C9-5E19-4615-A5D4-F7F5FE2DE2BF.jpeg\" alt=\"\" class=\"wp-image-12506\" srcset=\"https:\/\/www.czechcyclingfederation.com\/wp-content\/uploads\/2022\/06\/3CEF68C9-5E19-4615-A5D4-F7F5FE2DE2BF.jpeg 960w, https:\/\/www.czechcyclingfederation.com\/wp-content\/uploads\/2022\/06\/3CEF68C9-5E19-4615-A5D4-F7F5FE2DE2BF-300x200.jpeg 300w, https:\/\/www.czechcyclingfederation.com\/wp-content\/uploads\/2022\/06\/3CEF68C9-5E19-4615-A5D4-F7F5FE2DE2BF-768x512.jpeg 768w\" sizes=\"auto, (max-width: 960px) 100vw, 960px\" \/><\/figure>\n\n\n\n<figure class=\"wp-block-image size-large\"><img loading=\"lazy\" decoding=\"async\" width=\"960\" height=\"640\" src=\"http:\/\/www.czechcyclingfederation.com\/wp-content\/uploads\/2022\/06\/680709E6-D521-45B7-BE2B-764203E1537E.jpeg\" alt=\"\" class=\"wp-image-12504\" srcset=\"https:\/\/www.czechcyclingfederation.com\/wp-content\/uploads\/2022\/06\/680709E6-D521-45B7-BE2B-764203E1537E.jpeg 960w, https:\/\/www.czechcyclingfederation.com\/wp-content\/uploads\/2022\/06\/680709E6-D521-45B7-BE2B-764203E1537E-300x200.jpeg 300w, https:\/\/www.czechcyclingfederation.com\/wp-content\/uploads\/2022\/06\/680709E6-D521-45B7-BE2B-764203E1537E-768x512.jpeg 768w\" sizes=\"auto, (max-width: 960px) 100vw, 960px\" \/><\/figure>\n","protected":false},"excerpt":{"rendered":"<p>Bez \u00fasp\u011bchu skon\u010dil pro \u010desk\u00e9 barvy evropsk\u00fd \u0161ampion\u00e1t v s\u00e1lov\u00e9 cyklistice, kter\u00fd se uskute\u010dnil v ma\u010farsk\u00e9 Ny\u00edregyh\u00e1ze. Dvojice v kolov\u00e9 Jan Havl\u00ed\u010dek a Robert Zvol\u00e1nek dok\u00e1zala porazit pouze dom\u00e1c\u00ed Ma\u010farsko 7:3 a skon\u010dila p\u00e1t\u00e1. Ve fin\u00e1le zdolalo Rakousko t\u00fdm N\u011bmecka 6:5. Do dal\u0161\u00edch boj\u016f ji\u017e zas\u00e1hly pouze mlad\u00e9 krasojezdkyn\u011b Michale a Kate\u0159ina Vosi\u010dkovy (ob\u011b TJ [&hellip;]<\/p>\n","protected":false},"author":8,"featured_media":12505,"comment_status":"closed","ping_status":"open","sticky":false,"template":"","format":"standard","meta":{"footnotes":""},"categories":[2,60,1],"tags":[61],"class_list":["post-12502","post","type-post","status-publish","format-standard","has-post-thumbnail","hentry","category-novinky","category-salovka","category-uncategorized-cs","tag-salovka"],"_links":{"self":[{"href":"https:\/\/www.czechcyclingfederation.com\/en\/wp-json\/wp\/v2\/posts\/12502","targetHints":{"allow":["GET"]}}],"collection":[{"href":"https:\/\/www.czechcyclingfederation.com\/en\/wp-json\/wp\/v2\/posts"}],"about":[{"href":"https:\/\/www.czechcyclingfederation.com\/en\/wp-json\/wp\/v2\/types\/post"}],"author":[{"embeddable":true,"href":"https:\/\/www.czechcyclingfederation.com\/en\/wp-json\/wp\/v2\/users\/8"}],"replies":[{"embeddable":true,"href":"https:\/\/www.czechcyclingfederation.com\/en\/wp-json\/wp\/v2\/comments?post=12502"}],"version-history":[{"count":1,"href":"https:\/\/www.czechcyclingfederation.com\/en\/wp-json\/wp\/v2\/posts\/12502\/revisions"}],"predecessor-version":[{"id":12507,"href":"https:\/\/www.czechcyclingfederation.com\/en\/wp-json\/wp\/v2\/posts\/12502\/revisions\/12507"}],"wp:featuredmedia":[{"embeddable":true,"href":"https:\/\/www.czechcyclingfederation.com\/en\/wp-json\/wp\/v2\/media\/12505"}],"wp:attachment":[{"href":"https:\/\/www.czechcyclingfederation.com\/en\/wp-json\/wp\/v2\/media?parent=12502"}],"wp:term":[{"taxonomy":"category","embeddable":true,"href":"https:\/\/www.czechcyclingfederation.com\/en\/wp-json\/wp\/v2\/categories?post=12502"},{"taxonomy":"post_tag","embeddable":true,"href":"https:\/\/www.czechcyclingfederation.com\/en\/wp-json\/wp\/v2\/tags?post=12502"}],"curies":[{"name":"wp","href":"https:\/\/api.w.org\/{rel}","templated":true}]}}