{"id":12478,"date":"2022-06-19T20:12:35","date_gmt":"2022-06-19T18:12:35","guid":{"rendered":"https:\/\/www.czechcyclingfederation.com\/?p=12478"},"modified":"2022-06-20T09:42:24","modified_gmt":"2022-06-20T07:42:24","slug":"rugovac-s-italem-donegou-vyhrali-gp-brno","status":"publish","type":"post","link":"https:\/\/www.czechcyclingfederation.com\/en\/rugovac-s-italem-donegou-vyhrali-gp-brno\/","title":{"rendered":"Rugovac s Italem Donegou vyhr\u00e1li GP Brno"},"content":{"rendered":"\n<p>\u010cesko-italsk\u00e1 dvojice a Denis Rugovac a Matteo Donega ovl\u00e1dla madison na mezin\u00e1rodn\u00edch dr\u00e1hov\u00fdch z\u00e1vodech GP Brno &#8211; Memori\u00e1l Vlastimila Moravce za\u0159azen\u00fdch v&nbsp;kalend\u00e1\u0159i UVI jako podnik kategorie C2. Jezdec Dukly Praha Rugovac skon\u010dil je\u0161t\u011b \u0161est\u00fd v&nbsp;omniu, kter\u00e9 vyhr\u00e1l dal\u0161\u00ed Ital Davide Plebani.<\/p>\n\n\n\n<p>Ve sprintu obsadil z&nbsp;na\u0161ich jezdc\u016f \u0161estou p\u0159\u00ed\u010dku Tom\u00e1\u0161 B\u00e1bek (Dukla Brno), v&nbsp;keirinu byl Jakub \u0160\u0165astn\u00fd (Dukla Brno) p\u00e1t\u00fd, ob\u011b discipl\u00edny vyhr\u00e1l polsk\u00fd sprinter Mateusz Rudyk. Mezi juniory byl v&nbsp;obou discipl\u00edn\u00e1ch t\u0159et\u00ed Jakub Mal\u00e1\u0161ek z&nbsp;Dukly Brno. Juniorka Anna Jaborn\u00edkov\u00e1 (Dukla Brno) skon\u010dila t\u0159et\u00ed ve sprintu a vyhr\u00e1la keirin.<\/p>\n\n\n\n<p>V\u00fdsledky:<\/p>\n\n\n\n<p>Mu\u017ei:<\/p>\n\n\n\n<p>Omnium:<\/p>\n\n\n\n<p>1.Plebani 123, 2. Lamon (oba It.) 119, 3. Tene (Izr.) 105, 4. Crista (Rum.) 95, 5. Hesters (Belg.) 95, 6. Rugovac (Dukla Praha) 77.<\/p>\n\n\n\n<p>Madison:<\/p>\n\n\n\n<p>1. Rugovac, Donega (Dukla \/Praha\/It.) 66, 2. Plebani, Lamon 55, 3. Pollefliet, Hester (Belg.) 40, 4. \u0160tec, Pszczolarski (Tufo Pardus Prost\u011bjov\/Pol.) 36, 5. Levi, Tene (Izr.) 21, 6. Vone\u0161, K\u0159enek (Dukla Praha\/Favorit Brno) 11.<\/p>\n\n\n\n<p>Sprint:<\/p>\n\n\n\n<p>1. Rudyk, 2. Rajkowski (oba Pol.), 3. Hsieh Nien Hsing (Taipei), 4. Szalontay (Ma\u010f.), 5. Bianchi (It.), 6. B\u00e1bek (Dukla Brno).<\/p>\n\n\n\n<p>Keirin:<\/p>\n\n\n\n<p>1. Rudyk, 2. Bianchi, 3. Rajkowski, 4. Danyl\u010duk (Ukr.), 5. \u0160\u0165astn\u00fd (Dukla Brno), 6. Rochna (Pol.), 7. \u010cechman, &#8230;9. Wagner (oba Dukla Brno).<\/p>\n\n\n\n<p>Mu\u017ei U23:<\/p>\n\n\n\n<p>Scratch:<\/p>\n\n\n\n<p>1. Keinan (Izr.), 2. Wafler, 3. Kokas (oba Rak.), 4. Vl\u010dek, 5. Kova\u0159\u010d\u00edk, 6. \u0160tec (v\u0161ichni Tufo Pardus Prost\u011bjov).<\/p>\n\n\n\n<p>\u017deny:<\/p>\n\n\n\n<p>Madison:<\/p>\n\n\n\n<p>1. Griffinov\u00e1, Kayov\u00e1 38, 2. Gillespieov\u00e1, Sharpeov\u00e1 (v\u0161echny Ir.) 35, 3. Guarischiov\u00e1, Scandolaraov\u00e1 (It.) 28, &#8230;5. Barton\u00edkov\u00e1, Zayedov\u00e1 (Dukla Brno\/Eg.) 9.<\/p>\n\n\n\n<p>Omnium:<\/p>\n\n\n\n<p>1. Ba\u010d\u00edkov\u00e1 (SR) 119, 2. Kayov\u00e1 113, 3. Guarischiov\u00e1 (It.) 112.<\/p>\n\n\n\n<p>Sprint:<\/p>\n\n\n\n<p>1. Petriov\u00e1 (Pol.), 2. Starikov\u00e1, 3. Lohvinjukov\u00e1 (ob\u011b Ukr.).<\/p>\n\n\n\n<p>Keirin:<\/p>\n\n\n\n<p>1. Starikov\u00e1, 2. Petriov\u00e1, 3. Finucaneov\u00e1 (Brit.).<\/p>\n\n\n\n<p>Junio\u0159i:<\/p>\n\n\n\n<p>Sprint:<\/p>\n\n\n\n<p>1. Marciniak, 2. Przymusi\u0148ski (oba Pol.), 3. Mal\u00e1\u0161ek, &#8230;6. Hytych (oba Dukla Brno).<\/p>\n\n\n\n<p>Keirin:<\/p>\n\n\n\n<p>1. Marciniak, 2. Zygielo (Pol.), 3. Mal\u00e1\u0161ek.<\/p>\n\n\n\n<p>Juniorky:<\/p>\n\n\n\n<p>Sprint:<\/p>\n\n\n\n<p>1. Glowack\u00e1 (Pol.), 2. Poulov\u00e1, 3. A. Jaborn\u00edkov\u00e1 (ob\u011b Dukla Brno).<\/p>\n\n\n\n<p>Keirin:<\/p>\n\n\n\n<p>1. A. Jaborn\u00edkov\u00e1, 2. Mik\u0161an\u00edkov\u00e1 (Dukla Brno), 3. Glowack\u00e1.<\/p>\n\n\n\n<p>FOTO Dukla Brno<\/p>\n\n\n\n<figure class=\"wp-block-image size-large\"><img loading=\"lazy\" decoding=\"async\" width=\"693\" height=\"1024\" src=\"http:\/\/www.czechcyclingfederation.com\/wp-content\/uploads\/2022\/06\/IMG_1299-693x1024.jpg\" alt=\"\" class=\"wp-image-12479\" srcset=\"https:\/\/www.czechcyclingfederation.com\/wp-content\/uploads\/2022\/06\/IMG_1299-693x1024.jpg 693w, https:\/\/www.czechcyclingfederation.com\/wp-content\/uploads\/2022\/06\/IMG_1299-135x200.jpg 135w, https:\/\/www.czechcyclingfederation.com\/wp-content\/uploads\/2022\/06\/IMG_1299-768x1134.jpg 768w, https:\/\/www.czechcyclingfederation.com\/wp-content\/uploads\/2022\/06\/IMG_1299-1040x1536.jpg 1040w, https:\/\/www.czechcyclingfederation.com\/wp-content\/uploads\/2022\/06\/IMG_1299-1387x2048.jpg 1387w, https:\/\/www.czechcyclingfederation.com\/wp-content\/uploads\/2022\/06\/IMG_1299-1320x1950.jpg 1320w, https:\/\/www.czechcyclingfederation.com\/wp-content\/uploads\/2022\/06\/IMG_1299-scaled.jpg 1733w\" sizes=\"auto, (max-width: 693px) 100vw, 693px\" \/><\/figure>\n","protected":false},"excerpt":{"rendered":"<p>\u010cesko-italsk\u00e1 dvojice a Denis Rugovac a Matteo Donega ovl\u00e1dla madison na mezin\u00e1rodn\u00edch dr\u00e1hov\u00fdch z\u00e1vodech GP Brno &#8211; Memori\u00e1l Vlastimila Moravce za\u0159azen\u00fdch v&nbsp;kalend\u00e1\u0159i UVI jako podnik kategorie C2. Jezdec Dukly Praha Rugovac skon\u010dil je\u0161t\u011b \u0161est\u00fd v&nbsp;omniu, kter\u00e9 vyhr\u00e1l dal\u0161\u00ed Ital Davide Plebani. Ve sprintu obsadil z&nbsp;na\u0161ich jezdc\u016f \u0161estou p\u0159\u00ed\u010dku Tom\u00e1\u0161 B\u00e1bek (Dukla Brno), v&nbsp;keirinu byl Jakub [&hellip;]<\/p>\n","protected":false},"author":8,"featured_media":10107,"comment_status":"closed","ping_status":"open","sticky":false,"template":"","format":"standard","meta":{"footnotes":""},"categories":[54,2],"tags":[9],"class_list":["post-12478","post","type-post","status-publish","format-standard","has-post-thumbnail","hentry","category-draha","category-novinky","tag-draha"],"_links":{"self":[{"href":"https:\/\/www.czechcyclingfederation.com\/en\/wp-json\/wp\/v2\/posts\/12478","targetHints":{"allow":["GET"]}}],"collection":[{"href":"https:\/\/www.czechcyclingfederation.com\/en\/wp-json\/wp\/v2\/posts"}],"about":[{"href":"https:\/\/www.czechcyclingfederation.com\/en\/wp-json\/wp\/v2\/types\/post"}],"author":[{"embeddable":true,"href":"https:\/\/www.czechcyclingfederation.com\/en\/wp-json\/wp\/v2\/users\/8"}],"replies":[{"embeddable":true,"href":"https:\/\/www.czechcyclingfederation.com\/en\/wp-json\/wp\/v2\/comments?post=12478"}],"version-history":[{"count":2,"href":"https:\/\/www.czechcyclingfederation.com\/en\/wp-json\/wp\/v2\/posts\/12478\/revisions"}],"predecessor-version":[{"id":12489,"href":"https:\/\/www.czechcyclingfederation.com\/en\/wp-json\/wp\/v2\/posts\/12478\/revisions\/12489"}],"wp:featuredmedia":[{"embeddable":true,"href":"https:\/\/www.czechcyclingfederation.com\/en\/wp-json\/wp\/v2\/media\/10107"}],"wp:attachment":[{"href":"https:\/\/www.czechcyclingfederation.com\/en\/wp-json\/wp\/v2\/media?parent=12478"}],"wp:term":[{"taxonomy":"category","embeddable":true,"href":"https:\/\/www.czechcyclingfederation.com\/en\/wp-json\/wp\/v2\/categories?post=12478"},{"taxonomy":"post_tag","embeddable":true,"href":"https:\/\/www.czechcyclingfederation.com\/en\/wp-json\/wp\/v2\/tags?post=12478"}],"curies":[{"name":"wp","href":"https:\/\/api.w.org\/{rel}","templated":true}]}}