{"id":12441,"date":"2022-06-14T16:14:44","date_gmt":"2022-06-14T14:14:44","guid":{"rendered":"https:\/\/www.czechcyclingfederation.com\/?p=12441"},"modified":"2022-06-14T16:14:46","modified_gmt":"2022-06-14T14:14:46","slug":"favorit-brno-vyhral-mcr-zaku-v-kolove","status":"publish","type":"post","link":"https:\/\/www.czechcyclingfederation.com\/en\/favorit-brno-vyhral-mcr-zaku-v-kolove\/","title":{"rendered":"Favorit Brno vyhr\u00e1l M\u010cR \u017e\u00e1k\u016f v kolov\u00e9"},"content":{"rendered":"\n<p>Dvojice TJ Favorit Brno\u00a0\u00a0\u00a0 v kolov\u00e9 Andrew Jan Bel\u00e1n a Michal Knofl\u00ed\u010dek se stala p\u0159ekvapiv\u00fdmi \u0161ampiony v v kategorii \u017e\u00e1k\u016f. V dom\u00e1c\u00ed hale porazila ve fin\u00e1le favorizovanou dvojici Sokola Zl\u00edn Pr\u0161tn\u00e9 Richard Baxa a Kry\u0161tof Struha\u0159 na penalty 1:0, kdy\u017e v norm\u00e1ln\u00edm \u010dase skon\u010dil souboj 1:1.<\/p>\n\n\n\n<p>Zl\u00edn Pr\u0161tn\u00e9 v z\u00e1kladn\u00ed skupin\u011b vyhr\u00e1l \u0161est z\u00e1pas\u016f, p\u0159i\u010dem\u017e v ani jenom neinkasoval, ale Favoritu podlehl 1:2. V souboji o t\u0159et\u00ed m\u00edsto, rovn\u011b\u017e po penaltov\u00e9m rozst\u0159elu s dru\u017estvem Prima Nezamyslice, vybojoval bronz celek SK Chodsko I.<\/p>\n\n\n\n<p>Po\u0159ad\u00ed M\u010cR:<\/p>\n\n\n\n<p>1. Favorit Brno (Bel\u00e1n, Knofl\u00ed\u010dek) 18 (28:9)<\/p>\n\n\n\n<p>2. Sokol Zl\u00edn Pr\u0161tn\u00e9 (Baxa, Struha\u0159) 18 (32:2)<\/p>\n\n\n\n<p>3. SK Chodsko I (Knopp, \u0160m\u00edd) 15 (14:9).<\/p>\n","protected":false},"excerpt":{"rendered":"<p>Dvojice TJ Favorit Brno\u00a0\u00a0\u00a0 v kolov\u00e9 Andrew Jan Bel\u00e1n a Michal Knofl\u00ed\u010dek se stala p\u0159ekvapiv\u00fdmi \u0161ampiony v v kategorii \u017e\u00e1k\u016f. V dom\u00e1c\u00ed hale porazila ve fin\u00e1le favorizovanou dvojici Sokola Zl\u00edn Pr\u0161tn\u00e9 Richard Baxa a Kry\u0161tof Struha\u0159 na penalty 1:0, kdy\u017e v norm\u00e1ln\u00edm \u010dase skon\u010dil souboj 1:1. Zl\u00edn Pr\u0161tn\u00e9 v z\u00e1kladn\u00ed skupin\u011b vyhr\u00e1l \u0161est z\u00e1pas\u016f, p\u0159i\u010dem\u017e [&hellip;]<\/p>\n","protected":false},"author":8,"featured_media":12442,"comment_status":"closed","ping_status":"open","sticky":false,"template":"","format":"standard","meta":{"footnotes":""},"categories":[2,60],"tags":[61],"class_list":["post-12441","post","type-post","status-publish","format-standard","has-post-thumbnail","hentry","category-novinky","category-salovka","tag-salovka"],"_links":{"self":[{"href":"https:\/\/www.czechcyclingfederation.com\/en\/wp-json\/wp\/v2\/posts\/12441","targetHints":{"allow":["GET"]}}],"collection":[{"href":"https:\/\/www.czechcyclingfederation.com\/en\/wp-json\/wp\/v2\/posts"}],"about":[{"href":"https:\/\/www.czechcyclingfederation.com\/en\/wp-json\/wp\/v2\/types\/post"}],"author":[{"embeddable":true,"href":"https:\/\/www.czechcyclingfederation.com\/en\/wp-json\/wp\/v2\/users\/8"}],"replies":[{"embeddable":true,"href":"https:\/\/www.czechcyclingfederation.com\/en\/wp-json\/wp\/v2\/comments?post=12441"}],"version-history":[{"count":1,"href":"https:\/\/www.czechcyclingfederation.com\/en\/wp-json\/wp\/v2\/posts\/12441\/revisions"}],"predecessor-version":[{"id":12443,"href":"https:\/\/www.czechcyclingfederation.com\/en\/wp-json\/wp\/v2\/posts\/12441\/revisions\/12443"}],"wp:featuredmedia":[{"embeddable":true,"href":"https:\/\/www.czechcyclingfederation.com\/en\/wp-json\/wp\/v2\/media\/12442"}],"wp:attachment":[{"href":"https:\/\/www.czechcyclingfederation.com\/en\/wp-json\/wp\/v2\/media?parent=12441"}],"wp:term":[{"taxonomy":"category","embeddable":true,"href":"https:\/\/www.czechcyclingfederation.com\/en\/wp-json\/wp\/v2\/categories?post=12441"},{"taxonomy":"post_tag","embeddable":true,"href":"https:\/\/www.czechcyclingfederation.com\/en\/wp-json\/wp\/v2\/tags?post=12441"}],"curies":[{"name":"wp","href":"https:\/\/api.w.org\/{rel}","templated":true}]}}