{"id":12410,"date":"2022-06-13T09:12:05","date_gmt":"2022-06-13T07:12:05","guid":{"rendered":"https:\/\/www.czechcyclingfederation.com\/?p=12410"},"modified":"2022-06-13T09:12:07","modified_gmt":"2022-06-13T07:12:07","slug":"mcr-msr-silnice-jiz-pristi-vikend-slouceny-zavod-zen-a-juniorek","status":"publish","type":"post","link":"https:\/\/www.czechcyclingfederation.com\/en\/mcr-msr-silnice-jiz-pristi-vikend-slouceny-zavod-zen-a-juniorek\/","title":{"rendered":"M\u010cR\/MSR Silnice ji\u017e p\u0159\u00ed\u0161t\u00ed v\u00edkend! Slou\u010den\u00fd z\u00e1vod \u017een a juniorek!"},"content":{"rendered":"\n<p>Leto\u0161n\u00ed M\u010cR\/MSR v silni\u010dn\u00ed cyklistice se uskute\u010dn\u00ed v Mlad\u00e9 Vo\u017eici na T\u00e1borsku a v Kov\u00e1\u0159ov\u011b na P\u00edsecku. V\u00fdznamn\u00fd sportovn\u00ed sv\u00e1tek odstartuje ve \u010dtvrtek 23. \u010dervna \u010dasovkou jednotlivc\u016f v Kov\u00e1\u0159ov\u011b a vyvrchol\u00ed v ned\u011bli 26. \u010dervna silni\u010dn\u00edm z\u00e1vodem jednotlivc\u016f v Mlad\u00e9 Vo\u017eici a jej\u00edm okol\u00ed. Po\u0159adatel\u00e9 o\u010dek\u00e1vaj\u00ed \u00fa\u010dast sportovn\u00edch hv\u011bzd jako je Peter Sagan, Zde\u0148ek \u0160tybar, Jan Hirt \u010di Martina S\u00e1bl\u00edkov\u00e1.<\/p>\n\n\n\n<p>Sledujte pros\u00edm nejaktu\u00e1ln\u011bj\u0161\u00ed zm\u011bnu propozic <a rel=\"noreferrer noopener\" href=\"https:\/\/www.czechcyclingfederation.com\/events\/mcr-msr-v-silnicni-cyklistice-2022\/\" target=\"_blank\">ZDE!<\/a><\/p>\n\n\n\n<p>Z organiza\u010dn\u00edch d\u016fvod\u016f do\u0161lo ke slou\u010den\u00ed z\u00e1vodu Juniorek a \u017den Elite, kter\u00fd se uskute\u010dn\u00ed 25.6.2022 od 9:00. Z\u00e1vod se pojede na 5 okruh\u016f a jeho celkov\u00e1 d\u00e9lka bude \u010dinit 98,6 km.<\/p>\n","protected":false},"excerpt":{"rendered":"<p>Leto\u0161n\u00ed M\u010cR\/MSR v silni\u010dn\u00ed cyklistice se uskute\u010dn\u00ed v Mlad\u00e9 Vo\u017eici na T\u00e1borsku a v Kov\u00e1\u0159ov\u011b na P\u00edsecku. V\u00fdznamn\u00fd sportovn\u00ed sv\u00e1tek odstartuje ve \u010dtvrtek 23. \u010dervna \u010dasovkou jednotlivc\u016f v Kov\u00e1\u0159ov\u011b a vyvrchol\u00ed v ned\u011bli 26. \u010dervna silni\u010dn\u00edm z\u00e1vodem jednotlivc\u016f v Mlad\u00e9 Vo\u017eici a jej\u00edm okol\u00ed. Po\u0159adatel\u00e9 o\u010dek\u00e1vaj\u00ed \u00fa\u010dast sportovn\u00edch hv\u011bzd jako je Peter Sagan, Zde\u0148ek \u0160tybar, [&hellip;]<\/p>\n","protected":false},"author":1,"featured_media":5056,"comment_status":"closed","ping_status":"open","sticky":false,"template":"","format":"standard","meta":{"footnotes":""},"categories":[17,2,18],"tags":[11],"class_list":["post-12410","post","type-post","status-publish","format-standard","has-post-thumbnail","hentry","category-discipliny","category-novinky","category-silnice","tag-silnice"],"_links":{"self":[{"href":"https:\/\/www.czechcyclingfederation.com\/en\/wp-json\/wp\/v2\/posts\/12410","targetHints":{"allow":["GET"]}}],"collection":[{"href":"https:\/\/www.czechcyclingfederation.com\/en\/wp-json\/wp\/v2\/posts"}],"about":[{"href":"https:\/\/www.czechcyclingfederation.com\/en\/wp-json\/wp\/v2\/types\/post"}],"author":[{"embeddable":true,"href":"https:\/\/www.czechcyclingfederation.com\/en\/wp-json\/wp\/v2\/users\/1"}],"replies":[{"embeddable":true,"href":"https:\/\/www.czechcyclingfederation.com\/en\/wp-json\/wp\/v2\/comments?post=12410"}],"version-history":[{"count":1,"href":"https:\/\/www.czechcyclingfederation.com\/en\/wp-json\/wp\/v2\/posts\/12410\/revisions"}],"predecessor-version":[{"id":12411,"href":"https:\/\/www.czechcyclingfederation.com\/en\/wp-json\/wp\/v2\/posts\/12410\/revisions\/12411"}],"wp:featuredmedia":[{"embeddable":true,"href":"https:\/\/www.czechcyclingfederation.com\/en\/wp-json\/wp\/v2\/media\/5056"}],"wp:attachment":[{"href":"https:\/\/www.czechcyclingfederation.com\/en\/wp-json\/wp\/v2\/media?parent=12410"}],"wp:term":[{"taxonomy":"category","embeddable":true,"href":"https:\/\/www.czechcyclingfederation.com\/en\/wp-json\/wp\/v2\/categories?post=12410"},{"taxonomy":"post_tag","embeddable":true,"href":"https:\/\/www.czechcyclingfederation.com\/en\/wp-json\/wp\/v2\/tags?post=12410"}],"curies":[{"name":"wp","href":"https:\/\/api.w.org\/{rel}","templated":true}]}}