{"id":12313,"date":"2022-06-03T18:35:07","date_gmt":"2022-06-03T16:35:07","guid":{"rendered":"https:\/\/www.czechcyclingfederation.com\/?p=12313"},"modified":"2022-06-03T18:35:10","modified_gmt":"2022-06-03T16:35:10","slug":"bittner-v-prvni-etape-zm-druhy-a-jde-do-zluteho","status":"publish","type":"post","link":"https:\/\/www.czechcyclingfederation.com\/en\/bittner-v-prvni-etape-zm-druhy-a-jde-do-zluteho\/","title":{"rendered":"Bittner v prvn\u00ed etap\u011b ZM druh\u00fd a jde do \u017elut\u00e9ho"},"content":{"rendered":"\n<p>\u00dasp\u011bchy \u010desk\u00fdch jezdc\u016f na leto\u0161n\u00edm Z\u00e1vodu m\u00edru jezdc\u016f kategorie U23 pokra\u010duj\u00ed. Po v\u00edt\u011bzstv\u00ed Mathiase Vacka v prologu skon\u010dil v dne\u0161n\u00ed prvn\u00ed etap\u011b z Jesen\u00edku do R\u00fdma\u0159ova po 131 kilometrech druh\u00fd jeho t\u00fdmov\u00fd kolega Pavel Bittner.<\/p>\n\n\n\n<p>\u010cesk\u00fd mlad\u00edk Bittner sice neobh\u00e1jil lo\u0148sk\u00e9 v\u00edt\u011bzstv\u00ed z t\u00e9to etapy, ale d\u00edky \u0161estivte\u0159inov\u00e9 bonifikaci se posunul do pr\u016fb\u011b\u017en\u00e9ho veden\u00ed z\u00e1vodu, kde vyst\u0159\u00eddal M. Vacka, kter\u00fd klesl na \u010dtvrt\u00e9 m\u00edsto, ale jeho hlavn\u00ed chv\u00edle by m\u011bly p\u0159ij\u00edt v z\u00edt\u0159ej\u0161\u00ed n\u00e1ro\u010dn\u00e9 vrcha\u0159sk\u00e9 etap\u011b kon\u010d\u00edc\u00ed dv\u011bma stoup\u00e1n\u00edmi na Dlouh\u00e9 str\u00e1n\u011b.<\/p>\n\n\n\n<p>Etapa s v\u00fdjezdem na \u010cervenohorsk\u00e9 sedlo se odehr\u00e1la podle p\u0159edpokl\u00e1dan\u00e9ho sc\u00e9n\u00e1\u0159e.&nbsp; V hromadn\u00e9m spurtu ji vyhr\u00e1l D\u00e1n Kolze Sebastian Changizi, za Bittnerem skon\u010dil t\u0159et\u00ed Samuel Watson z Brit\u00e1nie.<\/p>\n\n\n\n<p>\u201eMuseli jsme se dnes starat o trochu v\u00edc v\u011bc\u00ed, proto\u017ee jsme m\u011bli v t\u00fdmu \u017elu\u0165\u00e1ka. J\u00e1 jsem ale cht\u011bl potvrdit minul\u00fd rok a v\u011bd\u011bl jsem, \u017ee na to m\u00e1m. Ten dojezd tady m\u00e1m r\u00e1d, cht\u011bl jsem vyhr\u00e1t,\u201c \u0159ekl v c\u00edli Bittner. \u201eAle nebylo to tak hladk\u00e9 jako loni, m\u011bl jsem hor\u0161\u00ed n\u00e1jezd do fini\u0161e, tak\u017ee jsem se rozhodl, \u017ee do toho p\u016fjdu a sprintoval jsem asi 300 metr\u016f u\u017e ze zat\u00e1\u010dky do c\u00edle. Bohu\u017eel jeden byl rychlej\u0161\u00ed, ale m\u016f\u017eu b\u00fdt spokojen\u00fd,\u201c prohl\u00e1sil nov\u00fd celkov\u00fd l\u00eddr z\u00e1vodu.<\/p>\n\n\n\n<p>\u201eJe to super pocit, alespo\u0148 jednu etapu, je to \u010dest,\u201c uvedl. Jeho \u00fakolem v sobotn\u00ed etap\u011b s c\u00edlem Dlouh\u00fdch str\u00e1n\u00ed, je pomoct v\u00edt\u011bzovi \u010dtvrte\u010dn\u00edho prologu Mathiasi Vackovi, kter\u00fd by r\u00e1d \u00fato\u010dil na celkov\u00e9 v\u00edt\u011bzstv\u00ed v z\u00e1vodu. \u201eT\u011b\u0161\u00edm se moc, m\u00e1m r\u00e1d kopce, ale nejsem tady na celkov\u00e9 po\u0159ad\u00ed, m\u011bl jsem za c\u00edl dne\u0161n\u00ed etapu. Z\u00edtra mus\u00edm pomoct Mathiasovi a uvid\u00edme jak to vyjde,\u201c m\u011bl jasno Bittner.<\/p>\n\n\n\n<p>Hned na startu se do spole\u010dn\u00e9ho \u00faniku pustili Nizozemec Owen Geleijn a Slov\u00e1k Filip Lohinsk\u00fd, spole\u010dn\u011b si vypracovali n\u00e1skok a\u017e sedm minut, ale nejprve nesta\u010dil slovensk\u00fd cyklista a Nizozemce bal\u00edk p\u0159ed p\u0159\u00edjezdem do R\u00fdma\u0159ova dojel. Hlavn\u00ed peloton se tak dostal po \u010dty\u0159ech okruz\u00edch kolem R\u00fdma\u0159ova do c\u00edle spole\u010dn\u011b.<\/p>\n\n\n\n<p>V\u00fdsledky:<\/p>\n\n\n\n<p>1. etapa: Jesen\u00edk &#8211; R\u00fdma\u0159ov (131,6 km):<\/p>\n\n\n\n<p>1. Sebastian Changizi (D\u00e1n.) 3:20:10, 2. Bittner (\u010cR), 3. Watson (Brit.), 4. Plowright (Austr.), 5. Costiou (Fr.), 6. Gudmestad (Nor.), &#8230;37. M. Vacek (\u010cR), 43. \u0158\u00edman (Sazka Regional Team), 51. \u0158eha, 52. J. \u0164oupal\u00edk, 68. K. Vacek, 82. \u0158epa (v\u0161ichni \u010cR), 87. Km\u00ednek v\u0161ichni stejn\u00fd \u010das, 102. Voltr +17, 117. Fiala +10:30, 129. Dost\u00e1l (v\u0161ichni Sazka Regional Team) +16:36.<\/p>\n\n\n\n<p>Pr\u016fb\u011b\u017en\u00e9 po\u0159ad\u00ed:<\/p>\n\n\n\n<p>1. Bittner 3:24:17, 2. Changizi +1, 3. Watson +1, 4. M. Vacek +6, 5. van Eetvel (Belg.) +6, 6. Christen (\u0160v\u00fdc.) +7, &#8230;24. \u0158eha +12, 49. Km\u00ednek +16, 57. \u0158epa +19, 62. J. \u0164oupal\u00edk +20, 73. K. Vacek +22, 100. Voltr +40, 101. \u0158\u00edman +41, 114. Fiala +10:51, 129. Dost\u00e1l +7:12.<\/p>\n\n\n\n<p>FOTO Z\u00e1vod m\u00edru<\/p>\n\n\n\n<figure class=\"wp-block-image size-large\"><img loading=\"lazy\" decoding=\"async\" width=\"1024\" height=\"682\" src=\"http:\/\/www.czechcyclingfederation.com\/wp-content\/uploads\/2022\/06\/Bittner-M-Navratilova-04-1024x682.jpg\" alt=\"\" class=\"wp-image-12314\" srcset=\"https:\/\/www.czechcyclingfederation.com\/wp-content\/uploads\/2022\/06\/Bittner-M-Navratilova-04-1024x682.jpg 1024w, https:\/\/www.czechcyclingfederation.com\/wp-content\/uploads\/2022\/06\/Bittner-M-Navratilova-04-300x200.jpg 300w, https:\/\/www.czechcyclingfederation.com\/wp-content\/uploads\/2022\/06\/Bittner-M-Navratilova-04-768x512.jpg 768w, https:\/\/www.czechcyclingfederation.com\/wp-content\/uploads\/2022\/06\/Bittner-M-Navratilova-04-1536x1023.jpg 1536w, https:\/\/www.czechcyclingfederation.com\/wp-content\/uploads\/2022\/06\/Bittner-M-Navratilova-04-2048x1364.jpg 2048w, https:\/\/www.czechcyclingfederation.com\/wp-content\/uploads\/2022\/06\/Bittner-M-Navratilova-04-1320x879.jpg 1320w\" sizes=\"auto, (max-width: 1024px) 100vw, 1024px\" \/><\/figure>\n\n\n\n<figure class=\"wp-block-image size-large\"><img loading=\"lazy\" decoding=\"async\" width=\"576\" height=\"1024\" src=\"https:\/\/www.czechcyclingfederation.com\/wp-content\/uploads\/2022\/06\/WhatsApp-Image-2022-06-03-at-17.08.45-1-576x1024.jpeg\" alt=\"\" class=\"wp-image-12316\" srcset=\"https:\/\/www.czechcyclingfederation.com\/wp-content\/uploads\/2022\/06\/WhatsApp-Image-2022-06-03-at-17.08.45-1-576x1024.jpeg 576w, https:\/\/www.czechcyclingfederation.com\/wp-content\/uploads\/2022\/06\/WhatsApp-Image-2022-06-03-at-17.08.45-1-113x200.jpeg 113w, https:\/\/www.czechcyclingfederation.com\/wp-content\/uploads\/2022\/06\/WhatsApp-Image-2022-06-03-at-17.08.45-1-768x1365.jpeg 768w, https:\/\/www.czechcyclingfederation.com\/wp-content\/uploads\/2022\/06\/WhatsApp-Image-2022-06-03-at-17.08.45-1-864x1536.jpeg 864w, https:\/\/www.czechcyclingfederation.com\/wp-content\/uploads\/2022\/06\/WhatsApp-Image-2022-06-03-at-17.08.45-1.jpeg 900w\" sizes=\"auto, (max-width: 576px) 100vw, 576px\" \/><\/figure>\n","protected":false},"excerpt":{"rendered":"<p>\u00dasp\u011bchy \u010desk\u00fdch jezdc\u016f na leto\u0161n\u00edm Z\u00e1vodu m\u00edru jezdc\u016f kategorie U23 pokra\u010duj\u00ed. Po v\u00edt\u011bzstv\u00ed Mathiase Vacka v prologu skon\u010dil v dne\u0161n\u00ed prvn\u00ed etap\u011b z Jesen\u00edku do R\u00fdma\u0159ova po 131 kilometrech druh\u00fd jeho t\u00fdmov\u00fd kolega Pavel Bittner. \u010cesk\u00fd mlad\u00edk Bittner sice neobh\u00e1jil lo\u0148sk\u00e9 v\u00edt\u011bzstv\u00ed z t\u00e9to etapy, ale d\u00edky \u0161estivte\u0159inov\u00e9 bonifikaci se posunul do pr\u016fb\u011b\u017en\u00e9ho veden\u00ed z\u00e1vodu, [&hellip;]<\/p>\n","protected":false},"author":8,"featured_media":12315,"comment_status":"closed","ping_status":"open","sticky":false,"template":"","format":"standard","meta":{"footnotes":""},"categories":[2,18],"tags":[11],"class_list":["post-12313","post","type-post","status-publish","format-standard","has-post-thumbnail","hentry","category-novinky","category-silnice","tag-silnice"],"_links":{"self":[{"href":"https:\/\/www.czechcyclingfederation.com\/en\/wp-json\/wp\/v2\/posts\/12313","targetHints":{"allow":["GET"]}}],"collection":[{"href":"https:\/\/www.czechcyclingfederation.com\/en\/wp-json\/wp\/v2\/posts"}],"about":[{"href":"https:\/\/www.czechcyclingfederation.com\/en\/wp-json\/wp\/v2\/types\/post"}],"author":[{"embeddable":true,"href":"https:\/\/www.czechcyclingfederation.com\/en\/wp-json\/wp\/v2\/users\/8"}],"replies":[{"embeddable":true,"href":"https:\/\/www.czechcyclingfederation.com\/en\/wp-json\/wp\/v2\/comments?post=12313"}],"version-history":[{"count":1,"href":"https:\/\/www.czechcyclingfederation.com\/en\/wp-json\/wp\/v2\/posts\/12313\/revisions"}],"predecessor-version":[{"id":12317,"href":"https:\/\/www.czechcyclingfederation.com\/en\/wp-json\/wp\/v2\/posts\/12313\/revisions\/12317"}],"wp:featuredmedia":[{"embeddable":true,"href":"https:\/\/www.czechcyclingfederation.com\/en\/wp-json\/wp\/v2\/media\/12315"}],"wp:attachment":[{"href":"https:\/\/www.czechcyclingfederation.com\/en\/wp-json\/wp\/v2\/media?parent=12313"}],"wp:term":[{"taxonomy":"category","embeddable":true,"href":"https:\/\/www.czechcyclingfederation.com\/en\/wp-json\/wp\/v2\/categories?post=12313"},{"taxonomy":"post_tag","embeddable":true,"href":"https:\/\/www.czechcyclingfederation.com\/en\/wp-json\/wp\/v2\/tags?post=12313"}],"curies":[{"name":"wp","href":"https:\/\/api.w.org\/{rel}","templated":true}]}}