{"id":12307,"date":"2022-06-02T19:34:45","date_gmt":"2022-06-02T17:34:45","guid":{"rendered":"https:\/\/www.czechcyclingfederation.com\/?p=12307"},"modified":"2022-06-03T10:10:52","modified_gmt":"2022-06-03T08:10:52","slug":"prolog-zavodu-miru-u23-vyhral-mathias-vacek","status":"publish","type":"post","link":"https:\/\/www.czechcyclingfederation.com\/en\/prolog-zavodu-miru-u23-vyhral-mathias-vacek\/","title":{"rendered":"Prolog Z\u00e1vodu m\u00edru U23 vyhr\u00e1l Mathias Vacek"},"content":{"rendered":"\n<p>V\u00edt\u011bzem prologu Z\u00e1vodu m\u00edru jezdc\u016f do 23 let, kter\u00fd m\u011b\u0159il 3,37 km se stal \u010desk\u00fd talent Mathias Vacek. V ulic\u00edch centra Jesen\u00edku Vacek projel c\u00edlem trati v \u010dase 4:11,83 a druh\u00e9ho Belgi\u010dana Lennerta Van Eetvelta porazil o 11 setin vte\u0159iny. \u00dasp\u011bch \u010desk\u00fdch cyklist\u016f podtrhl \u0161est\u00fdm m\u00edstem Pavel Bittner, kter\u00fd na Vacka ztratil 2,11 sekundy. T\u0159et\u00ed skon\u010dil Brit Samuel Watson.&nbsp;<\/p>\n\n\n\n<p>&#8220;Jsem nesm\u00edrn\u011b spokojen, l\u00e9pe to snad ani ne\u0161lo&#8221; byla prvn\u00ed slova po prologu Mathiase Vacka, kter\u00fd v lo\u0148sk\u00e9m roce skon\u010dil v celkov\u00e9 klasifikaci \u0161est\u00fd.<\/p>\n\n\n\n<p>&#8220;Moc z\u00e1vod\u016f za sebou nem\u00e1m, o to jsem m\u011bl v\u011bt\u0161\u00ed motivaci. Nap\u00e1lil jsem to hned od za\u010d\u00e1tku, vydr\u017eel jsem a vy\u0161lo to. Jsem r\u00e1d, \u017ee jsem usp\u011bl na rovin\u011b a ji\u017e se t\u011b\u0161\u00edm do kopc\u016f. M\u00e1me tu velmi siln\u00fd a dobr\u00fd t\u00fdm a douf\u00e1m, \u017ee to dob\u0159e cel\u00e9 dob\u0159e dopadne,&#8221; \u0159ekl Mathias Vacek, kter\u00fd se do druh\u00e9 etapy oble\u010de do trikotu vedouc\u00edho jezdce z\u00e1vodu.<\/p>\n\n\n\n<p>Druh\u00e1 etapa v p\u00e1tek m\u011b\u0159\u00ed 130 kilometr\u016f, rozhodovat o celkov\u00e9m v\u00edt\u011bzi se patrn\u011b bude v sobotu, kdy z\u00e1vodn\u00edky \u010dek\u00e1 dvoj\u00ed v\u00fdjezd z Lou\u010dn\u00e9 nad Desnou na ob\u00e1van\u00e9 Dlouh\u00e9 Str\u00e1n\u011b. Z\u00e1vod kon\u010d\u00ed ned\u011bln\u00ed 166 km dlouho etapou v okol\u00ed Jesen\u00edku.<\/p>\n\n\n\n<p>V\u00fdsledky:<\/p>\n\n\n\n<p>Prolog na 3,37 km:<\/p>\n\n\n\n<p>1. M. Vacek (\u010cR) 4:11,83, 2. van Eetvelt (Belg.) +0,11, 3. Watson (Brit.) +0,64, 4. Madsen (D\u00e1n.) +1,06, 5. Ronhaar (Niz.) +1,24, 6. Bittner +2,11, 28. \u0158eha (oba \u010cR) +5,84, 57. Km\u00ednek (Sazka Regional Team) +9,71, 67. \u0158eha +12,20, 73. J. \u0164oupal\u00edk +13,56, 86. K. Vacek (v\u0161ichni \u010cR) +16,16, 90. Fiala +16,79, 103. Voltr +18,66, 132. Dost\u00e1l +31,96, 134. Jind\u0159ich +33,70, 135. \u0158\u00edman (v\u0161ichni Sazka Regional Team) +34:46.<\/p>\n\n\n\n<p>FOTO Barbora Reichov\u00e1, Mark\u00e9ta Navr\u00e1tilov\u00e1\/Z\u00e1vod m\u00edru<\/p>\n\n\n\n<figure class=\"wp-block-image size-large\"><img loading=\"lazy\" decoding=\"async\" width=\"1024\" height=\"683\" src=\"http:\/\/www.czechcyclingfederation.com\/wp-content\/uploads\/2022\/06\/M.-Vacek-_93Q7101-M.-Navratilkova-1024x683.jpg\" alt=\"\" class=\"wp-image-12308\" srcset=\"https:\/\/www.czechcyclingfederation.com\/wp-content\/uploads\/2022\/06\/M.-Vacek-_93Q7101-M.-Navratilkova-1024x683.jpg 1024w, https:\/\/www.czechcyclingfederation.com\/wp-content\/uploads\/2022\/06\/M.-Vacek-_93Q7101-M.-Navratilkova-300x200.jpg 300w, https:\/\/www.czechcyclingfederation.com\/wp-content\/uploads\/2022\/06\/M.-Vacek-_93Q7101-M.-Navratilkova-768x512.jpg 768w, https:\/\/www.czechcyclingfederation.com\/wp-content\/uploads\/2022\/06\/M.-Vacek-_93Q7101-M.-Navratilkova-1536x1024.jpg 1536w\" sizes=\"auto, (max-width: 1024px) 100vw, 1024px\" \/><\/figure>\n","protected":false},"excerpt":{"rendered":"<p>V\u00edt\u011bzem prologu Z\u00e1vodu m\u00edru jezdc\u016f do 23 let, kter\u00fd m\u011b\u0159il 3,37 km se stal \u010desk\u00fd talent Mathias Vacek. V ulic\u00edch centra Jesen\u00edku Vacek projel c\u00edlem trati v \u010dase 4:11,83 a druh\u00e9ho Belgi\u010dana Lennerta Van Eetvelta porazil o 11 setin vte\u0159iny. \u00dasp\u011bch \u010desk\u00fdch cyklist\u016f podtrhl \u0161est\u00fdm m\u00edstem Pavel Bittner, kter\u00fd na Vacka ztratil 2,11 sekundy. T\u0159et\u00ed [&hellip;]<\/p>\n","protected":false},"author":8,"featured_media":12310,"comment_status":"closed","ping_status":"open","sticky":false,"template":"","format":"standard","meta":{"footnotes":""},"categories":[2,18],"tags":[11],"class_list":["post-12307","post","type-post","status-publish","format-standard","has-post-thumbnail","hentry","category-novinky","category-silnice","tag-silnice"],"_links":{"self":[{"href":"https:\/\/www.czechcyclingfederation.com\/en\/wp-json\/wp\/v2\/posts\/12307","targetHints":{"allow":["GET"]}}],"collection":[{"href":"https:\/\/www.czechcyclingfederation.com\/en\/wp-json\/wp\/v2\/posts"}],"about":[{"href":"https:\/\/www.czechcyclingfederation.com\/en\/wp-json\/wp\/v2\/types\/post"}],"author":[{"embeddable":true,"href":"https:\/\/www.czechcyclingfederation.com\/en\/wp-json\/wp\/v2\/users\/8"}],"replies":[{"embeddable":true,"href":"https:\/\/www.czechcyclingfederation.com\/en\/wp-json\/wp\/v2\/comments?post=12307"}],"version-history":[{"count":2,"href":"https:\/\/www.czechcyclingfederation.com\/en\/wp-json\/wp\/v2\/posts\/12307\/revisions"}],"predecessor-version":[{"id":12312,"href":"https:\/\/www.czechcyclingfederation.com\/en\/wp-json\/wp\/v2\/posts\/12307\/revisions\/12312"}],"wp:featuredmedia":[{"embeddable":true,"href":"https:\/\/www.czechcyclingfederation.com\/en\/wp-json\/wp\/v2\/media\/12310"}],"wp:attachment":[{"href":"https:\/\/www.czechcyclingfederation.com\/en\/wp-json\/wp\/v2\/media?parent=12307"}],"wp:term":[{"taxonomy":"category","embeddable":true,"href":"https:\/\/www.czechcyclingfederation.com\/en\/wp-json\/wp\/v2\/categories?post=12307"},{"taxonomy":"post_tag","embeddable":true,"href":"https:\/\/www.czechcyclingfederation.com\/en\/wp-json\/wp\/v2\/tags?post=12307"}],"curies":[{"name":"wp","href":"https:\/\/api.w.org\/{rel}","templated":true}]}}