{"id":12285,"date":"2022-05-30T13:45:00","date_gmt":"2022-05-30T11:45:00","guid":{"rendered":"https:\/\/www.czechcyclingfederation.com\/?p=12285"},"modified":"2022-05-30T13:45:02","modified_gmt":"2022-05-30T11:45:02","slug":"cesky-pohar-mladeze-a-zen-na-draze-v-prostejove","status":"publish","type":"post","link":"https:\/\/www.czechcyclingfederation.com\/en\/cesky-pohar-mladeze-a-zen-na-draze-v-prostejove\/","title":{"rendered":"\u010cesk\u00fd poh\u00e1r ml\u00e1de\u017ee a \u017een na dr\u00e1ze v Prost\u011bjov\u011b"},"content":{"rendered":"\n<p>\u010cesk\u00fd poh\u00e1r ml\u00e1de\u017ee a \u017een v dr\u00e1hov\u00e9 cyklistice 2022, Velk\u00e1 cena DT &#8211; V\u00fdhybk\u00e1rna a stroj\u00edrna, a.s. v\u00a0Prost\u011bjov\u011b p\u0159inesl ve spole\u010dn\u00e9 kategorii junior\u016f a \u017een prvenstv\u00ed v\u00a0madisonu dvojici Radovan \u0160tec, Maty\u00e1\u0161 Kobl\u00ed\u017eek (TUFO PARDUS Prost\u011bjov), nejlep\u0161\u00ed z\u00a0\u017een byly Petra \u0160ev\u010d\u00edkov\u00e1 a Kate\u0159ina Kohoutkov\u00e1 (Dukla Praha), kter\u00e9 obsadily \u0161est\u00e9 m\u00edsto.\u00a0\u00a0\u00a0\u00a0\u00a0\u00a0\u00a0\u00a0\u00a0\u00a0 \u00a0\u00a0\u00a0\u00a0\u00a0\u00a0\u00a0\u00a0\u00a0\u00a0\u00a0\u00a0\u00a0\u00a0\u00a0\u00a0\u00a0\u00a0\u00a0\u00a0\u00a0\u00a0\u00a0\u00a0\u00a0\u00a0\u00a0\u00a0\u00a0\u00a0\u00a0\u00a0\u00a0\u00a0\u00a0\u00a0\u00a0\u00a0\u00a0\u00a0\u00a0\u00a0\u00a0\u00a0\u00a0\u00a0\u00a0\u00a0\u00a0\u00a0\u00a0\u00a0\u00a0\u00a0\u00a0\u00a0\u00a0\u00a0<\/p>\n\n\n\n<p>V\u00fdsledky:<\/p>\n\n\n\n<p>Madison:<\/p>\n\n\n\n<p>Junio\u0159i a \u017eeny:<\/p>\n\n\n\n<p>1. \u0160tec, M. Kobl\u00ed\u017eek (TUFO PARDUS Prost\u011bjov) 38, 2. Kohout, Hlad\u00edk (Roman Kreuziger Cycling Academy) -30, 3. Pokorn\u00fd, Soukup (TUFO PARDUS Prost\u011bjov) -46, &#8230;6. \u0160ev\u010d\u00edkov\u00e1, Kohoutkov\u00e1 (Dukla Praha) -58.<\/p>\n\n\n\n<p>Kadetky, \u017ea\u010dky a \u017e\u00e1ci star\u0161\u00ed:<\/p>\n\n\n\n<p>1. B. Lazarov\u00e1, E. Lazarov\u00e1 (TJ Favorit Brno) 23, 2. Bene\u0161ov\u00e1, Jaro\u0161ov\u00e1 (Sportcomplex B\u010declav\/Dukla Praha) 16, 3. Ruchterov\u00e1, Mikul\u00e1\u0161kov\u00e1 (TUFO PARDUS Prost\u011bjov) 10.<\/p>\n\n\n\n<p>St\u00edhac\u00ed z\u00e1vod:<\/p>\n\n\n\n<p>Mlad\u0161\u00ed \u017e\u00e1ci:&nbsp;&nbsp;&nbsp;&nbsp;&nbsp;&nbsp;&nbsp;&nbsp;&nbsp;&nbsp;&nbsp;&nbsp;&nbsp;&nbsp;&nbsp;&nbsp;&nbsp;&nbsp;&nbsp;&nbsp;&nbsp;&nbsp;&nbsp;&nbsp;&nbsp;&nbsp;&nbsp;&nbsp;&nbsp;&nbsp;&nbsp;&nbsp;&nbsp;&nbsp;&nbsp;&nbsp;&nbsp;&nbsp;&nbsp;&nbsp;&nbsp;&nbsp;&nbsp;&nbsp;&nbsp;&nbsp;&nbsp;&nbsp;&nbsp;&nbsp;&nbsp;&nbsp;&nbsp;&nbsp;&nbsp;&nbsp;&nbsp;&nbsp;&nbsp;&nbsp;<\/p>\n\n\n\n<p>1. Kn\u00ed\u017ee, Markusek, Filipek (SK Pet\u0159\u00edn Plze\u0148\/KOVO Praha) 5:12,130.<\/p>\n\n\n\n<p>Star\u0161\u00ed \u017e\u00e1ci:&nbsp;&nbsp;&nbsp;&nbsp;&nbsp;&nbsp;&nbsp;&nbsp;&nbsp;&nbsp;&nbsp;&nbsp;&nbsp;&nbsp;&nbsp;&nbsp;&nbsp;&nbsp;&nbsp;&nbsp;&nbsp;&nbsp;&nbsp;&nbsp;&nbsp;&nbsp;&nbsp;&nbsp;&nbsp;&nbsp;&nbsp;&nbsp;&nbsp;&nbsp;&nbsp;&nbsp;&nbsp;&nbsp;&nbsp;&nbsp;&nbsp;&nbsp;&nbsp;&nbsp;&nbsp;&nbsp;&nbsp;&nbsp;&nbsp;&nbsp;&nbsp;&nbsp;&nbsp;&nbsp;&nbsp;&nbsp;&nbsp;&nbsp;&nbsp;&nbsp;&nbsp;&nbsp;<\/p>\n\n\n\n<p>1. Z\u016fma, Krti\u010dka, Birhanzl (Profi Sport Cheb\/SK Pet\u0159\u00edn Plze\u0148\/KOVO Praha) 4:48,705.<\/p>\n\n\n\n<p>Star\u0161\u00ed \u017ea\u010dky, kadetky:&nbsp;&nbsp;&nbsp;&nbsp;&nbsp;&nbsp;&nbsp;&nbsp;&nbsp;&nbsp;&nbsp;&nbsp;&nbsp;&nbsp;&nbsp;&nbsp;&nbsp;&nbsp;&nbsp;&nbsp;&nbsp;&nbsp;&nbsp;&nbsp;&nbsp;&nbsp;&nbsp;&nbsp;&nbsp;&nbsp;&nbsp;&nbsp;&nbsp;&nbsp;&nbsp;&nbsp;&nbsp;&nbsp;&nbsp;&nbsp;&nbsp;&nbsp;&nbsp;&nbsp;&nbsp;&nbsp;&nbsp;&nbsp;&nbsp;&nbsp;&nbsp;&nbsp;&nbsp;&nbsp;&nbsp;&nbsp;&nbsp;&nbsp;&nbsp;&nbsp;&nbsp;&nbsp;&nbsp;&nbsp;&nbsp;&nbsp;<\/p>\n\n\n\n<p>1. B. Lazarov\u00e1, E. Lazarov\u00e1, Lep\u00edkov\u00e1, Jaro\u0161ov\u00e1 (TJ Favorit Brno\/Cykloteam Ostrov\/Dukla Praha) 4:26,875, 2. Hr\u016fzov\u00e1, N\u011bmcov\u00e1, Zimov\u00e1, Bene\u0161ov\u00e1 (Sportcomplex B\u0159eclav) 4:29,108.<\/p>\n\n\n\n<p>Kadeti:<\/p>\n\n\n\n<p>Fin\u00e1le: Poda\u0159il, Brad\u00e1\u010d, Je\u0159\u00e1bek, Kr\u00e1l (Dukla Praha) 3:41,067 &#8211; Pe\u0161ek, Peterka, Frajbi\u0161, Icha (Mix team Plze\u0148) 3:54,873, 3. \u0160andera, Just, Nov\u00e1k, Proch\u00e1zka (TUFO PARDUS Prost\u011bjov) 3:47,723.<\/p>\n\n\n\n<p>Juniorky:<\/p>\n\n\n\n<p>1. Hermanov\u00e1, N\u011bmcov\u00e1, Markov\u00e1, Runtov\u00e1 (Sporcomplex B\u0159eclav\/Dukla Praha) 5:08,094.<\/p>\n\n\n\n<p>FOTO Jan Brychta<\/p>\n","protected":false},"excerpt":{"rendered":"<p>\u010cesk\u00fd poh\u00e1r ml\u00e1de\u017ee a \u017een v dr\u00e1hov\u00e9 cyklistice 2022, Velk\u00e1 cena DT &#8211; V\u00fdhybk\u00e1rna a stroj\u00edrna, a.s. v\u00a0Prost\u011bjov\u011b p\u0159inesl ve spole\u010dn\u00e9 kategorii junior\u016f a \u017een prvenstv\u00ed v\u00a0madisonu dvojici Radovan \u0160tec, Maty\u00e1\u0161 Kobl\u00ed\u017eek (TUFO PARDUS Prost\u011bjov), nejlep\u0161\u00ed z\u00a0\u017een byly Petra \u0160ev\u010d\u00edkov\u00e1 a Kate\u0159ina Kohoutkov\u00e1 (Dukla Praha), kter\u00e9 obsadily \u0161est\u00e9 m\u00edsto.\u00a0\u00a0\u00a0\u00a0\u00a0\u00a0\u00a0\u00a0\u00a0\u00a0 \u00a0\u00a0\u00a0\u00a0\u00a0\u00a0\u00a0\u00a0\u00a0\u00a0\u00a0\u00a0\u00a0\u00a0\u00a0\u00a0\u00a0\u00a0\u00a0\u00a0\u00a0\u00a0\u00a0\u00a0\u00a0\u00a0\u00a0\u00a0\u00a0\u00a0\u00a0\u00a0\u00a0\u00a0\u00a0\u00a0\u00a0\u00a0\u00a0\u00a0\u00a0\u00a0\u00a0\u00a0\u00a0\u00a0\u00a0\u00a0\u00a0\u00a0\u00a0\u00a0\u00a0\u00a0\u00a0\u00a0\u00a0\u00a0 V\u00fdsledky: Madison: Junio\u0159i a \u017eeny: [&hellip;]<\/p>\n","protected":false},"author":8,"featured_media":12284,"comment_status":"closed","ping_status":"open","sticky":false,"template":"","format":"standard","meta":{"footnotes":""},"categories":[54,2],"tags":[9],"class_list":["post-12285","post","type-post","status-publish","format-standard","has-post-thumbnail","hentry","category-draha","category-novinky","tag-draha"],"_links":{"self":[{"href":"https:\/\/www.czechcyclingfederation.com\/en\/wp-json\/wp\/v2\/posts\/12285","targetHints":{"allow":["GET"]}}],"collection":[{"href":"https:\/\/www.czechcyclingfederation.com\/en\/wp-json\/wp\/v2\/posts"}],"about":[{"href":"https:\/\/www.czechcyclingfederation.com\/en\/wp-json\/wp\/v2\/types\/post"}],"author":[{"embeddable":true,"href":"https:\/\/www.czechcyclingfederation.com\/en\/wp-json\/wp\/v2\/users\/8"}],"replies":[{"embeddable":true,"href":"https:\/\/www.czechcyclingfederation.com\/en\/wp-json\/wp\/v2\/comments?post=12285"}],"version-history":[{"count":1,"href":"https:\/\/www.czechcyclingfederation.com\/en\/wp-json\/wp\/v2\/posts\/12285\/revisions"}],"predecessor-version":[{"id":12286,"href":"https:\/\/www.czechcyclingfederation.com\/en\/wp-json\/wp\/v2\/posts\/12285\/revisions\/12286"}],"wp:featuredmedia":[{"embeddable":true,"href":"https:\/\/www.czechcyclingfederation.com\/en\/wp-json\/wp\/v2\/media\/12284"}],"wp:attachment":[{"href":"https:\/\/www.czechcyclingfederation.com\/en\/wp-json\/wp\/v2\/media?parent=12285"}],"wp:term":[{"taxonomy":"category","embeddable":true,"href":"https:\/\/www.czechcyclingfederation.com\/en\/wp-json\/wp\/v2\/categories?post=12285"},{"taxonomy":"post_tag","embeddable":true,"href":"https:\/\/www.czechcyclingfederation.com\/en\/wp-json\/wp\/v2\/tags?post=12285"}],"curies":[{"name":"wp","href":"https:\/\/api.w.org\/{rel}","templated":true}]}}