{"id":12274,"date":"2022-05-30T11:19:57","date_gmt":"2022-05-30T09:19:57","guid":{"rendered":"https:\/\/www.czechcyclingfederation.com\/?p=12274"},"modified":"2022-05-30T11:19:59","modified_gmt":"2022-05-30T09:19:59","slug":"cyklistika-na-uk-ftvs-do-sedel","status":"publish","type":"post","link":"https:\/\/www.czechcyclingfederation.com\/en\/cyklistika-na-uk-ftvs-do-sedel\/","title":{"rendered":"CYKLISTIKA NA UK FTVS! DO SEDEL!"},"content":{"rendered":"\n<p>Pat\u0159\u00ed cyklistika mezi tv\u00e9 obl\u00edben\u00e9 sporty, chce\u0161 se o n\u00ed dozv\u011bd\u011bt v\u00edc?<\/p>\n\n\n\n<p>Studuj na UK FTVS tuto sportovn\u00ed specializaci. M\u00e1\u0161 tak\u00e9 mo\u017enost st\u00e1t se<\/p>\n\n\n\n<p>tren\u00e9rem a z\u00edskat kvalifikaci tren\u00e9ra (tren\u00e9rsk\u00e1 licence \u201eB\u201c), kter\u00e1 je druhou<\/p>\n\n\n\n<p>nejvy\u0161\u0161\u00ed tren\u00e9rskou kvalifikac\u00ed v cyklistice.<\/p>\n\n\n\n<p>\u2022 Poznej mo\u017enosti a nau\u010d se pl\u00e1nov\u00e1n\u00ed cyklistick\u00e9ho tr\u00e9ninku<\/p>\n\n\n\n<p>se Svatoplukem Henkem.<\/p>\n\n\n\n<p>\u2022 Za\u017eij kilometry na horsk\u00e9m a silni\u010dn\u00edm kole s paraolympionikem Michalem<\/p>\n\n\n\n<p>Starkem nebo mistrem Evropy Kristi\u00e1nem Hynkem.<\/p>\n\n\n\n<p>\u2022 Vychutnej si besedy o Cape Epic nebo Para olympi\u00e1d\u011b.<\/p>\n\n\n\n<p>Cyklistick\u00fd kemp&nbsp;<strong>&nbsp;(bike, silni\u010dka, gravel&#8230;)<\/strong><\/p>\n\n\n\n<p>term\u00edn: 16. \u2013 19. 6. 2022<\/p>\n\n\n\n<p>m\u00edsto: Pec pod Sn\u011b\u017ekou, chata Mulda<\/p>\n\n\n\n<p>CENA: 8 900 K\u010d<\/p>\n\n\n\n<p>(cena zahrnuje, kurz, ubytov\u00e1n\u00ed + polopenzi &nbsp;(\u010dtvrtek &nbsp;\u2013 ned\u011ble) a bal\u00ed\u010dek od partner\u016f)<\/p>\n\n\n\n<p>V\u00edce informac\u00ed: Hanka Topolovov\u00e1,&nbsp;<a>topolovova@ftvs.cuni.cz<\/a><\/p>\n\n\n\n<p>Objednat\u00a0<a href=\"http:\/\/www.ftvs-vzdelavani.cz\/\">www.ftvs-vzdelavani.cz<\/a>.<\/p>\n\n\n\n<figure class=\"wp-block-image size-large\"><img loading=\"lazy\" decoding=\"async\" width=\"826\" height=\"1024\" src=\"https:\/\/www.czechcyclingfederation.com\/wp-content\/uploads\/2022\/05\/Snimek-obrazovky-2022-05-30-v-11.15.55-1-826x1024.png\" alt=\"\" class=\"wp-image-12279\" srcset=\"https:\/\/www.czechcyclingfederation.com\/wp-content\/uploads\/2022\/05\/Snimek-obrazovky-2022-05-30-v-11.15.55-1-826x1024.png 826w, https:\/\/www.czechcyclingfederation.com\/wp-content\/uploads\/2022\/05\/Snimek-obrazovky-2022-05-30-v-11.15.55-1-161x200.png 161w, https:\/\/www.czechcyclingfederation.com\/wp-content\/uploads\/2022\/05\/Snimek-obrazovky-2022-05-30-v-11.15.55-1-768x952.png 768w, https:\/\/www.czechcyclingfederation.com\/wp-content\/uploads\/2022\/05\/Snimek-obrazovky-2022-05-30-v-11.15.55-1.png 1092w\" sizes=\"auto, (max-width: 826px) 100vw, 826px\" \/><\/figure>\n\n\n\n<figure class=\"wp-block-image size-large\"><img loading=\"lazy\" decoding=\"async\" width=\"724\" height=\"1024\" src=\"https:\/\/www.czechcyclingfederation.com\/wp-content\/uploads\/2022\/05\/Snimek-obrazovky-2022-05-30-v-11.15.44-1-724x1024.png\" alt=\"\" class=\"wp-image-12280\" srcset=\"https:\/\/www.czechcyclingfederation.com\/wp-content\/uploads\/2022\/05\/Snimek-obrazovky-2022-05-30-v-11.15.44-1-724x1024.png 724w, https:\/\/www.czechcyclingfederation.com\/wp-content\/uploads\/2022\/05\/Snimek-obrazovky-2022-05-30-v-11.15.44-1-141x200.png 141w, https:\/\/www.czechcyclingfederation.com\/wp-content\/uploads\/2022\/05\/Snimek-obrazovky-2022-05-30-v-11.15.44-1-768x1086.png 768w, https:\/\/www.czechcyclingfederation.com\/wp-content\/uploads\/2022\/05\/Snimek-obrazovky-2022-05-30-v-11.15.44-1.png 913w\" sizes=\"auto, (max-width: 724px) 100vw, 724px\" \/><\/figure>\n","protected":false},"excerpt":{"rendered":"<p>Pat\u0159\u00ed cyklistika mezi tv\u00e9 obl\u00edben\u00e9 sporty, chce\u0161 se o n\u00ed dozv\u011bd\u011bt v\u00edc? Studuj na UK FTVS tuto sportovn\u00ed specializaci. M\u00e1\u0161 tak\u00e9 mo\u017enost st\u00e1t se tren\u00e9rem a z\u00edskat kvalifikaci tren\u00e9ra (tren\u00e9rsk\u00e1 licence \u201eB\u201c), kter\u00e1 je druhou nejvy\u0161\u0161\u00ed tren\u00e9rskou kvalifikac\u00ed v cyklistice. \u2022 Poznej mo\u017enosti a nau\u010d se pl\u00e1nov\u00e1n\u00ed cyklistick\u00e9ho tr\u00e9ninku se Svatoplukem Henkem. \u2022 Za\u017eij kilometry [&hellip;]<\/p>\n","protected":false},"author":1,"featured_media":12276,"comment_status":"closed","ping_status":"open","sticky":false,"template":"","format":"standard","meta":{"footnotes":""},"categories":[2,173],"tags":[174],"class_list":["post-12274","post","type-post","status-publish","format-standard","has-post-thumbnail","hentry","category-novinky","category-vzdelavani","tag-vzdelavani"],"_links":{"self":[{"href":"https:\/\/www.czechcyclingfederation.com\/en\/wp-json\/wp\/v2\/posts\/12274","targetHints":{"allow":["GET"]}}],"collection":[{"href":"https:\/\/www.czechcyclingfederation.com\/en\/wp-json\/wp\/v2\/posts"}],"about":[{"href":"https:\/\/www.czechcyclingfederation.com\/en\/wp-json\/wp\/v2\/types\/post"}],"author":[{"embeddable":true,"href":"https:\/\/www.czechcyclingfederation.com\/en\/wp-json\/wp\/v2\/users\/1"}],"replies":[{"embeddable":true,"href":"https:\/\/www.czechcyclingfederation.com\/en\/wp-json\/wp\/v2\/comments?post=12274"}],"version-history":[{"count":2,"href":"https:\/\/www.czechcyclingfederation.com\/en\/wp-json\/wp\/v2\/posts\/12274\/revisions"}],"predecessor-version":[{"id":12281,"href":"https:\/\/www.czechcyclingfederation.com\/en\/wp-json\/wp\/v2\/posts\/12274\/revisions\/12281"}],"wp:featuredmedia":[{"embeddable":true,"href":"https:\/\/www.czechcyclingfederation.com\/en\/wp-json\/wp\/v2\/media\/12276"}],"wp:attachment":[{"href":"https:\/\/www.czechcyclingfederation.com\/en\/wp-json\/wp\/v2\/media?parent=12274"}],"wp:term":[{"taxonomy":"category","embeddable":true,"href":"https:\/\/www.czechcyclingfederation.com\/en\/wp-json\/wp\/v2\/categories?post=12274"},{"taxonomy":"post_tag","embeddable":true,"href":"https:\/\/www.czechcyclingfederation.com\/en\/wp-json\/wp\/v2\/tags?post=12274"}],"curies":[{"name":"wp","href":"https:\/\/api.w.org\/{rel}","templated":true}]}}