{"id":12257,"date":"2022-05-29T18:50:35","date_gmt":"2022-05-29T16:50:35","guid":{"rendered":"https:\/\/www.czechcyclingfederation.com\/?p=12257"},"modified":"2022-05-29T18:50:37","modified_gmt":"2022-05-29T16:50:37","slug":"maly-zavod-miru-ovladl-nemec-karstedt","status":"publish","type":"post","link":"https:\/\/www.czechcyclingfederation.com\/en\/maly-zavod-miru-ovladl-nemec-karstedt\/","title":{"rendered":"Mal\u00fd Z\u00e1vod m\u00edru ovl\u00e1dl N\u011bmec Karstedt"},"content":{"rendered":"\n<p>Ji\u017e 51. ro\u010dn\u00edk mal\u00e9ho Z\u00e1vodu m\u00edru pro star\u0161\u00ed \u017e\u00e1ky a kadetky naprosto ovl\u00e1dl n\u011bmeck\u00fd jezdec Lenny Karstedt z t\u00fdmu Team Brandenburg German. P\u0159ed druh\u00fdm v celkov\u00e9m po\u0159ad\u00ed Jakubem Miku\u0161em ze Slovenska vyhr\u00e1l o 1:12 a vyhr\u00e1l v\u0161echny t\u0159i etapy i \u00favodn\u00ed kr\u00e1tkou \u010dasovku. T\u0159et\u00ed skon\u010dil dal\u0161\u00ed slovensk\u00fd jezdec Luk\u00e1\u0161 Gardian.<\/p>\n\n\n\n<p>Nejlep\u0161\u00ed z \u010desk\u00fdch mlad\u00fdch cyklist\u016f byl na \u010dtvrt\u00e9m m\u00edst\u011b Anton\u00edn John z t\u00fdmu Brilon Racing Team MB. Nejlep\u0161\u00ed z kadetek byla na 13. m\u00edst\u011b Nela Ka\u0148kovsk\u00e1 (Mapei Merida Ka\u0148kovsk\u00fd), kter\u00e1 zaostala za v\u00edt\u011bzem o 3:26.<\/p>\n\n\n\n<p>Kone\u010dn\u00e9 po\u0159ad\u00ed:<\/p>\n\n\n\n<p>1. Karstedt (N\u011bm.) 3:53:05, 2. Miku\u0161 +1:12, 3. Gardian (oba SR) +1:28, 4. John (Brilon Racing Team MB) +1:54, 5. Z\u00e1chensk\u00fd +1:58, 6. Sobota (oba SR) +2:14, &#8230;13. Ka\u0148kovsk\u00e1 (Mapei Merida Ka\u0148kovsk\u00fd) +3:26.<\/p>\n\n\n\n<p>FOTO MZM<\/p>\n\n\n\n<figure class=\"wp-block-image size-large\"><img loading=\"lazy\" decoding=\"async\" width=\"1024\" height=\"768\" src=\"http:\/\/www.czechcyclingfederation.com\/wp-content\/uploads\/2022\/05\/P5283218-1024x768.jpg\" alt=\"\" class=\"wp-image-12259\" srcset=\"https:\/\/www.czechcyclingfederation.com\/wp-content\/uploads\/2022\/05\/P5283218-1024x768.jpg 1024w, https:\/\/www.czechcyclingfederation.com\/wp-content\/uploads\/2022\/05\/P5283218-267x200.jpg 267w, https:\/\/www.czechcyclingfederation.com\/wp-content\/uploads\/2022\/05\/P5283218-768x576.jpg 768w, https:\/\/www.czechcyclingfederation.com\/wp-content\/uploads\/2022\/05\/P5283218-1536x1152.jpg 1536w, https:\/\/www.czechcyclingfederation.com\/wp-content\/uploads\/2022\/05\/P5283218-1320x990.jpg 1320w, https:\/\/www.czechcyclingfederation.com\/wp-content\/uploads\/2022\/05\/P5283218.jpg 2000w\" sizes=\"auto, (max-width: 1024px) 100vw, 1024px\" \/><figcaption>OLYMPUS DIGITAL CAMERA<\/figcaption><\/figure>\n","protected":false},"excerpt":{"rendered":"<p>Ji\u017e 51. ro\u010dn\u00edk mal\u00e9ho Z\u00e1vodu m\u00edru pro star\u0161\u00ed \u017e\u00e1ky a kadetky naprosto ovl\u00e1dl n\u011bmeck\u00fd jezdec Lenny Karstedt z t\u00fdmu Team Brandenburg German. P\u0159ed druh\u00fdm v celkov\u00e9m po\u0159ad\u00ed Jakubem Miku\u0161em ze Slovenska vyhr\u00e1l o 1:12 a vyhr\u00e1l v\u0161echny t\u0159i etapy i \u00favodn\u00ed kr\u00e1tkou \u010dasovku. T\u0159et\u00ed skon\u010dil dal\u0161\u00ed slovensk\u00fd jezdec Luk\u00e1\u0161 Gardian. Nejlep\u0161\u00ed z \u010desk\u00fdch mlad\u00fdch cyklist\u016f [&hellip;]<\/p>\n","protected":false},"author":8,"featured_media":12258,"comment_status":"closed","ping_status":"open","sticky":false,"template":"","format":"standard","meta":{"footnotes":""},"categories":[2,18],"tags":[11],"class_list":["post-12257","post","type-post","status-publish","format-standard","has-post-thumbnail","hentry","category-novinky","category-silnice","tag-silnice"],"_links":{"self":[{"href":"https:\/\/www.czechcyclingfederation.com\/en\/wp-json\/wp\/v2\/posts\/12257","targetHints":{"allow":["GET"]}}],"collection":[{"href":"https:\/\/www.czechcyclingfederation.com\/en\/wp-json\/wp\/v2\/posts"}],"about":[{"href":"https:\/\/www.czechcyclingfederation.com\/en\/wp-json\/wp\/v2\/types\/post"}],"author":[{"embeddable":true,"href":"https:\/\/www.czechcyclingfederation.com\/en\/wp-json\/wp\/v2\/users\/8"}],"replies":[{"embeddable":true,"href":"https:\/\/www.czechcyclingfederation.com\/en\/wp-json\/wp\/v2\/comments?post=12257"}],"version-history":[{"count":1,"href":"https:\/\/www.czechcyclingfederation.com\/en\/wp-json\/wp\/v2\/posts\/12257\/revisions"}],"predecessor-version":[{"id":12260,"href":"https:\/\/www.czechcyclingfederation.com\/en\/wp-json\/wp\/v2\/posts\/12257\/revisions\/12260"}],"wp:featuredmedia":[{"embeddable":true,"href":"https:\/\/www.czechcyclingfederation.com\/en\/wp-json\/wp\/v2\/media\/12258"}],"wp:attachment":[{"href":"https:\/\/www.czechcyclingfederation.com\/en\/wp-json\/wp\/v2\/media?parent=12257"}],"wp:term":[{"taxonomy":"category","embeddable":true,"href":"https:\/\/www.czechcyclingfederation.com\/en\/wp-json\/wp\/v2\/categories?post=12257"},{"taxonomy":"post_tag","embeddable":true,"href":"https:\/\/www.czechcyclingfederation.com\/en\/wp-json\/wp\/v2\/tags?post=12257"}],"curies":[{"name":"wp","href":"https:\/\/api.w.org\/{rel}","templated":true}]}}