{"id":12215,"date":"2022-05-27T10:18:26","date_gmt":"2022-05-27T08:18:26","guid":{"rendered":"https:\/\/www.czechcyclingfederation.com\/?p=12215"},"modified":"2022-05-27T10:18:30","modified_gmt":"2022-05-27T08:18:30","slug":"predavani-cen-fair-play-za-rok-2021-a-oceneni-pavla-novaka","status":"publish","type":"post","link":"https:\/\/www.czechcyclingfederation.com\/en\/predavani-cen-fair-play-za-rok-2021-a-oceneni-pavla-novaka\/","title":{"rendered":"P\u0159ed\u00e1v\u00e1n\u00ed Cen fair play za rok 2021 a ocen\u011bn\u00ed Pavla Nov\u00e1ka"},"content":{"rendered":"\n<p>Pavel Nov\u00e1k, v roce 2021 cyklista Tufo Pardus Prost\u011bjov, z\u00edskal diplom za \u010din fair play v r\u00e1mci slavnostn\u00ed ud\u00edlen\u00ed Cen fair play od \u010cesk\u00e9ho olympijsk\u00e9ho v\u00fdboru.<\/p>\n\n\n\n<p>V z\u00e1v\u011bre\u010dn\u00e9 f\u00e1zi n\u00e1ro\u010dn\u00e9ho silni\u010dn\u00edho cyklistick\u00e9ho z\u00e1vodu Most\u2013Lesn\u00e1 v&nbsp;Kru\u0161n\u00fdch hor\u00e1ch bojoval Pavel Nov\u00e1k o v\u00edt\u011bzstv\u00ed se zku\u0161en\u011bj\u0161\u00edm Michalem Kollertem, kter\u00fd musel asi 2 km p\u0159ed c\u00edlem v kopci zastavit, aby se vyhnul p\u00e1du. Pavel Nov\u00e1k si jeho pot\u00ed\u017e\u00ed v\u0161iml a z\u00e1m\u011brn\u011b zpomalil, aby dal soupe\u0159i \u0161anci se op\u011bt p\u0159ibl\u00ed\u017eit. Michal Kollert po z\u00e1vod\u011b velmi ocenil chov\u00e1n\u00ed Pavla Nov\u00e1ka, kter\u00fd je v\u011bkem teprve junior. Podle n\u011bho uk\u00e1zal smysl pro fair play, nebo\u0165 necht\u011bl vyhr\u00e1t zp\u016fsobem, kter\u00fd se nab\u00edzel &#8211; tedy vyu\u017e\u00edt sm\u016fly a chyby druh\u00e9ho.<\/p>\n\n\n\n<p>Cenu za z\u00e1vodn\u00edka p\u0159evzala maminka Jitka Nov\u00e1kov\u00e1.<\/p>\n","protected":false},"excerpt":{"rendered":"<p>Pavel Nov\u00e1k, v roce 2021 cyklista Tufo Pardus Prost\u011bjov, z\u00edskal diplom za \u010din fair play v r\u00e1mci slavnostn\u00ed ud\u00edlen\u00ed Cen fair play od \u010cesk\u00e9ho olympijsk\u00e9ho v\u00fdboru. V z\u00e1v\u011bre\u010dn\u00e9 f\u00e1zi n\u00e1ro\u010dn\u00e9ho silni\u010dn\u00edho cyklistick\u00e9ho z\u00e1vodu Most\u2013Lesn\u00e1 v&nbsp;Kru\u0161n\u00fdch hor\u00e1ch bojoval Pavel Nov\u00e1k o v\u00edt\u011bzstv\u00ed se zku\u0161en\u011bj\u0161\u00edm Michalem Kollertem, kter\u00fd musel asi 2 km p\u0159ed c\u00edlem v kopci zastavit, [&hellip;]<\/p>\n","protected":false},"author":1,"featured_media":12216,"comment_status":"closed","ping_status":"open","sticky":false,"template":"","format":"standard","meta":{"footnotes":""},"categories":[17,2,18],"tags":[11],"class_list":["post-12215","post","type-post","status-publish","format-standard","has-post-thumbnail","hentry","category-discipliny","category-novinky","category-silnice","tag-silnice"],"_links":{"self":[{"href":"https:\/\/www.czechcyclingfederation.com\/en\/wp-json\/wp\/v2\/posts\/12215","targetHints":{"allow":["GET"]}}],"collection":[{"href":"https:\/\/www.czechcyclingfederation.com\/en\/wp-json\/wp\/v2\/posts"}],"about":[{"href":"https:\/\/www.czechcyclingfederation.com\/en\/wp-json\/wp\/v2\/types\/post"}],"author":[{"embeddable":true,"href":"https:\/\/www.czechcyclingfederation.com\/en\/wp-json\/wp\/v2\/users\/1"}],"replies":[{"embeddable":true,"href":"https:\/\/www.czechcyclingfederation.com\/en\/wp-json\/wp\/v2\/comments?post=12215"}],"version-history":[{"count":1,"href":"https:\/\/www.czechcyclingfederation.com\/en\/wp-json\/wp\/v2\/posts\/12215\/revisions"}],"predecessor-version":[{"id":12217,"href":"https:\/\/www.czechcyclingfederation.com\/en\/wp-json\/wp\/v2\/posts\/12215\/revisions\/12217"}],"wp:featuredmedia":[{"embeddable":true,"href":"https:\/\/www.czechcyclingfederation.com\/en\/wp-json\/wp\/v2\/media\/12216"}],"wp:attachment":[{"href":"https:\/\/www.czechcyclingfederation.com\/en\/wp-json\/wp\/v2\/media?parent=12215"}],"wp:term":[{"taxonomy":"category","embeddable":true,"href":"https:\/\/www.czechcyclingfederation.com\/en\/wp-json\/wp\/v2\/categories?post=12215"},{"taxonomy":"post_tag","embeddable":true,"href":"https:\/\/www.czechcyclingfederation.com\/en\/wp-json\/wp\/v2\/tags?post=12215"}],"curies":[{"name":"wp","href":"https:\/\/api.w.org\/{rel}","templated":true}]}}