{"id":1219,"date":"2020-07-08T15:01:37","date_gmt":"2020-07-08T13:01:37","guid":{"rendered":"http:\/\/www.czechcyclingfederation.com\/?p=1219"},"modified":"2020-07-16T13:39:41","modified_gmt":"2020-07-16T11:39:41","slug":"velkou-cenu-mondena-vyhral-prekvapive-josef-hladik","status":"publish","type":"post","link":"https:\/\/www.czechcyclingfederation.com\/en\/velkou-cenu-mondena-vyhral-prekvapive-josef-hladik\/","title":{"rendered":"Velkou cenu Mondena vyhr\u00e1l p\u0159ekvapiv\u011b Josef Hlad\u00edk"},"content":{"rendered":"\n<p>Velkou cenu Mondena s.r.o. v r\u00e1mci cyklistick\u00e9ho seri\u00e1lu IL Sano Cup vyhr\u00e1l p\u0159ekvapiv\u011b Josef Hlad\u00edk z IVAR CS &#8211; Author team. Hladk\u00fd z\u00e1vod na 66 km se po mnoha ne\u00fasp\u011b\u0161n\u00fdch \u00fanic\u00edch mal\u00fdch skupin rozhodoval hromadn\u00fdm spurtem. Nejl\u00e9pe si se z\u00e1v\u011bre\u010dn\u00fdm spurtem poradil mlad\u00fd&nbsp;<\/p>\n\n\n\n<p>Josef Hlad\u00edk, kdy\u017e se nenechal p\u0159edjet ani vicemistrem \u010cR do 23 let Vojt\u011bchem Sedl\u00e1\u010dkem z francouzsk\u00e9ho t\u00fdmu CC Etupes ani Janem Rybou z AC Sparta Praha. Na \u010dtvrt\u00e9m m\u00edst\u011b dojel Tom\u00e1\u0161 Kopeck\u00fd z belgick\u00e9ho t\u00fdmu Pauwels Sauser &#8211; Bingoal, p\u00e1t\u00fd byl Jan St\u00f6hr (AC Sparta Praha) a za n\u00edm projel c\u00edlem Mathias Vacek (Team Georgi). Na startu byl i Roman Kreuziger (NTT Pro cycling), kter\u00fd skon\u010dil sedm\u00fd.&nbsp;<\/p>\n\n\n\n<p>V\u00fdsledky:1. Hlad\u00edk (IVAR CS- Author team), 2. Sedl\u00e1\u010dek (CC ETUPES), 3. Ryba (AC Sparta Praha), 4. T. Kopeck\u00fd (Pauwels Sauser- Bingoal), 5. St\u00f6hr (AC Sparta Praha), 6. M. Vacek (Team Georgi).<\/p>\n\n\n<div class=\"wp-block-file\">\r\n                <a target=\"_blank\" rel=\"noopener\" href=\"https:\/\/www.czechcyclingfederation.com\/wp-content\/uploads\/2020\/07\/Mondena-IL-Sano-cup-2020-v\u00fdsledky-7.7..2020a.pdf\" class=\"wp-block-file__button wp-element-button\">\r\n                    <span class=\"wp-block-file__icon\"><\/span>\r\n                    Mondena-IL-Sano-cup-2020-v\u00fdsledky-7.7..2020a\r\n                <\/a>\r\n            <\/div>","protected":false},"excerpt":{"rendered":"<p>Velkou cenu Mondena s.r.o. v r\u00e1mci cyklistick\u00e9ho seri\u00e1lu IL Sano Cup vyhr\u00e1l p\u0159ekvapiv\u011b Josef Hlad\u00edk z IVAR CS &#8211; Author team. Hladk\u00fd z\u00e1vod na 66 km se po mnoha ne\u00fasp\u011b\u0161n\u00fdch \u00fanic\u00edch mal\u00fdch skupin rozhodoval hromadn\u00fdm spurtem. Nejl\u00e9pe si se z\u00e1v\u011bre\u010dn\u00fdm spurtem poradil mlad\u00fd&nbsp; Josef Hlad\u00edk, kdy\u017e se nenechal p\u0159edjet ani vicemistrem \u010cR do 23 let [&hellip;]<\/p>\n","protected":false},"author":2,"featured_media":1220,"comment_status":"closed","ping_status":"open","sticky":false,"template":"","format":"standard","meta":{"footnotes":""},"categories":[2,18],"tags":[11],"class_list":["post-1219","post","type-post","status-publish","format-standard","has-post-thumbnail","hentry","category-novinky","category-silnice","tag-silnice"],"_links":{"self":[{"href":"https:\/\/www.czechcyclingfederation.com\/en\/wp-json\/wp\/v2\/posts\/1219","targetHints":{"allow":["GET"]}}],"collection":[{"href":"https:\/\/www.czechcyclingfederation.com\/en\/wp-json\/wp\/v2\/posts"}],"about":[{"href":"https:\/\/www.czechcyclingfederation.com\/en\/wp-json\/wp\/v2\/types\/post"}],"author":[{"embeddable":true,"href":"https:\/\/www.czechcyclingfederation.com\/en\/wp-json\/wp\/v2\/users\/2"}],"replies":[{"embeddable":true,"href":"https:\/\/www.czechcyclingfederation.com\/en\/wp-json\/wp\/v2\/comments?post=1219"}],"version-history":[{"count":2,"href":"https:\/\/www.czechcyclingfederation.com\/en\/wp-json\/wp\/v2\/posts\/1219\/revisions"}],"predecessor-version":[{"id":1382,"href":"https:\/\/www.czechcyclingfederation.com\/en\/wp-json\/wp\/v2\/posts\/1219\/revisions\/1382"}],"wp:featuredmedia":[{"embeddable":true,"href":"https:\/\/www.czechcyclingfederation.com\/en\/wp-json\/wp\/v2\/media\/1220"}],"wp:attachment":[{"href":"https:\/\/www.czechcyclingfederation.com\/en\/wp-json\/wp\/v2\/media?parent=1219"}],"wp:term":[{"taxonomy":"category","embeddable":true,"href":"https:\/\/www.czechcyclingfederation.com\/en\/wp-json\/wp\/v2\/categories?post=1219"},{"taxonomy":"post_tag","embeddable":true,"href":"https:\/\/www.czechcyclingfederation.com\/en\/wp-json\/wp\/v2\/tags?post=1219"}],"curies":[{"name":"wp","href":"https:\/\/api.w.org\/{rel}","templated":true}]}}