{"id":12186,"date":"2022-05-23T18:56:40","date_gmt":"2022-05-23T16:56:40","guid":{"rendered":"https:\/\/www.czechcyclingfederation.com\/?p=12186"},"modified":"2022-05-23T18:56:42","modified_gmt":"2022-05-23T16:56:42","slug":"etapovy-zavod-vysocina-2022-byl-zrusen","status":"publish","type":"post","link":"https:\/\/www.czechcyclingfederation.com\/en\/etapovy-zavod-vysocina-2022-byl-zrusen\/","title":{"rendered":"Etapov\u00fd z\u00e1vod VYSO\u010cINA 2022 byl zru\u0161en"},"content":{"rendered":"\n<p>Dom\u00e1c\u00ed kalend\u00e1\u0159 silni\u010dn\u00ed cyklistiky p\u0159i\u0161el o jeden tradi\u010dn\u00ed podniky. V leto\u0161n\u00edm roce se neuskute\u010dn\u00ed z\u00e1vod VYSO\u010cINA 2022.<\/p>\n\n\n\n<p>&#8220;Z d\u016fvodu zhor\u0161en\u00e9 ekonomick\u00e9 situace u sponzor\u016f (reklamn\u00edch partner\u016f) nebude pl\u00e1novan\u00fd 25. ro\u010dn\u00edk mezin\u00e1rodn\u00edho etapov\u00e9ho z\u00e1vodu mu\u017e\u016f VYSO\u010cINA 2022 po\u0159\u00e1d\u00e1n,&#8221; sd\u011blil stru\u010dn\u011b po\u0159adatel z\u00e1vodu Milan Plocek.<\/p>\n","protected":false},"excerpt":{"rendered":"<p>Dom\u00e1c\u00ed kalend\u00e1\u0159 silni\u010dn\u00ed cyklistiky p\u0159i\u0161el o jeden tradi\u010dn\u00ed podniky. V leto\u0161n\u00edm roce se neuskute\u010dn\u00ed z\u00e1vod VYSO\u010cINA 2022. &#8220;Z d\u016fvodu zhor\u0161en\u00e9 ekonomick\u00e9 situace u sponzor\u016f (reklamn\u00edch partner\u016f) nebude pl\u00e1novan\u00fd 25. ro\u010dn\u00edk mezin\u00e1rodn\u00edho etapov\u00e9ho z\u00e1vodu mu\u017e\u016f VYSO\u010cINA 2022 po\u0159\u00e1d\u00e1n,&#8221; sd\u011blil stru\u010dn\u011b po\u0159adatel z\u00e1vodu Milan Plocek.<\/p>\n","protected":false},"author":8,"featured_media":12187,"comment_status":"closed","ping_status":"open","sticky":false,"template":"","format":"standard","meta":{"footnotes":""},"categories":[2,18],"tags":[11],"class_list":["post-12186","post","type-post","status-publish","format-standard","has-post-thumbnail","hentry","category-novinky","category-silnice","tag-silnice"],"_links":{"self":[{"href":"https:\/\/www.czechcyclingfederation.com\/en\/wp-json\/wp\/v2\/posts\/12186","targetHints":{"allow":["GET"]}}],"collection":[{"href":"https:\/\/www.czechcyclingfederation.com\/en\/wp-json\/wp\/v2\/posts"}],"about":[{"href":"https:\/\/www.czechcyclingfederation.com\/en\/wp-json\/wp\/v2\/types\/post"}],"author":[{"embeddable":true,"href":"https:\/\/www.czechcyclingfederation.com\/en\/wp-json\/wp\/v2\/users\/8"}],"replies":[{"embeddable":true,"href":"https:\/\/www.czechcyclingfederation.com\/en\/wp-json\/wp\/v2\/comments?post=12186"}],"version-history":[{"count":1,"href":"https:\/\/www.czechcyclingfederation.com\/en\/wp-json\/wp\/v2\/posts\/12186\/revisions"}],"predecessor-version":[{"id":12188,"href":"https:\/\/www.czechcyclingfederation.com\/en\/wp-json\/wp\/v2\/posts\/12186\/revisions\/12188"}],"wp:featuredmedia":[{"embeddable":true,"href":"https:\/\/www.czechcyclingfederation.com\/en\/wp-json\/wp\/v2\/media\/12187"}],"wp:attachment":[{"href":"https:\/\/www.czechcyclingfederation.com\/en\/wp-json\/wp\/v2\/media?parent=12186"}],"wp:term":[{"taxonomy":"category","embeddable":true,"href":"https:\/\/www.czechcyclingfederation.com\/en\/wp-json\/wp\/v2\/categories?post=12186"},{"taxonomy":"post_tag","embeddable":true,"href":"https:\/\/www.czechcyclingfederation.com\/en\/wp-json\/wp\/v2\/tags?post=12186"}],"curies":[{"name":"wp","href":"https:\/\/api.w.org\/{rel}","templated":true}]}}