{"id":12178,"date":"2022-05-23T11:32:13","date_gmt":"2022-05-23T09:32:13","guid":{"rendered":"https:\/\/www.czechcyclingfederation.com\/?p=12178"},"modified":"2022-05-23T11:32:15","modified_gmt":"2022-05-23T09:32:15","slug":"babor-dospurtoval-ve-slovinsku-pro-treti-misto","status":"publish","type":"post","link":"https:\/\/www.czechcyclingfederation.com\/en\/babor-dospurtoval-ve-slovinsku-pro-treti-misto\/","title":{"rendered":"Babor dospurtoval ve Slovinsku pro t\u0159et\u00ed m\u00edsto"},"content":{"rendered":"\n<p>Slovinsk\u00e1 jednor\u00e1zovka GP Gorenjska (UCI 1.2) se odehr\u00e1la podle taktick\u00e9ho sc\u00e9n\u00e1\u0159e, kter\u00fd p\u0159ipravila \u010desk\u00e1 profesion\u00e1ln\u00ed cyklistick\u00e1 st\u00e1j Elkov Kasper. Sedmi\u010dlenn\u00e1 sestava cel\u00fdch 172 kilometr\u016f kontrolovala z\u00e1vod a p\u0159ipravila pozici pro sprintery Daniela Babora a Dominika Neumana, ti skon\u010dili nakonec t\u0159et\u00ed a \u0161est\u00fd.<\/p>\n\n\n\n<p>Oba \u010de\u0161t\u00ed z\u00e1vodn\u00edci tak ke sv\u00fdm leto\u0161n\u00edm poveden\u00fdm v\u00fdsledk\u016fm ze zahrani\u010dn\u00edch z\u00e1vod\u016f p\u0159idali dal\u0161\u00ed body do sv\u011btov\u00e9ho \u017eeb\u0159\u00ed\u010dku Babor si p\u0159ipsal 25 bod\u016f a v leto\u0161n\u00ed sez\u00f3n\u011b u\u017e jich m\u00e1 na sv\u00e9m kont\u011b 60 a Neuman bral ve Slovinsku 10 bod\u016f, celkem je na dev\u011btat\u0159iceti.<\/p>\n\n\n\n<p>Z\u00e1vod byl slo\u017een ze t\u0159\u00ed kopcovit\u00fdch a \u0161esti rovinat\u011bj\u0161\u00edch okruh\u016f. \u201eP\u0159ipravovali jsme se na nejdel\u0161\u00ed kopec, kde to kluci rozjeli a o\u010desali peloton. J\u00e1 jsem byl s\u00e1m p\u0159ekvapen\u00fd, jak mi to ve stoup\u00e1n\u00edch jde. P\u0159i n\u00e1jezdu na mal\u00e9 okruhy jsme to na bo\u010dn\u00edm v\u011btru rozjeli ve vysok\u00e9m tempu a najednou jsme z\u016fstali \u00fapln\u011b sami. Tak jsme jeli cel\u00e9 jedno kolo. Abychom nepl\u00fdtvali silami, po\u010dkali jsme na skupinu asi 20 lid\u00ed, kter\u00e1 u\u017e pohromad\u011b dojela a\u017e do c\u00edle. Zase jsme za to vzali a hl\u00eddali si \u010delo skupiny,\u201c popisoval nadvl\u00e1du Elkovu Kasper Daniel Babor.<\/p>\n\n\n\n<p>\u201e\u010cekali jsme, \u017ee bude aktivn\u00ed dom\u00e1c\u00ed t\u00fdm Adria Mobil, ale nikdo jin\u00fd ne\u017e my se na \u0161pici za cel\u00fd den neuk\u00e1zal. V\u0161ichni \u010dekali na spurt a vezli se za n\u00e1mi. O to jsme to m\u011bli ve fini\u0161i slo\u017eit\u011bj\u0161\u00ed, proto\u017ee tah\u00e1n\u00ed cel\u00e9ho z\u00e1vodu n\u00e1s st\u00e1lo dost sil. Trochu m\u011b proto \u0161tve, \u017ee kluci odvedli tolik pr\u00e1ce a je z toho jen t\u0159et\u00ed m\u00edsto. Ale ve spurtu mi jeden \u010dlov\u011bk v posledn\u00ed zat\u00e1\u010dce vystr\u010dil loket, trochu m\u011b p\u0159ibrzdil a u\u017e jsem se nevr\u00e1til do maxim\u00e1ln\u00ed rychlosti. Nebylo to \u00fapln\u011b \u010dist\u00e9, ale j\u00e1 si to neberu,\u201c \u0159ekl ke t\u0159et\u00edmu m\u00edstu Babor.<\/p>\n\n\n\n<p>V\u00fdsledky:<\/p>\n\n\n\n<p>1. Stosz (Pol.) 3:52:48, 2. Fink\u0161t (Slovin.), 3, Babor (\u010cR), 4. Costa (Rak.), 5. Murias (Pol.), 6. Neumann v\u0161uchni stejn\u00fd \u010das, &#8230;18. B\u00e1rta, 20. Kukrle oba +15, 21. K. Vacek +21, 23. \u0158eha, 24. Boro\u0161 (v\u0161ichni \u010cR) oba +27.<\/p>\n\n\n\n<p>FOTO Elkov Kasper<\/p>\n","protected":false},"excerpt":{"rendered":"<p>Slovinsk\u00e1 jednor\u00e1zovka GP Gorenjska (UCI 1.2) se odehr\u00e1la podle taktick\u00e9ho sc\u00e9n\u00e1\u0159e, kter\u00fd p\u0159ipravila \u010desk\u00e1 profesion\u00e1ln\u00ed cyklistick\u00e1 st\u00e1j Elkov Kasper. Sedmi\u010dlenn\u00e1 sestava cel\u00fdch 172 kilometr\u016f kontrolovala z\u00e1vod a p\u0159ipravila pozici pro sprintery Daniela Babora a Dominika Neumana, ti skon\u010dili nakonec t\u0159et\u00ed a \u0161est\u00fd. Oba \u010de\u0161t\u00ed z\u00e1vodn\u00edci tak ke sv\u00fdm leto\u0161n\u00edm poveden\u00fdm v\u00fdsledk\u016fm ze zahrani\u010dn\u00edch z\u00e1vod\u016f p\u0159idali [&hellip;]<\/p>\n","protected":false},"author":8,"featured_media":12179,"comment_status":"closed","ping_status":"open","sticky":false,"template":"","format":"standard","meta":{"footnotes":""},"categories":[2,18],"tags":[11],"class_list":["post-12178","post","type-post","status-publish","format-standard","has-post-thumbnail","hentry","category-novinky","category-silnice","tag-silnice"],"_links":{"self":[{"href":"https:\/\/www.czechcyclingfederation.com\/en\/wp-json\/wp\/v2\/posts\/12178","targetHints":{"allow":["GET"]}}],"collection":[{"href":"https:\/\/www.czechcyclingfederation.com\/en\/wp-json\/wp\/v2\/posts"}],"about":[{"href":"https:\/\/www.czechcyclingfederation.com\/en\/wp-json\/wp\/v2\/types\/post"}],"author":[{"embeddable":true,"href":"https:\/\/www.czechcyclingfederation.com\/en\/wp-json\/wp\/v2\/users\/8"}],"replies":[{"embeddable":true,"href":"https:\/\/www.czechcyclingfederation.com\/en\/wp-json\/wp\/v2\/comments?post=12178"}],"version-history":[{"count":1,"href":"https:\/\/www.czechcyclingfederation.com\/en\/wp-json\/wp\/v2\/posts\/12178\/revisions"}],"predecessor-version":[{"id":12180,"href":"https:\/\/www.czechcyclingfederation.com\/en\/wp-json\/wp\/v2\/posts\/12178\/revisions\/12180"}],"wp:featuredmedia":[{"embeddable":true,"href":"https:\/\/www.czechcyclingfederation.com\/en\/wp-json\/wp\/v2\/media\/12179"}],"wp:attachment":[{"href":"https:\/\/www.czechcyclingfederation.com\/en\/wp-json\/wp\/v2\/media?parent=12178"}],"wp:term":[{"taxonomy":"category","embeddable":true,"href":"https:\/\/www.czechcyclingfederation.com\/en\/wp-json\/wp\/v2\/categories?post=12178"},{"taxonomy":"post_tag","embeddable":true,"href":"https:\/\/www.czechcyclingfederation.com\/en\/wp-json\/wp\/v2\/tags?post=12178"}],"curies":[{"name":"wp","href":"https:\/\/api.w.org\/{rel}","templated":true}]}}