{"id":12176,"date":"2022-05-23T11:30:23","date_gmt":"2022-05-23T09:30:23","guid":{"rendered":"https:\/\/www.czechcyclingfederation.com\/?p=12176"},"modified":"2022-05-23T11:30:25","modified_gmt":"2022-05-23T09:30:25","slug":"csc-hleda-promotera-cp-elite-v-silnicni-cyklistice","status":"publish","type":"post","link":"https:\/\/www.czechcyclingfederation.com\/en\/csc-hleda-promotera-cp-elite-v-silnicni-cyklistice\/","title":{"rendered":"\u010cSC hled\u00e1 promot\u00e9ra \u010cP ELITE v silni\u010dn\u00ed cyklistice"},"content":{"rendered":"\n<p>\u010cesk\u00fd svaz cyklistiky hled\u00e1 nov\u00e9ho promot\u00e9ra \u010cesk\u00e9ho poh\u00e1ru v\u00a0silni\u010dn\u00ed cyklistice v\u00a0kategorii ELITE. Nab\u00eddka od promot\u00e9ra by m\u011bla obsahovat z\u00e1kladn\u00ed koncepci organizace poh\u00e1ru, medializaci a r\u00e1mcov\u00fd rozpo\u010det. Smlouva s\u00a0promot\u00e9rem by m\u011bla b\u00fdt uzav\u0159ena na min. 5 let. V r\u00e1mci smluvn\u00ed spolupr\u00e1ce bude definov\u00e1na p\u0159edpokl\u00e1dan\u00e1 materi\u00e1ln\u00ed a finan\u010dn\u00ed podpora ze strany \u010cSC. Ve\u0161ker\u00e9 povinnosti a nutn\u00e9 \u010dinnosti ze strany promot\u00e9ra a \u010cSC budou d\u00e1le projedn\u00e1ny na osobn\u00edch sch\u016fzk\u00e1ch.<\/p>\n\n\n\n<p>Nab\u00eddky od promot\u00e9r\u016f je mo\u017en\u00e9 zas\u00edlat do 1. 6. 2022 na mailovou adresu\u00a0<a href=\"mailto:edr@ceskysvazcyklistiky.cz\">info@ceskysvazcyklistiky.cz<\/a> <\/p>\n\n\n\n<p><\/p>\n","protected":false},"excerpt":{"rendered":"<p>\u010cesk\u00fd svaz cyklistiky hled\u00e1 nov\u00e9ho promot\u00e9ra \u010cesk\u00e9ho poh\u00e1ru v\u00a0silni\u010dn\u00ed cyklistice v\u00a0kategorii ELITE. Nab\u00eddka od promot\u00e9ra by m\u011bla obsahovat z\u00e1kladn\u00ed koncepci organizace poh\u00e1ru, medializaci a r\u00e1mcov\u00fd rozpo\u010det. Smlouva s\u00a0promot\u00e9rem by m\u011bla b\u00fdt uzav\u0159ena na min. 5 let. V r\u00e1mci smluvn\u00ed spolupr\u00e1ce bude definov\u00e1na p\u0159edpokl\u00e1dan\u00e1 materi\u00e1ln\u00ed a finan\u010dn\u00ed podpora ze strany \u010cSC. Ve\u0161ker\u00e9 povinnosti a nutn\u00e9 \u010dinnosti [&hellip;]<\/p>\n","protected":false},"author":1,"featured_media":11458,"comment_status":"closed","ping_status":"open","sticky":false,"template":"","format":"standard","meta":{"footnotes":""},"categories":[28,2,18],"tags":[11],"class_list":["post-12176","post","type-post","status-publish","format-standard","has-post-thumbnail","hentry","category-cesky-svaz-cyklistiky","category-novinky","category-silnice","tag-silnice"],"_links":{"self":[{"href":"https:\/\/www.czechcyclingfederation.com\/en\/wp-json\/wp\/v2\/posts\/12176","targetHints":{"allow":["GET"]}}],"collection":[{"href":"https:\/\/www.czechcyclingfederation.com\/en\/wp-json\/wp\/v2\/posts"}],"about":[{"href":"https:\/\/www.czechcyclingfederation.com\/en\/wp-json\/wp\/v2\/types\/post"}],"author":[{"embeddable":true,"href":"https:\/\/www.czechcyclingfederation.com\/en\/wp-json\/wp\/v2\/users\/1"}],"replies":[{"embeddable":true,"href":"https:\/\/www.czechcyclingfederation.com\/en\/wp-json\/wp\/v2\/comments?post=12176"}],"version-history":[{"count":1,"href":"https:\/\/www.czechcyclingfederation.com\/en\/wp-json\/wp\/v2\/posts\/12176\/revisions"}],"predecessor-version":[{"id":12177,"href":"https:\/\/www.czechcyclingfederation.com\/en\/wp-json\/wp\/v2\/posts\/12176\/revisions\/12177"}],"wp:featuredmedia":[{"embeddable":true,"href":"https:\/\/www.czechcyclingfederation.com\/en\/wp-json\/wp\/v2\/media\/11458"}],"wp:attachment":[{"href":"https:\/\/www.czechcyclingfederation.com\/en\/wp-json\/wp\/v2\/media?parent=12176"}],"wp:term":[{"taxonomy":"category","embeddable":true,"href":"https:\/\/www.czechcyclingfederation.com\/en\/wp-json\/wp\/v2\/categories?post=12176"},{"taxonomy":"post_tag","embeddable":true,"href":"https:\/\/www.czechcyclingfederation.com\/en\/wp-json\/wp\/v2\/tags?post=12176"}],"curies":[{"name":"wp","href":"https:\/\/api.w.org\/{rel}","templated":true}]}}