{"id":12153,"date":"2022-05-19T18:34:53","date_gmt":"2022-05-19T16:34:53","guid":{"rendered":"https:\/\/www.czechcyclingfederation.com\/?p=12153"},"modified":"2022-05-19T18:34:55","modified_gmt":"2022-05-19T16:34:55","slug":"5001-kolo-vyhral-nemec-malcharek","status":"publish","type":"post","link":"https:\/\/www.czechcyclingfederation.com\/en\/5001-kolo-vyhral-nemec-malcharek\/","title":{"rendered":"500+1 kolo vyhr\u00e1l N\u011bmec Malcharek"},"content":{"rendered":"\n<p>Z\u00e1v\u011bre\u010dn\u00fd dem mezin\u00e1rodn\u00edch dr\u00e1hov\u00fdch z\u00e1vod\u016f 500+1 na bn\u011bnsk\u00e9m velodromu zam\u00edchal po\u0159ad\u00edm hlavn\u00ed kategorie mu\u017e\u016f. Po prvn\u00ed i druh\u00e9m dnu vedouc\u00ed Matev\u017e Govekar ze Slovinska sv\u00e9 postaven\u00ed neudr\u017eel a kles na t\u0159et\u00ed p\u0159\u00ed\u010dku. Pro naprosto jasn\u00e9 v\u00edt\u011bzstv\u00ed si skv\u011bl\u00fdm z\u00e1v\u011brem dojel s 218 body Moritz Malcharek z N\u011bmecka a p\u0159ed Govekara se je\u0161t\u011b dostal izraelsk\u00fd jezdec Itamar Einhoren se 177 body. Nejlep\u0161\u00ed z \u010desk\u00fdch jezdc\u016f byl Adam K\u0159enek z po\u0159adatelsk\u00e9ho TJ Favorit Brno se 120 body.<\/p>\n\n\n\n<p>Naopak po\u0159ad\u00ed mezi \u017eenami a juniory se nem\u011bnilo. \u017den\u00e1m kralovalo rakousk\u00e9 duo Kathrin Schweinbergerov\u00e1 a Verena Eberhadrtov\u00e1, kter\u00e9 na stupn\u00edch v\u00edt\u011bzek doplnila Kate\u0159ina Kohoutkov\u00e1 z Dukly Praha, \u0161est\u00e1 byla klasifikov\u00e1na Anna Jaborn\u00edkov\u00e1 z Dukly Brno. Junior\u016fm vl\u00e1dli dva nad\u011bjn\u00ed jezdci z t\u00fdmu TUFO Pardus Prost\u011bjov, vyhr\u00e1l Maty\u00e1\u0161 Kobl\u00ed\u017eek p\u0159ed Radovanem \u0160tecem.<\/p>\n\n\n\n<p>V\u00fdsledky:<\/p>\n\n\n\n<p>Mu\u017ei:<\/p>\n\n\n\n<p>Kone\u010dn\u00e9 po\u0159ad\u00ed:<\/p>\n\n\n\n<p>1. Malcharek (N\u011bm.) 218, 2. Einhoren (Izr.) 177, 3. Govekar (Slovin.) 163, 4. Gotzinger (Rak.) 158, 5. Migas (Pol.) 153, 6. Loginov (Izr.) 135, 7. Adam K\u0159enek (TJ Favorit Brno Elite) 120.<\/p>\n\n\n\n<p>\u017deny:<\/p>\n\n\n\n<p>Kone\u010dn\u00e9 po\u0159ad\u00ed:<\/p>\n\n\n\n<p>1. Schweinbergerov\u00e1 201, 2. Eberhadrtov\u00e1 (ob\u011b Rak.) 194, 3. Kohoutkov\u00e1 (Dukla Praha) 182, 4. Madve\u010fov\u00e1 (SR) 161, 5. Bobnarov\u00e1 (Slovin.) 159, 6. A. Jaborn\u00edkov\u00e1 (Dukla Brno) 141.<\/p>\n\n\n\n<p>Junio\u0159i:<\/p>\n\n\n\n<p>1. M. Kobl\u00ed\u017eek 175, 2. \u0160tec (oba TUFO Pardus Prost\u011bjov) 166, 3 Gregori\u010d (Slovin.) 151, 4. Kokas (Rak.) 147, 5. Podlesnik (Slovin.) 137, 6. \u0160ilhav\u00fd (Kovo Praha) 121.<\/p>\n\n\n\n<p>Kadeti:<\/p>\n\n\n\n<p>1. Kosczurny (Pol.) 200, 2. Bittman (Kovo Praha) 186, 3. Galdyn (Pol.) 166.<\/p>\n\n\n\n<p>FOTO Jan Brychta<\/p>\n\n\n\n<figure class=\"wp-block-image size-large\"><img loading=\"lazy\" decoding=\"async\" width=\"1024\" height=\"681\" src=\"https:\/\/www.czechcyclingfederation.com\/wp-content\/uploads\/2022\/05\/BrychtaJan_5001_kolo_20220519_135019_DSC_8234-1024x681.jpg\" alt=\"\" class=\"wp-image-12155\" srcset=\"https:\/\/www.czechcyclingfederation.com\/wp-content\/uploads\/2022\/05\/BrychtaJan_5001_kolo_20220519_135019_DSC_8234-1024x681.jpg 1024w, https:\/\/www.czechcyclingfederation.com\/wp-content\/uploads\/2022\/05\/BrychtaJan_5001_kolo_20220519_135019_DSC_8234-300x200.jpg 300w, https:\/\/www.czechcyclingfederation.com\/wp-content\/uploads\/2022\/05\/BrychtaJan_5001_kolo_20220519_135019_DSC_8234-768x511.jpg 768w, https:\/\/www.czechcyclingfederation.com\/wp-content\/uploads\/2022\/05\/BrychtaJan_5001_kolo_20220519_135019_DSC_8234-1536x1022.jpg 1536w, https:\/\/www.czechcyclingfederation.com\/wp-content\/uploads\/2022\/05\/BrychtaJan_5001_kolo_20220519_135019_DSC_8234-1320x878.jpg 1320w, https:\/\/www.czechcyclingfederation.com\/wp-content\/uploads\/2022\/05\/BrychtaJan_5001_kolo_20220519_135019_DSC_8234.jpg 2000w\" sizes=\"auto, (max-width: 1024px) 100vw, 1024px\" \/><\/figure>\n\n\n\n<figure class=\"wp-block-image size-large\"><img loading=\"lazy\" decoding=\"async\" width=\"1024\" height=\"681\" src=\"https:\/\/www.czechcyclingfederation.com\/wp-content\/uploads\/2022\/05\/BrychtaJan_5001_kolo_20220519_143033_DSC_8546-1024x681.jpg\" alt=\"\" class=\"wp-image-12156\" srcset=\"https:\/\/www.czechcyclingfederation.com\/wp-content\/uploads\/2022\/05\/BrychtaJan_5001_kolo_20220519_143033_DSC_8546-1024x681.jpg 1024w, https:\/\/www.czechcyclingfederation.com\/wp-content\/uploads\/2022\/05\/BrychtaJan_5001_kolo_20220519_143033_DSC_8546-300x200.jpg 300w, https:\/\/www.czechcyclingfederation.com\/wp-content\/uploads\/2022\/05\/BrychtaJan_5001_kolo_20220519_143033_DSC_8546-768x511.jpg 768w, https:\/\/www.czechcyclingfederation.com\/wp-content\/uploads\/2022\/05\/BrychtaJan_5001_kolo_20220519_143033_DSC_8546-1536x1022.jpg 1536w, https:\/\/www.czechcyclingfederation.com\/wp-content\/uploads\/2022\/05\/BrychtaJan_5001_kolo_20220519_143033_DSC_8546-1320x878.jpg 1320w, https:\/\/www.czechcyclingfederation.com\/wp-content\/uploads\/2022\/05\/BrychtaJan_5001_kolo_20220519_143033_DSC_8546.jpg 2000w\" sizes=\"auto, (max-width: 1024px) 100vw, 1024px\" \/><\/figure>\n\n\n\n<figure class=\"wp-block-image size-large\"><img loading=\"lazy\" decoding=\"async\" width=\"1024\" height=\"681\" src=\"https:\/\/www.czechcyclingfederation.com\/wp-content\/uploads\/2022\/05\/BrychtaJan_5001_kolo_20220519_145726_DSC_8687-1024x681.jpg\" alt=\"\" class=\"wp-image-12157\" srcset=\"https:\/\/www.czechcyclingfederation.com\/wp-content\/uploads\/2022\/05\/BrychtaJan_5001_kolo_20220519_145726_DSC_8687-1024x681.jpg 1024w, https:\/\/www.czechcyclingfederation.com\/wp-content\/uploads\/2022\/05\/BrychtaJan_5001_kolo_20220519_145726_DSC_8687-300x200.jpg 300w, https:\/\/www.czechcyclingfederation.com\/wp-content\/uploads\/2022\/05\/BrychtaJan_5001_kolo_20220519_145726_DSC_8687-768x511.jpg 768w, https:\/\/www.czechcyclingfederation.com\/wp-content\/uploads\/2022\/05\/BrychtaJan_5001_kolo_20220519_145726_DSC_8687-1536x1022.jpg 1536w, https:\/\/www.czechcyclingfederation.com\/wp-content\/uploads\/2022\/05\/BrychtaJan_5001_kolo_20220519_145726_DSC_8687-1320x878.jpg 1320w, https:\/\/www.czechcyclingfederation.com\/wp-content\/uploads\/2022\/05\/BrychtaJan_5001_kolo_20220519_145726_DSC_8687.jpg 2000w\" sizes=\"auto, (max-width: 1024px) 100vw, 1024px\" \/><\/figure>\n\n\n\n<figure class=\"wp-block-image size-large\"><img loading=\"lazy\" decoding=\"async\" width=\"1024\" height=\"681\" src=\"https:\/\/www.czechcyclingfederation.com\/wp-content\/uploads\/2022\/05\/BrychtaJan_5001_kolo_20220519_152434_DSC_8843-1024x681.jpg\" alt=\"\" class=\"wp-image-12158\" srcset=\"https:\/\/www.czechcyclingfederation.com\/wp-content\/uploads\/2022\/05\/BrychtaJan_5001_kolo_20220519_152434_DSC_8843-1024x681.jpg 1024w, https:\/\/www.czechcyclingfederation.com\/wp-content\/uploads\/2022\/05\/BrychtaJan_5001_kolo_20220519_152434_DSC_8843-300x200.jpg 300w, https:\/\/www.czechcyclingfederation.com\/wp-content\/uploads\/2022\/05\/BrychtaJan_5001_kolo_20220519_152434_DSC_8843-768x511.jpg 768w, https:\/\/www.czechcyclingfederation.com\/wp-content\/uploads\/2022\/05\/BrychtaJan_5001_kolo_20220519_152434_DSC_8843-1536x1022.jpg 1536w, https:\/\/www.czechcyclingfederation.com\/wp-content\/uploads\/2022\/05\/BrychtaJan_5001_kolo_20220519_152434_DSC_8843-1320x878.jpg 1320w, https:\/\/www.czechcyclingfederation.com\/wp-content\/uploads\/2022\/05\/BrychtaJan_5001_kolo_20220519_152434_DSC_8843.jpg 2000w\" sizes=\"auto, (max-width: 1024px) 100vw, 1024px\" \/><\/figure>\n","protected":false},"excerpt":{"rendered":"<p>Z\u00e1v\u011bre\u010dn\u00fd dem mezin\u00e1rodn\u00edch dr\u00e1hov\u00fdch z\u00e1vod\u016f 500+1 na bn\u011bnsk\u00e9m velodromu zam\u00edchal po\u0159ad\u00edm hlavn\u00ed kategorie mu\u017e\u016f. Po prvn\u00ed i druh\u00e9m dnu vedouc\u00ed Matev\u017e Govekar ze Slovinska sv\u00e9 postaven\u00ed neudr\u017eel a kles na t\u0159et\u00ed p\u0159\u00ed\u010dku. Pro naprosto jasn\u00e9 v\u00edt\u011bzstv\u00ed si skv\u011bl\u00fdm z\u00e1v\u011brem dojel s 218 body Moritz Malcharek z N\u011bmecka a p\u0159ed Govekara se je\u0161t\u011b dostal izraelsk\u00fd jezdec [&hellip;]<\/p>\n","protected":false},"author":8,"featured_media":12154,"comment_status":"closed","ping_status":"open","sticky":false,"template":"","format":"standard","meta":{"footnotes":""},"categories":[54,2],"tags":[9],"class_list":["post-12153","post","type-post","status-publish","format-standard","has-post-thumbnail","hentry","category-draha","category-novinky","tag-draha"],"_links":{"self":[{"href":"https:\/\/www.czechcyclingfederation.com\/en\/wp-json\/wp\/v2\/posts\/12153","targetHints":{"allow":["GET"]}}],"collection":[{"href":"https:\/\/www.czechcyclingfederation.com\/en\/wp-json\/wp\/v2\/posts"}],"about":[{"href":"https:\/\/www.czechcyclingfederation.com\/en\/wp-json\/wp\/v2\/types\/post"}],"author":[{"embeddable":true,"href":"https:\/\/www.czechcyclingfederation.com\/en\/wp-json\/wp\/v2\/users\/8"}],"replies":[{"embeddable":true,"href":"https:\/\/www.czechcyclingfederation.com\/en\/wp-json\/wp\/v2\/comments?post=12153"}],"version-history":[{"count":1,"href":"https:\/\/www.czechcyclingfederation.com\/en\/wp-json\/wp\/v2\/posts\/12153\/revisions"}],"predecessor-version":[{"id":12159,"href":"https:\/\/www.czechcyclingfederation.com\/en\/wp-json\/wp\/v2\/posts\/12153\/revisions\/12159"}],"wp:featuredmedia":[{"embeddable":true,"href":"https:\/\/www.czechcyclingfederation.com\/en\/wp-json\/wp\/v2\/media\/12154"}],"wp:attachment":[{"href":"https:\/\/www.czechcyclingfederation.com\/en\/wp-json\/wp\/v2\/media?parent=12153"}],"wp:term":[{"taxonomy":"category","embeddable":true,"href":"https:\/\/www.czechcyclingfederation.com\/en\/wp-json\/wp\/v2\/categories?post=12153"},{"taxonomy":"post_tag","embeddable":true,"href":"https:\/\/www.czechcyclingfederation.com\/en\/wp-json\/wp\/v2\/tags?post=12153"}],"curies":[{"name":"wp","href":"https:\/\/api.w.org\/{rel}","templated":true}]}}