{"id":1207,"date":"2020-07-08T14:33:44","date_gmt":"2020-07-08T12:33:44","guid":{"rendered":"http:\/\/www.czechcyclingfederation.com\/?p=1207"},"modified":"2020-07-21T12:05:30","modified_gmt":"2020-07-21T10:05:30","slug":"vitejte-v-novem-informacnim-portalu-ceskeho-svazu-cyklistiky","status":"publish","type":"post","link":"https:\/\/www.czechcyclingfederation.com\/en\/vitejte-v-novem-informacnim-portalu-ceskeho-svazu-cyklistiky\/","title":{"rendered":"V\u00edtejte v nov\u00e9m informa\u010dn\u00edm port\u00e1lu \u010cesk\u00e9ho svazu cyklistiky"},"content":{"rendered":"\n<p>Internetov\u00fd port\u00e1l \u010cesk\u00e9ho svazu cyklistiky se po n\u011bkolika letech p\u0159evl\u00e9kl do modern\u011bj\u0161\u00edho \u201ekab\u00e1tu\u201c a dnes (st\u0159eda 8.7.2020) byl spu\u0161t\u011bn do provozu.<\/p>\n\n\n\n<p>Design i struktura port\u00e1lu doznala z\u00e1sadn\u011bj\u0161\u00edch zm\u011bn, nicm\u00e9n\u011b u\u017eivatelsky nebude obt\u00ed\u017en\u00e9 se v&nbsp;n\u011bm zorientovat  a hledat pot\u0159ebn\u00e9 informace z&nbsp;oblasti jednotliv\u00fdch discipl\u00edn, reprezentace, vzd\u011bl\u00e1v\u00e1n\u00ed, obecn\u00fdch informac\u00ed pro \u010dleny \u010di kalend\u00e1\u0159e akc\u00ed a v\u00fdznamn\u00fdch svazov\u00fdch sout\u011b\u017e\u00ed a poh\u00e1r\u016f.<\/p>\n\n\n\n<p>Ned\u00edlnou sou\u010d\u00e1st\u00ed port\u00e1lu budou samoz\u0159ejm\u011b i novinky a aktuality, p\u0159in\u00e1\u0161ej\u00edc\u00ed stru\u010dn\u00e9 zpravodajstv\u00ed ze sout\u011b\u017e\u00ed, reprezenta\u010dn\u00edch akc\u00ed nebo svazov\u00fdch \u010di krajsk\u00fdch ud\u00e1lost\u00ed.<\/p>\n\n\n\n<p><em>\u201e Modernizace webov\u00fdch str\u00e1nek svazu byla jednou z&nbsp;m\u00fdch priorit, proto\u017ee p\u016fvodn\u00ed web ji\u017e nespl\u0148oval na\u0161e pot\u0159eby a byl zastaral\u00fd. Jsem proto r\u00e1d, \u017ee se n\u00e1m poda\u0159ilo nov\u00fd web rozb\u011bhnout a \u017ee bude d\u016fstojn\u00fdm prost\u0159edkem pro prezentaci na\u0161eho sportu, reprezentace a tak\u00e9 \u00fasp\u011bch\u016f na\u0161ich sportovc\u016f.\u201c,<\/em> uvedl prezident \u010cSC Petr Marek.<\/p>\n\n\n\n<p><em>\u201e Samoz\u0159ejm\u011b n\u00e1s \u010dek\u00e1 je\u0161t\u011b spousta pr\u00e1ce na dokon\u010den\u00ed a dopln\u011bn\u00ed v\u0161ech informac\u00ed , aby port\u00e1l byl dle na\u0161ich vysn\u011bn\u00fdch p\u0159edstav, ale douf\u00e1m, \u017ee se n\u00e1m to brzy poda\u0159\u00ed<\/em>.\u201c, doplnila gener\u00e1ln\u00ed sekret\u00e1\u0159ka \u010cSC Jarka Krakovi\u010dov\u00e1<\/p>\n\n\n\n<p>Aktu\u00e1ln\u011b prob\u00edhaj\u00ed v&nbsp;n\u011bkter\u00fdch kapitol\u00e1ch je\u0161t\u011b dopln\u011bn\u00ed a mal\u00e9 zm\u011bny, proto pros\u00edme o Va\u0161i trp\u011blivost a porozum\u011bn\u00ed. A pokud byste m\u011bli n\u00e1m\u011bty na n\u011bkter\u00e1 zlep\u0161en\u00ed \u010di dopln\u011bn\u00ed, nev\u00e1hejte n\u00e1s kontaktovat.<\/p>\n\n\n\n<figure class=\"wp-block-image size-large\"><img loading=\"lazy\" decoding=\"async\" width=\"1024\" height=\"576\" src=\"http:\/\/www.czechcyclingfederation.com\/wp-content\/uploads\/2020\/07\/nov\u00fd-web-1-1024x576.jpg\" alt=\"\" class=\"wp-image-1213\" srcset=\"https:\/\/www.czechcyclingfederation.com\/wp-content\/uploads\/2020\/07\/nov\u00fd-web-1-1024x576.jpg 1024w, https:\/\/www.czechcyclingfederation.com\/wp-content\/uploads\/2020\/07\/nov\u00fd-web-1-300x169.jpg 300w, https:\/\/www.czechcyclingfederation.com\/wp-content\/uploads\/2020\/07\/nov\u00fd-web-1-768x432.jpg 768w, https:\/\/www.czechcyclingfederation.com\/wp-content\/uploads\/2020\/07\/nov\u00fd-web-1-1536x864.jpg 1536w, https:\/\/www.czechcyclingfederation.com\/wp-content\/uploads\/2020\/07\/nov\u00fd-web-1-1320x743.jpg 1320w, https:\/\/www.czechcyclingfederation.com\/wp-content\/uploads\/2020\/07\/nov\u00fd-web-1.jpg 1920w\" sizes=\"auto, (max-width: 1024px) 100vw, 1024px\" \/><\/figure>\n","protected":false},"excerpt":{"rendered":"<p>Internetov\u00fd port\u00e1l \u010cesk\u00e9ho svazu cyklistiky se po n\u011bkolika letech p\u0159evl\u00e9kl do modern\u011bj\u0161\u00edho \u201ekab\u00e1tu\u201c a dnes (st\u0159eda 8.7.2020) byl spu\u0161t\u011bn do provozu. Design i struktura port\u00e1lu doznala z\u00e1sadn\u011bj\u0161\u00edch zm\u011bn, nicm\u00e9n\u011b u\u017eivatelsky nebude obt\u00ed\u017en\u00e9 se v&nbsp;n\u011bm zorientovat a hledat pot\u0159ebn\u00e9 informace z&nbsp;oblasti jednotliv\u00fdch discipl\u00edn, reprezentace, vzd\u011bl\u00e1v\u00e1n\u00ed, obecn\u00fdch informac\u00ed pro \u010dleny \u010di kalend\u00e1\u0159e akc\u00ed a v\u00fdznamn\u00fdch svazov\u00fdch sout\u011b\u017e\u00ed [&hellip;]<\/p>\n","protected":false},"author":3,"featured_media":1213,"comment_status":"closed","ping_status":"open","sticky":false,"template":"","format":"standard","meta":{"footnotes":""},"categories":[28,2],"tags":[119],"class_list":["post-1207","post","type-post","status-publish","format-standard","has-post-thumbnail","hentry","category-cesky-svaz-cyklistiky","category-novinky","tag-csc"],"_links":{"self":[{"href":"https:\/\/www.czechcyclingfederation.com\/en\/wp-json\/wp\/v2\/posts\/1207","targetHints":{"allow":["GET"]}}],"collection":[{"href":"https:\/\/www.czechcyclingfederation.com\/en\/wp-json\/wp\/v2\/posts"}],"about":[{"href":"https:\/\/www.czechcyclingfederation.com\/en\/wp-json\/wp\/v2\/types\/post"}],"author":[{"embeddable":true,"href":"https:\/\/www.czechcyclingfederation.com\/en\/wp-json\/wp\/v2\/users\/3"}],"replies":[{"embeddable":true,"href":"https:\/\/www.czechcyclingfederation.com\/en\/wp-json\/wp\/v2\/comments?post=1207"}],"version-history":[{"count":8,"href":"https:\/\/www.czechcyclingfederation.com\/en\/wp-json\/wp\/v2\/posts\/1207\/revisions"}],"predecessor-version":[{"id":1315,"href":"https:\/\/www.czechcyclingfederation.com\/en\/wp-json\/wp\/v2\/posts\/1207\/revisions\/1315"}],"wp:featuredmedia":[{"embeddable":true,"href":"https:\/\/www.czechcyclingfederation.com\/en\/wp-json\/wp\/v2\/media\/1213"}],"wp:attachment":[{"href":"https:\/\/www.czechcyclingfederation.com\/en\/wp-json\/wp\/v2\/media?parent=1207"}],"wp:term":[{"taxonomy":"category","embeddable":true,"href":"https:\/\/www.czechcyclingfederation.com\/en\/wp-json\/wp\/v2\/categories?post=1207"},{"taxonomy":"post_tag","embeddable":true,"href":"https:\/\/www.czechcyclingfederation.com\/en\/wp-json\/wp\/v2\/tags?post=1207"}],"curies":[{"name":"wp","href":"https:\/\/api.w.org\/{rel}","templated":true}]}}