{"id":12062,"date":"2022-05-14T07:50:26","date_gmt":"2022-05-14T05:50:26","guid":{"rendered":"https:\/\/www.czechcyclingfederation.com\/?p=12062"},"modified":"2022-05-14T08:09:57","modified_gmt":"2022-05-14T06:09:57","slug":"casovky-v-elzachu-byly-velkym-uspechem-pro-ceske-barvy-ivo-koblasa-bral-stribro","status":"publish","type":"post","link":"https:\/\/www.czechcyclingfederation.com\/en\/casovky-v-elzachu-byly-velkym-uspechem-pro-ceske-barvy-ivo-koblasa-bral-stribro\/","title":{"rendered":"\u010casovky v Elzachu byly velk\u00fdm \u00fasp\u011bchem pro \u010desk\u00e9 barvy \u2013 Ivo Koblasa bral st\u0159\u00edbro!"},"content":{"rendered":"\n<p>Ve \u010dtvrtek za\u010dal v&nbsp;Elzachu&nbsp;druh\u00fd d\u00edl Sv\u011btov\u00e9ho poh\u00e1ru UCI v&nbsp;para cyklistice. Na programu byly \u010dasovky a t\u011b\u0161it jsme se mohli t\u0159eba na Kate\u0159inu Anto\u0161ovou (WH3), kter\u00e1 dokon\u010dila z\u00e1vod&nbsp;na vynikaj\u00edc\u00edm 5.m\u00edst\u011b v&nbsp;\u010dase 35:20.&nbsp;Prvn\u00ed z\u00e1vod v&nbsp;kari\u00e9\u0159e na mezin\u00e1rodn\u00ed sc\u00e9n\u011b \u010dekal tak\u00e9 Kate\u0159inu Smolnou (WT1), kter\u00e1 senza\u010dn\u00edm v\u00fdkonem 38:21 vybojovala druhou pozici. Katka se bohu\u017eel nedo\u010dkala medailov\u00e9ho ceremoni\u00e1lu, proto\u017ee&nbsp;j\u00ed doposud nebylo umo\u017en\u011bno absolvovat mezin\u00e1rodn\u00ed klasifikaci.<\/p>\n\n\n\n<p>V\u00fdkon Katky&nbsp;Anto\u0161ov\u00e9&nbsp;shrnuje reprezenta\u010dn\u00ed tren\u00e9r Luk\u00e1\u0161 Petr: \u201e<em>Katka Anto\u0161ov\u00e1<\/em><em>&nbsp;n\u00e1m ud\u011blala obrovskou radost<\/em><em>. Potvrdila, \u017ee st\u00e1le pat\u0159\u00ed do \u0161ir\u0161\u00ed sv\u011btov\u00e9 \u0161pi\u010dky a v\u011b\u0159\u00edme, \u017ee se brz<\/em><em>y<\/em><em>op\u011bt do\u010dk\u00e1 medaile.<\/em>\u201c<\/p>\n\n\n\n<p>Obrovskou porci sm\u016fly si vybral Patrik Jahoda (MH1). Patrik&nbsp;z&nbsp;technick\u00fdch d\u016fvod\u016f nemohl do z\u00e1vodu \u010dasovky nastoupit a nastoup\u00ed a\u017e v&nbsp;sobotu do silni\u010dn\u00edho z\u00e1vodu.<\/p>\n\n\n\n<p>V&nbsp;p\u00e1tek se v&nbsp;Elzachu&nbsp;pokra\u010dovalo \u010dasovkami ostatn\u00edch kategorii \u2013 suver\u00e9nn\u011b nejl\u00e9pe dopadl Ivo&nbsp;Koblasa&nbsp;(MC2), kter\u00fd&nbsp;v&nbsp;n\u00e1ro\u010dn\u00e9, vrcha\u0159sk\u00e9 \u010dasovce, kter\u00e1 m\u00e1 bezm\u00e1la 20km p\u0159i neust\u00e1l\u00e9m stoup\u00e1n\u00ed&nbsp;urval pro \u010ceskou republiku fantastickou st\u0159\u00edbrnou medaili!&nbsp;Ivo tedy potvrdil pov\u011bst \u0161pi\u010dkov\u00e9ho vrcha\u0159e a po 3let\u00e9m medailov\u00e9m p\u016fstu na Sv\u011btov\u00e9m poh\u00e1ru dok\u00e1zal v&nbsp;Elzachu&nbsp;pot\u011b\u0161it fanou\u0161ky \u010desk\u00e9 cyklistiky, kdy\u017e vystoupal na horu&nbsp;Silberberg(1005m) ve druh\u00e9m nejrychlej\u0161\u00edm \u010dase v&nbsp;kategorii MC2 \u2013 39:16, zaostal pouze 53 sekund za v\u00edt\u011bzem&nbsp;Eckhardem&nbsp;ze \u0160pan\u011blska.<\/p>\n\n\n\n<p>V\u00fdkon Iva okomentoval jeho otec a mana\u017eer v&nbsp;jedn\u00e9 osob\u011b \u2013 Ivo&nbsp;Koblasa&nbsp;star\u0161\u00ed &#8211; takto: \u201e<em>Ivo na svoji obl\u00edbenou \u010dasovku poctiv\u011b tr\u00e9noval v kopc\u00edch Vyso\u010diny<\/em><em>&nbsp;a p\u0159\u00e1l<\/em><em>&nbsp;si nav\u00e1zat na 3. m\u00edsto, kter\u00e9 na stejn\u00e9 trati vybojoval na sv\u011btov\u00e9m poh\u00e1ru v roce 2015. V\u016f\u010di roku 2015 op\u011bt v\u00fdrazn\u011b narostla konkurence, proto si realiza\u010dn\u00ed t<\/em><em>\u00fd<\/em><em>m stanovil za \u00fasp\u011bch um\u00edst\u011bn\u00ed do 5. m\u00edsta. Ivo nastoupil do t\u00e9to \u010dasovky na \u00fapln\u011b nov\u00e9m speci\u00e1lu&nbsp;<\/em><em>Duratec<\/em><em>, kter\u00fd p\u0159evzal toto \u00fater\u00fd. Uk\u00e1zalo se, \u017ee kombinace Ivov\u00fdch&nbsp;<\/em><em>tempa\u0159sk\u00fdch<\/em><em>&nbsp;schopnost\u00ed a&nbsp;<\/em><em>\u010dasovk\u00e1\u0159sk\u00e9ho<\/em><em>&nbsp;speci\u00e1lu do kopc\u016f je dnes tou nejlep\u0161\u00ed kombinac\u00ed. Ivo postupn\u011b doj\u00ed\u017ed\u011bl sv\u00e9 nejv\u011bt\u0161\u00ed soupe\u0159e, aby do c\u00edle prol\u00e9tl na&nbsp;<\/em><em>neuv\u011b\u0159iteln\u00e9m<\/em><em>&nbsp;2. m\u00edst\u011b.<\/em><em>\u201c<\/em><\/p>\n\n\n\n<figure class=\"wp-block-image size-large\"><img loading=\"lazy\" decoding=\"async\" width=\"1024\" height=\"768\" src=\"https:\/\/www.czechcyclingfederation.com\/wp-content\/uploads\/2022\/05\/WhatsApp-Image-2022-05-13-at-18.54.56-1024x768.jpeg\" alt=\"\" class=\"wp-image-12064\" srcset=\"https:\/\/www.czechcyclingfederation.com\/wp-content\/uploads\/2022\/05\/WhatsApp-Image-2022-05-13-at-18.54.56-1024x768.jpeg 1024w, https:\/\/www.czechcyclingfederation.com\/wp-content\/uploads\/2022\/05\/WhatsApp-Image-2022-05-13-at-18.54.56-267x200.jpeg 267w, https:\/\/www.czechcyclingfederation.com\/wp-content\/uploads\/2022\/05\/WhatsApp-Image-2022-05-13-at-18.54.56-768x576.jpeg 768w, https:\/\/www.czechcyclingfederation.com\/wp-content\/uploads\/2022\/05\/WhatsApp-Image-2022-05-13-at-18.54.56-1536x1152.jpeg 1536w, https:\/\/www.czechcyclingfederation.com\/wp-content\/uploads\/2022\/05\/WhatsApp-Image-2022-05-13-at-18.54.56-1320x990.jpeg 1320w, https:\/\/www.czechcyclingfederation.com\/wp-content\/uploads\/2022\/05\/WhatsApp-Image-2022-05-13-at-18.54.56.jpeg 1600w\" sizes=\"auto, (max-width: 1024px) 100vw, 1024px\" \/><\/figure>\n\n\n\n<p>Z&nbsp;\u00fasp\u011bchu Iva se t\u011b\u0161il tak\u00e9 reprezenta\u010dn\u00ed tren\u00e9r Luk\u00e1\u0161 Petr: \u201e<em>V\u00edm, \u017ee Ivo p\u0159esn\u011b tento typ kop<\/em><em>c\u016f um\u00ed. N\u011bkolikr\u00e1t jsem se o tom p\u0159esv\u011bd\u010dil na soust\u0159ed\u011bn\u00ed v&nbsp;Chorvatsku, kde m\u011bl mo\u017enost srovn\u00e1n\u00ed s&nbsp;juniorskou reprezentac\u00ed. Bylo tedy jasn\u00e9, \u017ee kdy\u017e dob\u0159e nalad\u00ed formu a bude m\u00edt sv\u016fj den, m\u016f\u017eeme od n\u011bj \u010dekat&nbsp;<\/em><em>neobvykl\u00fd v\u00fdkon. Jsem r\u00e1d, \u017ee Ivo potvrdil, \u017ee st\u00e1le pat\u0159\u00ed do absolutn\u00ed \u0161pi\u010dky<\/em><em>.<\/em>\u201c<\/p>\n\n\n\n<p>P\u00e1te\u010dn\u00ed \u010dasovky se tak\u00e9 \u00fa\u010dastnil paralympionik Tom\u00e1\u0161 Mo\u0161ni\u010dka (MH3) \u2013 obsadil kone\u010dn\u00e9 27. m\u00edsto v&nbsp;\u010dase 1:01:26. Zku\u0161enosti sb\u00edral tak\u00e9 Franti\u0161ek&nbsp;Kub\u00ednek&nbsp;(MC3), kter\u00fd dojel dvac\u00e1t\u00fd v&nbsp;\u010dase 54:19.<\/p>\n\n\n\n<p><strong>V\u00fdsledky:<\/strong><\/p>\n\n\n\n<p>MC2:<\/p>\n\n\n\n<p>1.&nbsp;ECKHARD TIO Maurice Far&nbsp;(ESP)&nbsp;38:23.05<\/p>\n\n\n\n<p>2.&nbsp;<strong>KOBLASA Ivo&nbsp;(CZE)&nbsp;39:16.09<\/strong><\/p>\n\n\n\n<p>3.&nbsp;TAYLOR Ryan&nbsp;(MC2)&nbsp;39:43.98<\/p>\n\n\n\n<p>WH3:<\/p>\n\n\n\n<p>1.&nbsp;DANA Alicia&nbsp;(USA)&nbsp;31:05.22<\/p>\n\n\n\n<p>2.&nbsp;ZEYEN Annika&nbsp;(GER)&nbsp;31:40.53<\/p>\n\n\n\n<p>3.&nbsp;KALUZA Renata&nbsp;(POL)&nbsp;32:57.51<\/p>\n\n\n\n<p>5.&nbsp;<strong>ANTO\u0160OV\u00c1 Kate\u0159ina&nbsp;(CZE)&nbsp;35:20.23<\/strong><\/p>\n\n\n\n<p>MH3:<\/p>\n\n\n\n<p>1.&nbsp;PINI Martino&nbsp;(ITA)&nbsp;50:34.14<\/p>\n\n\n\n<p>2.&nbsp;SZUMIEC Rafal&nbsp;(POL)&nbsp;52:44.34<\/p>\n\n\n\n<p>3.&nbsp;DEBERG Jean-Francois&nbsp;(BEL)&nbsp;52:51.63<\/p>\n\n\n\n<p>27.&nbsp;<strong>MO\u0160NI\u010cKA Tom\u00e1\u0161&nbsp;(CZE)&nbsp;1:01:26.33<\/strong><\/p>\n\n\n\n<p>MC3:<\/p>\n\n\n\n<p>1.&nbsp;GRAHAM&nbsp;Finlay&nbsp;(GBR)&nbsp;36:49.33<\/p>\n\n\n\n<p>2.&nbsp;WARIAS&nbsp;Steffen&nbsp;(GER)&nbsp;37:27.19<\/p>\n\n\n\n<p>3.&nbsp;*LE ROUSSEAU&nbsp;Gatien&nbsp;(FRA)&nbsp;38:07.45&nbsp;\u2013 bez klasifikace (*bez medaile)<\/p>\n\n\n\n<p><strong>20.&nbsp;KUB\u00cdNEK Franti\u0161ek&nbsp;(CZE)&nbsp;54:19.96<\/strong><\/p>\n\n\n\n<p>WT1:<\/p>\n\n\n\n<p>1.&nbsp;VAN SOEST&nbsp;Marieke&nbsp;(NED)&nbsp;32:19.25<\/p>\n\n\n\n<p>2.&nbsp;<strong>*SMOLN\u00c1 Kate\u0159ina&nbsp;(CZE)&nbsp;38:21.12<\/strong>&nbsp;\u2013 bez klasifikace (*bez medaile)<\/p>\n\n\n\n<p>3.&nbsp;MALZBENDER&nbsp;Eltje&nbsp;(NZL)&nbsp;45:15.67<\/p>\n\n\n\n<p>Autor: Vojt\u011bch Pavl\u00edk<\/p>\n\n\n\n<figure class=\"wp-block-image size-large\"><img decoding=\"async\" src=\"https:\/\/www.czechcyclingfederation.com\/wp-content\/uploads\/2022\/05\/WhatsApp-Image-2022-05-14-at-00.15.47-1-1024x768.jpeg\" alt=\"\" class=\"wp-image-12067\"\/><\/figure>\n","protected":false},"excerpt":{"rendered":"<p>Ve \u010dtvrtek za\u010dal v&nbsp;Elzachu&nbsp;druh\u00fd d\u00edl Sv\u011btov\u00e9ho poh\u00e1ru UCI v&nbsp;para cyklistice. Na programu byly \u010dasovky a t\u011b\u0161it jsme se mohli t\u0159eba na Kate\u0159inu Anto\u0161ovou (WH3), kter\u00e1 dokon\u010dila z\u00e1vod&nbsp;na vynikaj\u00edc\u00edm 5.m\u00edst\u011b v&nbsp;\u010dase 35:20.&nbsp;Prvn\u00ed z\u00e1vod v&nbsp;kari\u00e9\u0159e na mezin\u00e1rodn\u00ed sc\u00e9n\u011b \u010dekal tak\u00e9 Kate\u0159inu Smolnou (WT1), kter\u00e1 senza\u010dn\u00edm v\u00fdkonem 38:21 vybojovala druhou pozici. Katka se bohu\u017eel nedo\u010dkala medailov\u00e9ho ceremoni\u00e1lu, proto\u017ee&nbsp;j\u00ed [&hellip;]<\/p>\n","protected":false},"author":1,"featured_media":12067,"comment_status":"closed","ping_status":"open","sticky":false,"template":"","format":"standard","meta":{"footnotes":""},"categories":[17,2,99],"tags":[62],"class_list":["post-12062","post","type-post","status-publish","format-standard","has-post-thumbnail","hentry","category-discipliny","category-novinky","category-paracyklistika","tag-paracyklistika"],"_links":{"self":[{"href":"https:\/\/www.czechcyclingfederation.com\/en\/wp-json\/wp\/v2\/posts\/12062","targetHints":{"allow":["GET"]}}],"collection":[{"href":"https:\/\/www.czechcyclingfederation.com\/en\/wp-json\/wp\/v2\/posts"}],"about":[{"href":"https:\/\/www.czechcyclingfederation.com\/en\/wp-json\/wp\/v2\/types\/post"}],"author":[{"embeddable":true,"href":"https:\/\/www.czechcyclingfederation.com\/en\/wp-json\/wp\/v2\/users\/1"}],"replies":[{"embeddable":true,"href":"https:\/\/www.czechcyclingfederation.com\/en\/wp-json\/wp\/v2\/comments?post=12062"}],"version-history":[{"count":2,"href":"https:\/\/www.czechcyclingfederation.com\/en\/wp-json\/wp\/v2\/posts\/12062\/revisions"}],"predecessor-version":[{"id":12068,"href":"https:\/\/www.czechcyclingfederation.com\/en\/wp-json\/wp\/v2\/posts\/12062\/revisions\/12068"}],"wp:featuredmedia":[{"embeddable":true,"href":"https:\/\/www.czechcyclingfederation.com\/en\/wp-json\/wp\/v2\/media\/12067"}],"wp:attachment":[{"href":"https:\/\/www.czechcyclingfederation.com\/en\/wp-json\/wp\/v2\/media?parent=12062"}],"wp:term":[{"taxonomy":"category","embeddable":true,"href":"https:\/\/www.czechcyclingfederation.com\/en\/wp-json\/wp\/v2\/categories?post=12062"},{"taxonomy":"post_tag","embeddable":true,"href":"https:\/\/www.czechcyclingfederation.com\/en\/wp-json\/wp\/v2\/tags?post=12062"}],"curies":[{"name":"wp","href":"https:\/\/api.w.org\/{rel}","templated":true}]}}