{"id":11912,"date":"2022-05-06T23:33:04","date_gmt":"2022-05-06T21:33:04","guid":{"rendered":"https:\/\/www.czechcyclingfederation.com\/?p=11912"},"modified":"2022-05-07T15:06:56","modified_gmt":"2022-05-07T13:06:56","slug":"ceskym-para-cyklistum-se-dari-na-svetovem-poharu-v-ostende","status":"publish","type":"post","link":"https:\/\/www.czechcyclingfederation.com\/en\/ceskym-para-cyklistum-se-dari-na-svetovem-poharu-v-ostende\/","title":{"rendered":"\u010cesk\u00fdm para cyklist\u016fm se da\u0159\u00ed na sv\u011btov\u00e9m poh\u00e1ru v Ostende"},"content":{"rendered":"\n<p>Do Belgie odcestovala v\u00fdprava deseti \u010desk\u00fdch z\u00e1vodn\u00edk\u016f. Mezi velk\u00e9 favority na zisk medaile pat\u0159\u00ed: <strong>Patrik Jahoda<\/strong> (MH1), kter\u00fd letos z\u00edskal presti\u017en\u00ed ocen\u011bn\u00ed nejlep\u0161\u00edho handicapovan\u00fd cyklistika za rok 2021. <strong>Kate\u0159ina Anto\u0161ov\u00e1 <\/strong>(WH3), kter\u00e1 se um\u00edstila v&nbsp;TOP 10 v&nbsp;anket\u011b Nejlep\u0161\u00ed handicapovan\u00fd sportovec za rok 2021 a <strong>Ivo Koblasa <\/strong>(MC2), kter\u00fd dlouhodob\u011b pat\u0159\u00ed k&nbsp;favorit\u016fm kategorie C2. Velk\u00e9 ambice m\u00e1 tak\u00e9 <strong>Patrik Berger<\/strong> (MT1), kter\u00fd se v&nbsp;roce 2021 radoval ze zisku bronzov\u00e9 medaile na MS UCI v&nbsp;Portugalsk\u00e9m Cascais. D\u00e1le do Ostende s&nbsp;reprezentac\u00ed \u010cR vycestovali: Tom\u00e1\u0161 Mo\u0161ni\u010dka (MH3), Pavel D\u011bck\u00fd (MH3), Roman \u0160ejna (MT1), Franti\u0161ek Kub\u00ednek (MC1), Pavl\u00edna Vejvodov\u00e1 (WT1) a Pavel Kov\u00e1\u0159 (MH1).<\/p>\n\n\n\n<p>Prvn\u00ed dva dny byla na programu \u010dasovka. \u010cesk\u00e1 reprezentace se radovala ze zisku hned dvou bronz\u016f! O vynikaj\u00edc\u00ed \u00fasp\u011bch se postarali pom\u011brn\u011b ne\u010dekan\u011b z\u00e1vodn\u00edci, od kter\u00fdch se medaile neo\u010dek\u00e1vali \u2013 <strong>Roman \u0160ejna<\/strong> v&nbsp;kategorii MT1 zajel \u010das 42:16.328 a to mu sta\u010dilo na v\u00fdborn\u00e9 3.m\u00edsto! O mimo\u0159\u00e1dn\u00fd \u00fasp\u011bch se rovn\u011b\u017e zaslou\u017eila <strong>Pavl\u00edna Vejvodov\u00e1<\/strong> (WT1). Pro Pavl\u00ednu byl SP v&nbsp;Ostende prvn\u00edm mezin\u00e1rodn\u00edm z\u00e1vodem, kde musela podstoupit klasifikaci. Pavl\u00edna zajela \u010dasovku v&nbsp;\u010dase 47:49.414 a vybojovala pro \u010ceskou republiku druh\u00fd bronz! Patrik Jahoda (MH1) si dojel pro 4.m\u00edsto, Kate\u0159ina Anto\u0161ov\u00e1 (WH3) dojela 7. a Ivo Koblasa (MC2) dokon\u010dil \u010dasovku na 9.m\u00edst\u011b v&nbsp;\u010dase 29:12.055.<\/p>\n\n\n\n<p>Reprezenta\u010dn\u00ed tren\u00e9r Luk\u00e1\u0161 Petr zhodnotil prvn\u00ed dva \u201e\u010dasovkov\u00e9\u201c dny v&nbsp;Ostende takto: \u201e<em>Jsem velmi r\u00e1d, \u017ee \u010cesk\u00e1 republika z\u00edskala dv\u011b medaile hned v&nbsp;prvn\u00ed discipl\u00edn\u011b, co\u017e vede k&nbsp;pohod\u011b a dobr\u00e9 n\u00e1lad\u011b v&nbsp;t\u00fdmu. Startujeme poprv\u00e9 v\u0161ichni pod hlavi\u010dkou \u010cesk\u00e9ho svazu cyklistiky a je velmi d\u016fle\u017eit\u00e9 abychom si vz\u00e1jemn\u011b rozum\u011bli a dok\u00e1zali pomoci. Jen tak, v&nbsp;souladu s&nbsp;tvrdou tr\u00e9ninkovou d\u0159inou vede cesta k&nbsp;\u00fasp\u011bchu. M\u00e1me p\u0159ed sebou silni\u010dn\u00ed z\u00e1vody a hned v&nbsp;dal\u0161\u00edm t\u00fddnu druh\u00fd sv\u011btov\u00fd poh\u00e1r v&nbsp;Elzachu, tak\u017ee v\u011b\u0159\u00edm, \u017ee budeme cenn\u00e9 kovy i nad\u00e1le roz\u0161i\u0159ovat.<\/em>\u201c<\/p>\n\n\n\n<p>\u010cesk\u00fd t\u00fdm \u010dek\u00e1 v&nbsp;sobotu a v&nbsp;ned\u011bli silni\u010dn\u00ed z\u00e1vod pro v\u0161echny zm\u00edn\u011bn\u00e9 kategorie. V&nbsp;sobotu se p\u0159edstav\u00ed na\u0161i handbike\u0159i a tricykly (Jahoda, Anto\u0161ov\u00e1, Mo\u0161ni\u010dka, Berger, D\u011bck\u00fd, \u0160ejna, Vejvodov\u00e1 a Kov\u00e1\u0159) a v&nbsp;ned\u011bli se m\u016f\u017eeme t\u011b\u0161it na silni\u010dn\u00ed z\u00e1vod stoj\u00edc\u00edch cyklist\u016f (Koblasa, Kub\u00ednek).<\/p>\n\n\n\n<p>Seri\u00e1l sv\u011btov\u00e9ho poh\u00e1ru bude pokra\u010dovat hned p\u0159\u00ed\u0161t\u00ed t\u00fdden v n\u011bmeck\u00e9m Elzachu, kam se p\u0159esune i v\u011bt\u0161ina \u010desk\u00fdch z\u00e1vodn\u00edk\u016f. <\/p>\n\n\n\n<p><strong>V\u00fdsledky \u010dasovka jednotlivc\u016f SP Ostend 2022:<\/strong><\/p>\n\n\n\n<p><strong>Kategorie T1 Mu\u017ei:<\/strong> 1. GARCIA ABELLA Gonzalo (ESP); 2. FARRONI Giorgio (ITA); <strong>3. \u0160EJNA Roman (CZE<\/strong>) &#8230;6. BERGER Petr (CZE)<\/p>\n\n\n\n<p><strong>Kategorie T1 \u017deny<\/strong>: 1. GAUTIER Shelle (CAN); 2 MALZBENDER Eltje; <strong>3. VEJVODOV\u00c1 Pavl\u00edna (CZE)<\/strong><\/p>\n\n\n\n<p><strong>Kategorie H1 Mu\u017ei: <\/strong>1. HORDIES Maxime (BEL); 2. CORNEGLIANI Fabrizio; 3. POLVI Teppo (FIN) \u2026 <strong>4. JAHODA Patrik (CZE) &#8230; 9. KOV\u00c1\u0158 Pavel (CZE)<\/strong><\/p>\n\n\n\n<p><strong>Kategorie H3 \u017deny<\/strong>: 1. ZEYEN Annika (GER); 2. PORCELLATO Francesca (ITA); 3. DANA Alicia (USA) \u2026 7. <strong>ANTO\u0160OV\u00c1 Kate\u0159ina (CZE)<\/strong><\/p>\n\n\n\n<p><strong>Kategorie C2 Mu\u017ei:<\/strong> 1. VROMANT Ewoud (BEL); 2. LEAUTE Alexandre (FRA); 3. ROBERTSON Matthew (GBR) \u2026 9. <strong>KOBLASA Ivo (CZE)<\/strong><\/p>\n\n\n\n<p><strong>Kategorie H3 Mu\u017ei: <\/strong>PINNEY Eric (USA); 2. MEKENKAMP Mark (NED); 3. DANIELS Owen (USA) \u2026 <strong>24. MO\u0160NI\u010cKA Tom\u00e1\u0161 (CZE) \u2026 29. D\u011aCK\u00dd Pavel (CZE)<\/strong><\/p>\n\n\n\n<p><strong>Kategorie C1 Mu\u017ei: <\/strong>1. TEUBER Michael (GER); 2. TEN ARGILES Ricardo (ESP); 3. MASINI Giancarlo (ITA) \u2026 <strong>KUB\u00cdNEK Franti\u0161ek (CZE)<\/strong><\/p>\n\n\n\n<p>Kompletn\u00ed v\u00fdsledky: <a href=\"https:\/\/www.rsstiming.com\/Resultats\/UCIPara\/RoadWCp\/2022Ostend\/Ostend2022.htm\" data-type=\"URL\" data-id=\"https:\/\/www.rsstiming.com\/Resultats\/UCIPara\/RoadWCp\/2022Ostend\/Ostend2022.htm\">ZDE<\/a><\/p>\n\n\n\n<figure class=\"wp-block-image size-large\"><img loading=\"lazy\" decoding=\"async\" width=\"1024\" height=\"825\" src=\"http:\/\/www.czechcyclingfederation.com\/wp-content\/uploads\/2022\/05\/WhatsApp-Image-2022-05-06-at-22.46.27-1024x825.jpeg\" alt=\"\" class=\"wp-image-11916\" srcset=\"https:\/\/www.czechcyclingfederation.com\/wp-content\/uploads\/2022\/05\/WhatsApp-Image-2022-05-06-at-22.46.27-1024x825.jpeg 1024w, https:\/\/www.czechcyclingfederation.com\/wp-content\/uploads\/2022\/05\/WhatsApp-Image-2022-05-06-at-22.46.27-248x200.jpeg 248w, https:\/\/www.czechcyclingfederation.com\/wp-content\/uploads\/2022\/05\/WhatsApp-Image-2022-05-06-at-22.46.27-768x619.jpeg 768w, https:\/\/www.czechcyclingfederation.com\/wp-content\/uploads\/2022\/05\/WhatsApp-Image-2022-05-06-at-22.46.27-1536x1238.jpeg 1536w, https:\/\/www.czechcyclingfederation.com\/wp-content\/uploads\/2022\/05\/WhatsApp-Image-2022-05-06-at-22.46.27-1320x1063.jpeg 1320w, https:\/\/www.czechcyclingfederation.com\/wp-content\/uploads\/2022\/05\/WhatsApp-Image-2022-05-06-at-22.46.27.jpeg 2048w\" sizes=\"auto, (max-width: 1024px) 100vw, 1024px\" \/><\/figure>\n\n\n\n<figure class=\"wp-block-image size-large\"><img loading=\"lazy\" decoding=\"async\" width=\"768\" height=\"1024\" src=\"http:\/\/www.czechcyclingfederation.com\/wp-content\/uploads\/2022\/05\/WhatsApp-Image-2022-05-06-at-22.46.27-1-768x1024.jpeg\" alt=\"\" class=\"wp-image-11914\" srcset=\"https:\/\/www.czechcyclingfederation.com\/wp-content\/uploads\/2022\/05\/WhatsApp-Image-2022-05-06-at-22.46.27-1-768x1024.jpeg 768w, https:\/\/www.czechcyclingfederation.com\/wp-content\/uploads\/2022\/05\/WhatsApp-Image-2022-05-06-at-22.46.27-1-150x200.jpeg 150w, https:\/\/www.czechcyclingfederation.com\/wp-content\/uploads\/2022\/05\/WhatsApp-Image-2022-05-06-at-22.46.27-1-1152x1536.jpeg 1152w, https:\/\/www.czechcyclingfederation.com\/wp-content\/uploads\/2022\/05\/WhatsApp-Image-2022-05-06-at-22.46.27-1.jpeg 1200w\" sizes=\"auto, (max-width: 768px) 100vw, 768px\" \/><\/figure>\n\n\n\n<figure class=\"wp-block-image size-large\"><img loading=\"lazy\" decoding=\"async\" width=\"1024\" height=\"768\" src=\"https:\/\/www.czechcyclingfederation.com\/wp-content\/uploads\/2022\/05\/WhatsApp-Image-2022-05-06-at-22.46.26-1024x768.jpeg\" alt=\"\" class=\"wp-image-11913\" srcset=\"https:\/\/www.czechcyclingfederation.com\/wp-content\/uploads\/2022\/05\/WhatsApp-Image-2022-05-06-at-22.46.26-1024x768.jpeg 1024w, https:\/\/www.czechcyclingfederation.com\/wp-content\/uploads\/2022\/05\/WhatsApp-Image-2022-05-06-at-22.46.26-267x200.jpeg 267w, https:\/\/www.czechcyclingfederation.com\/wp-content\/uploads\/2022\/05\/WhatsApp-Image-2022-05-06-at-22.46.26-768x576.jpeg 768w, https:\/\/www.czechcyclingfederation.com\/wp-content\/uploads\/2022\/05\/WhatsApp-Image-2022-05-06-at-22.46.26-1536x1152.jpeg 1536w, https:\/\/www.czechcyclingfederation.com\/wp-content\/uploads\/2022\/05\/WhatsApp-Image-2022-05-06-at-22.46.26-1320x990.jpeg 1320w, https:\/\/www.czechcyclingfederation.com\/wp-content\/uploads\/2022\/05\/WhatsApp-Image-2022-05-06-at-22.46.26.jpeg 1600w\" sizes=\"auto, (max-width: 1024px) 100vw, 1024px\" \/><\/figure>\n\n\n\n<figure class=\"wp-block-image size-large\"><img loading=\"lazy\" decoding=\"async\" width=\"1024\" height=\"768\" src=\"http:\/\/www.czechcyclingfederation.com\/wp-content\/uploads\/2022\/05\/WhatsApp-Image-2022-05-06-at-22.46.26-1-1024x768.jpeg\" alt=\"\" class=\"wp-image-11915\" srcset=\"https:\/\/www.czechcyclingfederation.com\/wp-content\/uploads\/2022\/05\/WhatsApp-Image-2022-05-06-at-22.46.26-1-1024x768.jpeg 1024w, https:\/\/www.czechcyclingfederation.com\/wp-content\/uploads\/2022\/05\/WhatsApp-Image-2022-05-06-at-22.46.26-1-267x200.jpeg 267w, https:\/\/www.czechcyclingfederation.com\/wp-content\/uploads\/2022\/05\/WhatsApp-Image-2022-05-06-at-22.46.26-1-768x576.jpeg 768w, https:\/\/www.czechcyclingfederation.com\/wp-content\/uploads\/2022\/05\/WhatsApp-Image-2022-05-06-at-22.46.26-1-1536x1152.jpeg 1536w, https:\/\/www.czechcyclingfederation.com\/wp-content\/uploads\/2022\/05\/WhatsApp-Image-2022-05-06-at-22.46.26-1-1320x990.jpeg 1320w, https:\/\/www.czechcyclingfederation.com\/wp-content\/uploads\/2022\/05\/WhatsApp-Image-2022-05-06-at-22.46.26-1.jpeg 1600w\" sizes=\"auto, (max-width: 1024px) 100vw, 1024px\" \/><\/figure>\n","protected":false},"excerpt":{"rendered":"<p>Do Belgie odcestovala v\u00fdprava deseti \u010desk\u00fdch z\u00e1vodn\u00edk\u016f. Mezi velk\u00e9 favority na zisk medaile pat\u0159\u00ed: Patrik Jahoda (MH1), kter\u00fd letos z\u00edskal presti\u017en\u00ed ocen\u011bn\u00ed nejlep\u0161\u00edho handicapovan\u00fd cyklistika za rok 2021. Kate\u0159ina Anto\u0161ov\u00e1 (WH3), kter\u00e1 se um\u00edstila v&nbsp;TOP 10 v&nbsp;anket\u011b Nejlep\u0161\u00ed handicapovan\u00fd sportovec za rok 2021 a Ivo Koblasa (MC2), kter\u00fd dlouhodob\u011b pat\u0159\u00ed k&nbsp;favorit\u016fm kategorie C2. Velk\u00e9 ambice [&hellip;]<\/p>\n","protected":false},"author":3,"featured_media":11917,"comment_status":"closed","ping_status":"open","sticky":false,"template":"","format":"standard","meta":{"footnotes":""},"categories":[46,2,99,103],"tags":[62],"class_list":["post-11912","post","type-post","status-publish","format-standard","has-post-thumbnail","hentry","category-novinky-sportovni-centra","category-novinky","category-paracyklistika","category-reprezentace","tag-paracyklistika"],"_links":{"self":[{"href":"https:\/\/www.czechcyclingfederation.com\/en\/wp-json\/wp\/v2\/posts\/11912","targetHints":{"allow":["GET"]}}],"collection":[{"href":"https:\/\/www.czechcyclingfederation.com\/en\/wp-json\/wp\/v2\/posts"}],"about":[{"href":"https:\/\/www.czechcyclingfederation.com\/en\/wp-json\/wp\/v2\/types\/post"}],"author":[{"embeddable":true,"href":"https:\/\/www.czechcyclingfederation.com\/en\/wp-json\/wp\/v2\/users\/3"}],"replies":[{"embeddable":true,"href":"https:\/\/www.czechcyclingfederation.com\/en\/wp-json\/wp\/v2\/comments?post=11912"}],"version-history":[{"count":2,"href":"https:\/\/www.czechcyclingfederation.com\/en\/wp-json\/wp\/v2\/posts\/11912\/revisions"}],"predecessor-version":[{"id":11922,"href":"https:\/\/www.czechcyclingfederation.com\/en\/wp-json\/wp\/v2\/posts\/11912\/revisions\/11922"}],"wp:featuredmedia":[{"embeddable":true,"href":"https:\/\/www.czechcyclingfederation.com\/en\/wp-json\/wp\/v2\/media\/11917"}],"wp:attachment":[{"href":"https:\/\/www.czechcyclingfederation.com\/en\/wp-json\/wp\/v2\/media?parent=11912"}],"wp:term":[{"taxonomy":"category","embeddable":true,"href":"https:\/\/www.czechcyclingfederation.com\/en\/wp-json\/wp\/v2\/categories?post=11912"},{"taxonomy":"post_tag","embeddable":true,"href":"https:\/\/www.czechcyclingfederation.com\/en\/wp-json\/wp\/v2\/tags?post=11912"}],"curies":[{"name":"wp","href":"https:\/\/api.w.org\/{rel}","templated":true}]}}