{"id":11876,"date":"2022-05-04T22:36:47","date_gmt":"2022-05-04T20:36:47","guid":{"rendered":"https:\/\/www.czechcyclingfederation.com\/?p=11876"},"modified":"2022-05-04T22:36:50","modified_gmt":"2022-05-04T20:36:50","slug":"na-startu-zmj-jezdci-devatenacti-zemi","status":"publish","type":"post","link":"https:\/\/www.czechcyclingfederation.com\/en\/na-startu-zmj-jezdci-devatenacti-zemi\/","title":{"rendered":"Na startu ZMJ jezdci devaten\u00e1cti zem\u00ed"},"content":{"rendered":"\n<p>Do jubilejn\u00edho 50. ro\u010dn\u00edku Z\u00e1vodu m\u00edru junior\u016f odstartuje p\u0159esn\u011b 111 z\u00e1vodn\u00edk\u016f z 19 t\u00fdm\u016f a z 18 zem\u00ed. Na startu \u00favodn\u00ed etapy ve \u010dtvrtek na litom\u011b\u0159ick\u00e9m n\u00e1m\u011bst\u00ed bude tak\u00e9 dev\u00edtka \u010desk\u00fdch reprezentant\u016f i budouc\u00ed jm\u00e9na \u201evelk\u00e9\u201c sv\u011btov\u00e9 cyklistiky.<\/p>\n\n\n\n<p>\u0160estici reprezentant\u016f v dresu s \u010deskou trikolorou povede tren\u00e9r Tom\u00e1\u0161 Kone\u010dn\u00fd, n\u011bkdej\u0161\u00ed elitn\u00ed z\u00e1vodn\u00edk. Do reprezenta\u010dn\u00edho v\u00fdb\u011bru se dostala \u0161estice z\u00e1vodn\u00edk\u016f \u0160t\u011bp\u00e1n Teleck\u00fd, Pavel Nov\u00e1k, Milan Kadlec, Martin B\u00e1rta, Tom\u00e1\u0161 P\u0159idal a Daniel Mr\u00e1z. V\u011bt\u0161ina atmosf\u00e9ru ZMJ za\u017eila u\u017e p\u0159i lo\u0148sk\u00e9m ro\u010dn\u00edku, do kter\u00e9ho t\u0159eba Milan Kadlec odstartoval jako evropsk\u00fd dr\u00e1hov\u00fd \u0161ampion v bodova\u010dce. V kone\u010dn\u00e9m hodnocen\u00ed byl nakonec i nejlep\u0161\u00edm \u010desk\u00fdm reprezentantem a \u010dtvrt\u00fdm nejlep\u0161\u00edm \u201eprvoro\u010d\u00e1kem\u201c, kdy\u017e na patn\u00e1ct\u00e9m m\u00edst\u011b na v\u00edt\u011bzn\u00e9ho Nora Hagenese ztratil necel\u00e9 dv\u011b a p\u016fl minuty.<\/p>\n\n\n\n<p>Te\u010f ho spolu s p\u011bti kolegy \u010dekaj\u00ed \u010dty\u0159i n\u00e1ro\u010dn\u00e9 dny na \u010dlenit\u00fdch silnic\u00edch v severn\u00edch \u010cech\u00e1ch a n\u011bmeck\u00e9m Sasku, kter\u00e9 se od lo\u0148sk\u00e9ho profilu p\u0159\u00edli\u0161 neli\u0161\u00ed. \u201eMy do z\u00e1vodu jdeme s jasn\u00fdm c\u00edlem, vyhr\u00e1t. Je to dom\u00e1c\u00ed z\u00e1vod, ve kter\u00e9m se kluci budou cht\u00edt p\u0159edv\u00e9st. Nav\u00edc m\u00e1me snad nejvyrovnan\u011bj\u0161\u00ed t\u00fdm, jak\u00fd jsme kdy m\u011bli, tak\u017ee rozhodn\u011b budeme cht\u00edt hr\u00e1t prvn\u00ed housle. M\u00e1me na to z\u00e1vod tvo\u0159it,\u201c netaj\u00ed ambice \u010desk\u00e9ho n\u00e1ro\u010f\u00e1ku reprezenta\u010dn\u00ed kou\u010d Tom\u00e1\u0161 Kone\u010dn\u00fd.<\/p>\n\n\n\n<p>Reprezenta\u010dn\u00ed v\u00fdb\u011br nav\u00edc dopln\u00ed trojice dom\u00e1c\u00edch borc\u016f ve sm\u00ed\u0161en\u00e9m \u010desko-n\u011bmeck\u00e9m t\u00fdmu Euroregionu, pro kter\u00fd po\u0159adatel\u00e9 z CK Slavoj Terez\u00edn op\u011bt vyjednali v\u00fdjimku. V t\u00fdmu pojede Richard Kobr, Jan Luke\u0161 a Vojt\u011bch C\u00edrkva. Jak u\u017e tren\u00e9r Kone\u010dn\u00fd podotkl, \u010de\u0161t\u00ed jezdci si n\u00edzk\u00e9 c\u00edle nekladou. \u201e\u0160t\u011bp\u00e1n Teleck\u00fd s Pavlem Nov\u00e1kem jsou v\u00fdborn\u00ed \u010dasovk\u00e1\u0159i a pro m\u011b tedy hlavn\u00ed adepti a l\u00edd\u0159i. Kapit\u00e1nem, kter\u00fd m\u00e1 cit pro z\u00e1vod, je pak Milan Kadlec. Je to v\u00fdborn\u00fd z\u00e1vodn\u00edk a klidn\u011b i \u010dern\u00fd k\u016f\u0148, kter\u00e9ho ale limituje \u010dasovka, nicm\u00e9n\u011b klidn\u011b m\u016f\u017ee n\u011bkde odjet a zaz\u00e1\u0159it. Stejn\u011b tak dal\u0161\u00ed jako Mr\u00e1z, P\u0159idal nebo i nejmlad\u0161\u00ed Martin B\u00e1rta. V\u0161ichni m\u016f\u017eou p\u0159ekvapit. Pro n\u00e1s ale bude d\u016fle\u017eit\u00e9 dob\u0159e odstartovat, proto\u017ee jak uk\u00e1zala historie, 1. etapa se nesm\u00ed podcenit. V\u00edt\u011bz mus\u00ed b\u00fdt vep\u0159edu.<\/p>\n\n\n\n<p>V posledn\u00edch letech zaz\u00e1\u017eili t\u0159eba dvojn\u00e1sobn\u00fd v\u00edt\u011bz Tour de France z let 2020 a 2021 Slovinec Tadej Poga\u010dar \u010di Belgi\u010dan Remco Evenepoel, kter\u00fd se rok po sv\u00e9m v\u00edt\u011bzstv\u00ed na ZMJ (2018) stal nejmlad\u0161\u00edm jezdcem profesion\u00e1ln\u00ed s\u00e9rie UCI World Tour, kdy\u017e uzav\u0159el smlouvu s t\u00fdmem Deceuninck\u2013Quick-Step.<\/p>\n\n\n\n<p>I tentokr\u00e1t budou na startu zaj\u00edmav\u00e1 jm\u00e9na. P\u0159i z\u00e1\u0159ijov\u00e9m \u0161ampion\u00e1tu v Egypt\u011b zlato ve vylu\u010dovac\u00edm z\u00e1vod\u011b vybojoval Ital Dario Igor Belletta. Krajan Alessio Delle Vedove pak byl sou\u010d\u00e1st\u00ed st\u0159\u00edbrn\u00e9ho st\u00edhac\u00edho t\u00fdmu. Se startovn\u00edm \u010d\u00edslem 86 pak odstartuje lo\u0148sk\u00fd druh\u00fd mu\u017e celkov\u00e9 klasifikace N\u011bmec Emil Herzog, kter\u00fd za v\u00edt\u011bzem zaostal o pouh\u00fdch 10 vte\u0159in. Ve startovce je i loni druh\u00fd nejlep\u0161\u00ed \u201eprvoro\u010d\u00e1k\u201c Belgi\u010dan Vlad van Mechelen, kter\u00fd byl klasifikov\u00e1n sedm\u00fd. Nechyb\u00ed ani historicky prvn\u00ed srbsk\u00fd etapov\u00fd v\u00edt\u011bz Mihajlo Stolic.<\/p>\n\n\n\n<p>Potvrzeno je 19 \u0161esti\u010dlenn\u00fdch t\u00fdm\u016f reprezentuj\u00edc\u00edch \u010cR, D\u00e1nsko, Lucembursko, Norsko, Portugalsko, Belgie, It\u00e1lie, Nizozemsko, Polsko, Srbsko, \u0160v\u00e9dsko, Francie, N\u011bmecko, Slovensko, Slovinsko, Rakousko, Estonsko, Loty\u0161sko.<\/p>\n\n\n\n<p>FOTO Patrik P\u00e1tek<\/p>\n\n\n\n<figure class=\"wp-block-image size-large\"><img loading=\"lazy\" decoding=\"async\" width=\"1024\" height=\"682\" src=\"https:\/\/www.czechcyclingfederation.com\/wp-content\/uploads\/2022\/05\/210829_4-et_007-1024x682.jpg\" alt=\"\" class=\"wp-image-11878\" srcset=\"https:\/\/www.czechcyclingfederation.com\/wp-content\/uploads\/2022\/05\/210829_4-et_007-1024x682.jpg 1024w, https:\/\/www.czechcyclingfederation.com\/wp-content\/uploads\/2022\/05\/210829_4-et_007-300x200.jpg 300w, https:\/\/www.czechcyclingfederation.com\/wp-content\/uploads\/2022\/05\/210829_4-et_007-768x512.jpg 768w, https:\/\/www.czechcyclingfederation.com\/wp-content\/uploads\/2022\/05\/210829_4-et_007-1536x1024.jpg 1536w, https:\/\/www.czechcyclingfederation.com\/wp-content\/uploads\/2022\/05\/210829_4-et_007-1320x880.jpg 1320w, https:\/\/www.czechcyclingfederation.com\/wp-content\/uploads\/2022\/05\/210829_4-et_007.jpg 2000w\" sizes=\"auto, (max-width: 1024px) 100vw, 1024px\" \/><\/figure>\n","protected":false},"excerpt":{"rendered":"<p>Do jubilejn\u00edho 50. ro\u010dn\u00edku Z\u00e1vodu m\u00edru junior\u016f odstartuje p\u0159esn\u011b 111 z\u00e1vodn\u00edk\u016f z 19 t\u00fdm\u016f a z 18 zem\u00ed. Na startu \u00favodn\u00ed etapy ve \u010dtvrtek na litom\u011b\u0159ick\u00e9m n\u00e1m\u011bst\u00ed bude tak\u00e9 dev\u00edtka \u010desk\u00fdch reprezentant\u016f i budouc\u00ed jm\u00e9na \u201evelk\u00e9\u201c sv\u011btov\u00e9 cyklistiky. \u0160estici reprezentant\u016f v dresu s \u010deskou trikolorou povede tren\u00e9r Tom\u00e1\u0161 Kone\u010dn\u00fd, n\u011bkdej\u0161\u00ed elitn\u00ed z\u00e1vodn\u00edk. Do reprezenta\u010dn\u00edho v\u00fdb\u011bru [&hellip;]<\/p>\n","protected":false},"author":8,"featured_media":11877,"comment_status":"closed","ping_status":"open","sticky":false,"template":"","format":"standard","meta":{"footnotes":""},"categories":[2,18],"tags":[11],"class_list":["post-11876","post","type-post","status-publish","format-standard","has-post-thumbnail","hentry","category-novinky","category-silnice","tag-silnice"],"_links":{"self":[{"href":"https:\/\/www.czechcyclingfederation.com\/en\/wp-json\/wp\/v2\/posts\/11876","targetHints":{"allow":["GET"]}}],"collection":[{"href":"https:\/\/www.czechcyclingfederation.com\/en\/wp-json\/wp\/v2\/posts"}],"about":[{"href":"https:\/\/www.czechcyclingfederation.com\/en\/wp-json\/wp\/v2\/types\/post"}],"author":[{"embeddable":true,"href":"https:\/\/www.czechcyclingfederation.com\/en\/wp-json\/wp\/v2\/users\/8"}],"replies":[{"embeddable":true,"href":"https:\/\/www.czechcyclingfederation.com\/en\/wp-json\/wp\/v2\/comments?post=11876"}],"version-history":[{"count":1,"href":"https:\/\/www.czechcyclingfederation.com\/en\/wp-json\/wp\/v2\/posts\/11876\/revisions"}],"predecessor-version":[{"id":11879,"href":"https:\/\/www.czechcyclingfederation.com\/en\/wp-json\/wp\/v2\/posts\/11876\/revisions\/11879"}],"wp:featuredmedia":[{"embeddable":true,"href":"https:\/\/www.czechcyclingfederation.com\/en\/wp-json\/wp\/v2\/media\/11877"}],"wp:attachment":[{"href":"https:\/\/www.czechcyclingfederation.com\/en\/wp-json\/wp\/v2\/media?parent=11876"}],"wp:term":[{"taxonomy":"category","embeddable":true,"href":"https:\/\/www.czechcyclingfederation.com\/en\/wp-json\/wp\/v2\/categories?post=11876"},{"taxonomy":"post_tag","embeddable":true,"href":"https:\/\/www.czechcyclingfederation.com\/en\/wp-json\/wp\/v2\/tags?post=11876"}],"curies":[{"name":"wp","href":"https:\/\/api.w.org\/{rel}","templated":true}]}}