{"id":11859,"date":"2022-05-04T07:30:31","date_gmt":"2022-05-04T05:30:31","guid":{"rendered":"https:\/\/www.czechcyclingfederation.com\/?p=11859"},"modified":"2022-05-04T07:30:34","modified_gmt":"2022-05-04T05:30:34","slug":"stepan-telecky-pred-zavodem-miru-prvni-desitka-by-byla-uzasna","status":"publish","type":"post","link":"https:\/\/www.czechcyclingfederation.com\/en\/stepan-telecky-pred-zavodem-miru-prvni-desitka-by-byla-uzasna\/","title":{"rendered":"\u0160t\u011bp\u00e1n Teleck\u00fd p\u0159ed Z\u00e1vodem m\u00edru: Prvn\u00ed des\u00edtka by byla \u00fa\u017easn\u00e1"},"content":{"rendered":"\n<p>U\u017e ve \u010dtvrtek odstartuje na na\u0161em \u00fazem\u00ed Z\u00e1vod m\u00edru junior\u016f a \u010desk\u00fd t\u00fdm m\u00e1 na jeho jubilejn\u00edm 50. ro\u010dn\u00edku nemal\u00e9 ambice. Jedn\u00edm z&nbsp;l\u00eddr\u016f by m\u011bl b\u00fdt cyklista Favoritu Brno \u0160t\u011bp\u00e1n Teleck\u00fd.&nbsp;<\/p>\n\n\n\n<p>\u201eMysl\u00edm, \u017ee m\u00e1me neskute\u010dn\u011b siln\u00fd a vyrovnan\u00fd t\u00fdm. St\u00e1t se m\u016f\u017ee cokoliv, ale moc r\u00e1d bych se porval o co nejlep\u0161\u00ed um\u00edst\u011bn\u00ed. Prvn\u00ed des\u00edtka by byla \u00fa\u017easn\u00e1. Dostat se na p\u00f3dium v&nbsp;celkov\u00e9m po\u0159ad\u00ed bude v&nbsp;t\u00e9 nabit\u00e9 konkurenci hodn\u011b t\u011b\u017ek\u00e9, ale nen\u00ed to nere\u00e1ln\u00e9,\u201c \u0159\u00edk\u00e1 \u0160t\u011bp\u00e1n p\u0159ed startem z\u00e1vodu.<\/p>\n\n\n\n<p><strong>Je pro v\u00e1s Z\u00e1vod m\u00edru jedn\u00edm z&nbsp;vrchol\u016f sezony?<\/strong><\/p>\n\n\n\n<p>Ur\u010dit\u011b k&nbsp;tomu tak vzhl\u00ed\u017e\u00edm. Je to prvn\u00ed velk\u00fd vrchol leto\u0161n\u00edho roku. Pak mistrovstv\u00ed Evropy, dom\u00e1c\u00ed \u0161ampion\u00e1t a podle toho, jak se na t\u011bchto akc\u00edch zada\u0159\u00ed, tak mo\u017en\u00e1 i mistrovstv\u00ed sv\u011bta. Z\u00e1vod m\u00edru je pro m\u011b d\u016fle\u017eit\u00fd, p\u0159\u00edprava k&nbsp;n\u011bmu vlastn\u011b prob\u00edhala u\u017e od zimy.<\/p>\n\n\n\n<p><strong>A jak se p\u0159ed startem c\u00edt\u00edte?<\/strong><\/p>\n\n\n\n<p>Jsem p\u0159esn\u011b tam, kde jsem cht\u011bl b\u00fdt, mo\u017en\u00e1 je to dokonce i nad o\u010dek\u00e1v\u00e1n\u00ed. R\u00e1d bych to prodal. Na posledn\u00edm z\u00e1vod\u011b v&nbsp;It\u00e1lii, kter\u00fd byl dost t\u011b\u017ek\u00fd, jsem si formu otestoval a byl jsem spokojen\u00fd. Douf\u00e1m, \u017ee se mn\u011b i cel\u00e9mu t\u00fdmu vyhne sm\u016fla a p\u0159edvedeme par\u00e1dn\u00ed v\u00fdkony.&nbsp;<\/p>\n\n\n\n<p><strong>Jako v\u00fdborn\u00fd \u010dasovk\u00e1\u0159 byste m\u011bl b\u00fdt jedn\u00edm z&nbsp;l\u00eddr\u016f \u010desk\u00e9 sestavy. Jste s&nbsp;takovou pozic\u00ed v&nbsp;pohod\u011b nebo je to n\u011bkdy trochu svazuj\u00edc\u00ed?<\/strong><\/p>\n\n\n\n<p>Je tam ur\u010dit\u00fd tlak, ale s&nbsp;t\u00edm se \u010dlov\u011bk mus\u00ed nau\u010dit \u017e\u00edt. Nav\u00edc nebudu l\u00eddrem s\u00e1m, t\u00fdm m\u00e1me hodn\u011b vyrovnan\u00fd. A m\u016f\u017eeme to hr\u00e1t na v\u00edce karet. V&nbsp;tom m\u00e1me obrovskou v\u00fdhodu. Kdy\u017e jeden spadne, jsou tam dal\u0161\u00ed \u010dty\u0159i, kte\u0159\u00ed mohou zajet. Podle m\u011b m\u00e1me jeden z&nbsp;nejv\u0161estrann\u011bj\u0161\u00edch t\u00fdm\u016f, co budou na startu. M\u00e1me lidi \u00fapln\u011b na v\u0161echno. V\u00edme, \u017ee \u010dasovka bude moc d\u016fle\u017eit\u00e1, ale kl\u00ed\u010dov\u00e9 bude i p\u0159e\u017e\u00edt prvn\u00ed etapu a p\u0159ijet v&nbsp;prvn\u00ed skupin\u011b.<\/p>\n\n\n\n<p><strong>Koho pova\u017eujete za nejv\u011bt\u0161\u00edho favorita?<\/strong><\/p>\n\n\n\n<p>Ur\u010dit\u011b je to N\u011bmec Emil Herzog, kter\u00fd m\u00e1 letos skv\u011blou formu. Ale kdy\u017e to \u010dlov\u011bku sedne, d\u00e1 se s&nbsp;n\u00edm jet.&nbsp;<\/p>\n\n\n\n<p><strong>Berete to tak, \u017ee i t\u0159eba v\u00fdsledek na Z\u00e1vodu m\u00edru v\u00e1m m\u016f\u017ee otev\u0159\u00edt cestu d\u00e1l?<\/strong><\/p>\n\n\n\n<p>Je to hodn\u011b sledovan\u00e9, t\u0159eba i t\u011bmi nejv\u011bt\u0161\u00edmi t\u00fdmy z&nbsp;WorldTour. R\u00e1d bych se tam jednou dostal a jezdil ty nejlep\u0161\u00ed z\u00e1vody, o tom sn\u00ed asi ka\u017ed\u00fd.<\/p>\n\n\n\n<p><strong>Nep\u0159em\u00fd\u0161lel jsme nad t\u00edm, \u017ee byste u\u017e nyn\u00ed ode\u0161el do n\u011bjak\u00e9 zahrani\u010dn\u00ed st\u00e1je pro mlad\u00e9 z\u00e1vodn\u00edky, t\u0159eba do It\u00e1lie? N\u011bkte\u0159\u00ed va\u0161i kolegov\u00e9 z&nbsp;reprezentace u\u017e se tou cestou vydali\u2026<\/strong><\/p>\n\n\n\n<p>J\u00e1 volil cestu, \u017ee chci zat\u00edm z\u016fstat doma. Studuji druh\u00fdm rokem jazykov\u00e9 gymn\u00e1zium a \u0161kola je pro m\u011b hodn\u011b d\u016fle\u017eit\u00e1. Nechci spol\u00e9hat jen na to, \u017ee t\u0159eba jednou budu prof\u00edk a kolo m\u011b bude \u017eivit. M\u016f\u017ee se st\u00e1t cokoliv, a proto je u\u017e v&nbsp;tomhle v\u011bku dobr\u00e9 m\u00edt i n\u011bjak\u00fd pl\u00e1n B. Kdybych ode\u0161el z\u00e1vodit ven, bylo by stra\u0161n\u011b slo\u017eit\u00e9 k&nbsp;tomu st\u00edhat \u0161kolu.<\/p>\n\n\n\n<p><strong>M\u00e1te n\u011bjak\u00e9 cyklistick\u00e9 vzory?<\/strong><\/p>\n\n\n\n<p>L\u00edb\u00ed se mi Thomas De Gendt a Michal Kwiatkowski. De Gendt je obrovsk\u00fd bojovn\u00edk, je schopen vyhr\u00e1vat z\u00e1vody z&nbsp;\u00faniku sv\u00fdm aktivn\u00edm pojet\u00edm. Kwiatkowski dok\u00e1\u017ee taky s\u00e1m vyhr\u00e1t ty nejv\u011bt\u0161\u00ed z\u00e1vody, ale ve spoust\u011b z&nbsp;nich se ob\u011btuje a d\u00e1 v\u0161echno pro t\u00fdm na \u00fakor sv\u00e9ho v\u00fdsledku. Takov\u00fdch lid\u00ed si moc v\u00e1\u017e\u00edm.<\/p>\n","protected":false},"excerpt":{"rendered":"<p>U\u017e ve \u010dtvrtek odstartuje na na\u0161em \u00fazem\u00ed Z\u00e1vod m\u00edru junior\u016f a \u010desk\u00fd t\u00fdm m\u00e1 na jeho jubilejn\u00edm 50. ro\u010dn\u00edku nemal\u00e9 ambice. Jedn\u00edm z&nbsp;l\u00eddr\u016f by m\u011bl b\u00fdt cyklista Favoritu Brno \u0160t\u011bp\u00e1n Teleck\u00fd.&nbsp; \u201eMysl\u00edm, \u017ee m\u00e1me neskute\u010dn\u011b siln\u00fd a vyrovnan\u00fd t\u00fdm. St\u00e1t se m\u016f\u017ee cokoliv, ale moc r\u00e1d bych se porval o co nejlep\u0161\u00ed um\u00edst\u011bn\u00ed. Prvn\u00ed des\u00edtka [&hellip;]<\/p>\n","protected":false},"author":15,"featured_media":5021,"comment_status":"closed","ping_status":"open","sticky":false,"template":"","format":"standard","meta":{"footnotes":""},"categories":[17,2,18],"tags":[11],"class_list":["post-11859","post","type-post","status-publish","format-standard","has-post-thumbnail","hentry","category-discipliny","category-novinky","category-silnice","tag-silnice"],"_links":{"self":[{"href":"https:\/\/www.czechcyclingfederation.com\/en\/wp-json\/wp\/v2\/posts\/11859","targetHints":{"allow":["GET"]}}],"collection":[{"href":"https:\/\/www.czechcyclingfederation.com\/en\/wp-json\/wp\/v2\/posts"}],"about":[{"href":"https:\/\/www.czechcyclingfederation.com\/en\/wp-json\/wp\/v2\/types\/post"}],"author":[{"embeddable":true,"href":"https:\/\/www.czechcyclingfederation.com\/en\/wp-json\/wp\/v2\/users\/15"}],"replies":[{"embeddable":true,"href":"https:\/\/www.czechcyclingfederation.com\/en\/wp-json\/wp\/v2\/comments?post=11859"}],"version-history":[{"count":1,"href":"https:\/\/www.czechcyclingfederation.com\/en\/wp-json\/wp\/v2\/posts\/11859\/revisions"}],"predecessor-version":[{"id":11860,"href":"https:\/\/www.czechcyclingfederation.com\/en\/wp-json\/wp\/v2\/posts\/11859\/revisions\/11860"}],"wp:featuredmedia":[{"embeddable":true,"href":"https:\/\/www.czechcyclingfederation.com\/en\/wp-json\/wp\/v2\/media\/5021"}],"wp:attachment":[{"href":"https:\/\/www.czechcyclingfederation.com\/en\/wp-json\/wp\/v2\/media?parent=11859"}],"wp:term":[{"taxonomy":"category","embeddable":true,"href":"https:\/\/www.czechcyclingfederation.com\/en\/wp-json\/wp\/v2\/categories?post=11859"},{"taxonomy":"post_tag","embeddable":true,"href":"https:\/\/www.czechcyclingfederation.com\/en\/wp-json\/wp\/v2\/tags?post=11859"}],"curies":[{"name":"wp","href":"https:\/\/api.w.org\/{rel}","templated":true}]}}