{"id":11827,"date":"2022-05-01T14:10:29","date_gmt":"2022-05-01T12:10:29","guid":{"rendered":"https:\/\/www.czechcyclingfederation.com\/?p=11827"},"modified":"2022-05-01T14:12:11","modified_gmt":"2022-05-01T12:12:11","slug":"agnieszka-skalniak-sojkova-vyhrala-posledni-etapu-v-orlove-i-celkove-poradi-gracie","status":"publish","type":"post","link":"https:\/\/www.czechcyclingfederation.com\/en\/agnieszka-skalniak-sojkova-vyhrala-posledni-etapu-v-orlove-i-celkove-poradi-gracie\/","title":{"rendered":"Agnieszka Skalniak-S\u00f3jkov\u00e1 vyhr\u00e1la posledn\u00ed etapu v Orlov\u00e9 i celkov\u00e9 po\u0159ad\u00ed Gracie"},"content":{"rendered":"\n<p>Polsk\u00e1 cyklistka Agnieszka Skalniak-S\u00f3jkov\u00e1 zakon\u010dila leto\u0161n\u00ed ro\u010dn\u00edk z\u00e1vodu Gracia Orlov\u00e1 stylov\u011b. Vedouc\u00ed z\u00e1vodnice celkov\u00e9ho po\u0159ad\u00ed m\u011bla pr\u016fb\u011bh posledn\u00ed etapy zcela pod kontrolou a zv\u00edt\u011bzila v hromadn\u00e9m dojezdu v Orlov\u00e9. Zajistila si tak celkov\u00fd triumf i v\u00edt\u011bzstv\u00ed v bodovac\u00ed sout\u011b\u017ei.<\/p>\n\n\n\n<p>P\u011btadvacetilet\u00e1 z\u00e1vodnice t\u00fdmu ATOM Deweloper vyhr\u00e1la t\u0159i etapy a dv\u011b sout\u011b\u017ee Gracie a stala se jednozna\u010dn\u011b nejv\u00fdrazn\u011bj\u0161\u00ed osobnost\u00ed mezin\u00e1rodn\u00edho etapov\u00e9ho z\u00e1vodu. Do z\u00e1v\u011bre\u010dn\u00e9 etapy v Orlov\u00e9 nastupovala s n\u00e1skokem 15 sekund p\u0159ed Jenny Rissvedsovou a&nbsp; 17 sekund p\u0159ed Christinou Schweinbergerovou a poda\u0159ilo se j\u00ed rozd\u00edl je\u0161t\u011b nav\u00fd\u0161it.&nbsp;<\/p>\n\n\n\n<p><strong>Rissvedsov\u00e1 \u00fato\u010dila&nbsp;<\/strong><\/p>\n\n\n\n<p>\u0160v\u00e9dka Rissvedsov\u00e1 se sna\u017eila na mlad\u0161\u00ed soupe\u0159ku vyzr\u00e1t v pr\u016fb\u011bhu rychl\u00e9 etapy s osmi okruhy. P\u0159\u00edle\u017eitost st\u00e1hnout ztr\u00e1tu v celkov\u00e9m po\u0159ad\u00ed m\u011bla na t\u0159ech rychlostn\u00edch pr\u00e9mi\u00edch, kde se rozd\u00e1valy 3, 2 a 1 sekunda. Jen\u017ee Skalniak-S\u00f3jkov\u00e1 na to byla p\u0159ipravena.&nbsp;<\/p>\n\n\n\n<p>\u0160v\u00e9dsk\u00fd n\u00e1rodn\u00ed t\u00fdm ud\u00e1val na za\u010d\u00e1tku z\u00e1vodu tempo pelotonu a nikomu se neda\u0159ilo uniknout. Na prvn\u00ed rychlostn\u00ed pr\u00e9mii v c\u00edli druh\u00e9ho okruhu Rissvedsov\u00e1 spurtovala o 3 sekundy, ale Polka byla rychlej\u0161\u00ed a ve virtu\u00e1ln\u00edm po\u0159ad\u00ed nav\u00fd\u0161ila n\u00e1skok na 16 sekund.\u00a0<\/p>\n\n\n\n<p>Skalniak-S\u00f3jkov\u00e1 vyhr\u00e1la i druhou rychlostn\u00ed pr\u00e9mii na konci \u010dtvrt\u00e9ho okruhu a n\u00e1skok najednou nasko\u010dil na 19 sekund. Ale Rissvedsov\u00e1 se nevzdala, za pr\u00e9mi\u00ed za\u00fato\u010dila spole\u010dn\u011b s krajankou Juli\u00ed Bergstromovou a Polky musely reagovat. Do \u00faniku nasko\u010dila Dominika Wlodarczykov\u00e1 a dot\u00e1hla se i Skalniak-S\u00f3jkov\u00e1.&nbsp;<\/p>\n\n\n\n<p>\u010ctve\u0159ice nejd\u0159\u00edve spolupracovala, tak\u017ee rychle z\u00edskala minutov\u00fd n\u00e1skok, ale Rissvedsov\u00e9 situace st\u00e1le nevyhovovala a opakovan\u011b \u00fato\u010dila. Bergstromov\u00e1 a Wlodarczykov\u00e1 odpadly, Skalniak-S\u00f3jkov\u00e1 se bez probl\u00e9mu udr\u017eela. S n\u00e1skokem pouze 30 sekund p\u0159ed pelotonem se Rissvedsov\u00e1 pokusila vedouc\u00ed z\u00e1vodnici Gracie je\u0161t\u011b n\u011bkolikr\u00e1t utrhnout, ale marn\u011b. \u017dlut\u00e1 Polka p\u0159estala st\u0159\u00eddat a peloton je pohltil. &nbsp;<\/p>\n\n\n\n<p><strong>Rozhodlo se ve spurtu&nbsp;<\/strong><\/p>\n\n\n\n<p>V posledn\u00edch dvou okruz\u00edch u\u017e bylo jasn\u00e9, \u017ee vedouc\u00ed z\u00e1vodnici m\u016f\u017ee o \u017elut\u00fd dres p\u0159ipravit jen sm\u016fla. A na\u0161t\u011bst\u00ed se nic takov\u00e9ho nestalo. ATOM Deweloper kontroloval z\u00e1v\u011br z\u00e1vodu a kdy\u017e se Belgi\u010danka Justine Ghekierov\u00e1 pokusila o \u00fanik, Katarzyna Wilkosov\u00e1 si k n\u00ed ihned dosko\u010dila a nest\u0159\u00eddala.<\/p>\n\n\n\n<p>Ghekierov\u00e1 s Wilkosovou byly dosti\u017eeny a pot\u00e9 u\u017e p\u0159i\u0161el n\u00e1ro\u010dn\u00fd stoupav\u00fd spurt, v kter\u00e9m byla op\u011bt suver\u00e9nn\u011b nejrychlej\u0161\u00ed Skalniak-S\u00f3jkov\u00e1. Porazila polskou mistryni Karolinu Karasiewiczovou a Justine Ghekierovou. Rissvedsov\u00e1 skon\u010dila \u010dtvrt\u00e1.&nbsp;<\/p>\n\n\n\n<p><strong>P\u00f3dium beze zm\u011bny<\/strong><\/p>\n\n\n\n<p>Rissvedsov\u00e9 to sta\u010dilo na kone\u010dn\u00e9 druh\u00e9 m\u00edsto za Skalniak-S\u00f3jkovou. T\u0159et\u00ed m\u00edsto ubr\u00e1nila Raku\u0161anka Christina Schweinbergerov\u00e1. V\u00edt\u011bzka Gracie si z Orlov\u00e9 odvezla tak\u00e9 b\u00edl\u00fd dres pro nejlep\u0161\u00ed z\u00e1vodnici v bodovac\u00ed sout\u011b\u017ei. Zelen\u00fd dres pro nejlep\u0161\u00ed vrcha\u0159ku udr\u017eela Carina Schrempfov\u00e1 z Rakouska a byla vyhl\u00e1\u0161ena nejaktivn\u011bj\u0161\u00ed cyklistkou Gracie.<\/p>\n\n\n\n<figure class=\"wp-block-image size-large\"><img loading=\"lazy\" decoding=\"async\" width=\"1024\" height=\"683\" src=\"https:\/\/www.czechcyclingfederation.com\/wp-content\/uploads\/2022\/05\/m-1-1-1024x683.jpeg\" alt=\"\" class=\"wp-image-11829\" srcset=\"https:\/\/www.czechcyclingfederation.com\/wp-content\/uploads\/2022\/05\/m-1-1-1024x683.jpeg 1024w, https:\/\/www.czechcyclingfederation.com\/wp-content\/uploads\/2022\/05\/m-1-1-300x200.jpeg 300w, https:\/\/www.czechcyclingfederation.com\/wp-content\/uploads\/2022\/05\/m-1-1-768x512.jpeg 768w, https:\/\/www.czechcyclingfederation.com\/wp-content\/uploads\/2022\/05\/m-1-1-1536x1024.jpeg 1536w, https:\/\/www.czechcyclingfederation.com\/wp-content\/uploads\/2022\/05\/m-1-1-2048x1365.jpeg 2048w, https:\/\/www.czechcyclingfederation.com\/wp-content\/uploads\/2022\/05\/m-1-1-1320x880.jpeg 1320w\" sizes=\"auto, (max-width: 1024px) 100vw, 1024px\" \/><\/figure>\n","protected":false},"excerpt":{"rendered":"<p>Polsk\u00e1 cyklistka Agnieszka Skalniak-S\u00f3jkov\u00e1 zakon\u010dila leto\u0161n\u00ed ro\u010dn\u00edk z\u00e1vodu Gracia Orlov\u00e1 stylov\u011b. Vedouc\u00ed z\u00e1vodnice celkov\u00e9ho po\u0159ad\u00ed m\u011bla pr\u016fb\u011bh posledn\u00ed etapy zcela pod kontrolou a zv\u00edt\u011bzila v hromadn\u00e9m dojezdu v Orlov\u00e9. Zajistila si tak celkov\u00fd triumf i v\u00edt\u011bzstv\u00ed v bodovac\u00ed sout\u011b\u017ei. P\u011btadvacetilet\u00e1 z\u00e1vodnice t\u00fdmu ATOM Deweloper vyhr\u00e1la t\u0159i etapy a dv\u011b sout\u011b\u017ee Gracie a stala se jednozna\u010dn\u011b [&hellip;]<\/p>\n","protected":false},"author":1,"featured_media":11828,"comment_status":"closed","ping_status":"open","sticky":false,"template":"","format":"standard","meta":{"footnotes":""},"categories":[17,2,18],"tags":[11],"class_list":["post-11827","post","type-post","status-publish","format-standard","has-post-thumbnail","hentry","category-discipliny","category-novinky","category-silnice","tag-silnice"],"_links":{"self":[{"href":"https:\/\/www.czechcyclingfederation.com\/en\/wp-json\/wp\/v2\/posts\/11827","targetHints":{"allow":["GET"]}}],"collection":[{"href":"https:\/\/www.czechcyclingfederation.com\/en\/wp-json\/wp\/v2\/posts"}],"about":[{"href":"https:\/\/www.czechcyclingfederation.com\/en\/wp-json\/wp\/v2\/types\/post"}],"author":[{"embeddable":true,"href":"https:\/\/www.czechcyclingfederation.com\/en\/wp-json\/wp\/v2\/users\/1"}],"replies":[{"embeddable":true,"href":"https:\/\/www.czechcyclingfederation.com\/en\/wp-json\/wp\/v2\/comments?post=11827"}],"version-history":[{"count":1,"href":"https:\/\/www.czechcyclingfederation.com\/en\/wp-json\/wp\/v2\/posts\/11827\/revisions"}],"predecessor-version":[{"id":11830,"href":"https:\/\/www.czechcyclingfederation.com\/en\/wp-json\/wp\/v2\/posts\/11827\/revisions\/11830"}],"wp:featuredmedia":[{"embeddable":true,"href":"https:\/\/www.czechcyclingfederation.com\/en\/wp-json\/wp\/v2\/media\/11828"}],"wp:attachment":[{"href":"https:\/\/www.czechcyclingfederation.com\/en\/wp-json\/wp\/v2\/media?parent=11827"}],"wp:term":[{"taxonomy":"category","embeddable":true,"href":"https:\/\/www.czechcyclingfederation.com\/en\/wp-json\/wp\/v2\/categories?post=11827"},{"taxonomy":"post_tag","embeddable":true,"href":"https:\/\/www.czechcyclingfederation.com\/en\/wp-json\/wp\/v2\/tags?post=11827"}],"curies":[{"name":"wp","href":"https:\/\/api.w.org\/{rel}","templated":true}]}}