{"id":11821,"date":"2022-05-01T08:58:57","date_gmt":"2022-05-01T06:58:57","guid":{"rendered":"https:\/\/www.czechcyclingfederation.com\/?p=11821"},"modified":"2022-05-01T08:58:59","modified_gmt":"2022-05-01T06:58:59","slug":"agnieszka-skalniak-sojkova-vyhrala-dalsi-etapu-a-navysila-vedeni-na-gracii","status":"publish","type":"post","link":"https:\/\/www.czechcyclingfederation.com\/en\/agnieszka-skalniak-sojkova-vyhrala-dalsi-etapu-a-navysila-vedeni-na-gracii\/","title":{"rendered":"Agnieszka Skalniak-S\u00f3jkov\u00e1 vyhr\u00e1la dal\u0161\u00ed etapu a nav\u00fd\u0161ila veden\u00ed na Gracii"},"content":{"rendered":"\n<p>Polsk\u00fd t\u00fdm ATOM Deweloper dominoval t\u011b\u017ek\u00e9mu dojezdu etapy 3b z\u00e1vodu Gracia Orlov\u00e1. Zv\u00edt\u011bzila Agnieszka Skalniak-S\u00f3jkov\u00e1 p\u0159ed t\u00fdmovou kolegyn\u00ed Dominikou Wlodarczykovou. Jenny Rissveds, nejv\u011bt\u0161\u00ed soupe\u0159ka vedouc\u00ed Polky, t\u011bsn\u011b p\u0159ed c\u00edlem spadla a uvolnila cestu Skalniak-S\u00f3jkov\u00e9 k celkov\u00e9mu v\u00edt\u011bzstv\u00ed.<\/p>\n\n\n\n<p>8 kilometr\u016f dlouh\u00e1 odpoledn\u00ed p\u016fletapa z\u00e1vodu Gracia Orlov\u00e1 odstartovala v 15 hodin u tepeln\u00e9 elektr\u00e1rny v D\u011btmarovic\u00edch. Na trase nebyla \u017e\u00e1dn\u00e1 rychlostn\u00ed, ani vrcha\u0159sk\u00e1 pr\u00e9mie a z\u00e1vodilo se na 12 kilometr\u016f dlouh\u00e9m okruhu v okol\u00ed Orlov\u00e9.<\/p>\n\n\n\n<p>Na \u00fazk\u00fdch, technick\u00fdch a zvln\u011bn\u00fdch silnic\u00edch se peloton natahoval a zezadu postupn\u011b odpad\u00e1vala jedna z\u00e1vodnice za druhou. Del\u0161\u00ed \u00fanik jsme v\u0161ak op\u011bt nevid\u011bli, proto\u017ee tempo pelotonu bylo po celou dobu z\u00e1vodu hodn\u011b vysok\u00e9 a nikdo nem\u011bl dost sil vyrazit do \u00faniku.&nbsp;<\/p>\n\n\n\n<p>Z\u00e1vod kontroloval zejm\u00e9na \u0161v\u00e9dsk\u00fd n\u00e1rodn\u00ed t\u00fdm, kter\u00fd cht\u011bl rozjet t\u011b\u017ek\u00fd dojezd etapy pro Jenny Rissvedsovou, druhou \u017eenu v celkov\u00e9m po\u0159ad\u00ed. Rissvedsov\u00e1 vyhr\u00e1la kr\u00e1lovskou 2. etapu ve spurtu a m\u011bla \u0161anci se op\u011bt obl\u00e9knout do \u017elut\u00e9ho dresu, proto\u017ee p\u0159ed etapou ztr\u00e1cela pouze 2 sekundy na vedouc\u00ed Polku.\u00a0<\/p>\n\n\n\n<p><strong>\u00danik se nekonal<\/strong><\/p>\n\n\n\n<p>\u0160v\u00e9dky nenechaly \u017e\u00e1dnou soupe\u0159ku ujet a kdy\u017e u\u017e se o to n\u011bkter\u00e1 pokusila, jako t\u0159eba Belgi\u010danka Jesse Vandenbulckov\u00e1 v posledn\u00edch 4 kilometrech etapy, rychle zareagoval tak\u00e9 t\u00fdm ATOM Deweloper a \u00fatok zlikvidoval. V pop\u0159ed\u00ed se dr\u017eel tak\u00e9 \u010desk\u00fd t\u00fdm Force &#8211; SportRaces, kter\u00fd pracoval pro Nikolu Bajgerovou.&nbsp;<\/p>\n\n\n\n<p>Bajgerov\u00e1 byla \u010dtvrt\u00e1 v p\u00e1te\u010dn\u00ed kr\u00e1lovsk\u00e9 etap\u011b a v celkov\u00e9m po\u0159ad\u00ed dr\u017eela 10. m\u00edsto, tak\u017ee m\u011bla \u0161anci na dobr\u00fd v\u00fdsledek i v n\u00e1ro\u010dn\u00e9m dojezdu etapy 3b. Posledn\u00edch 500 metr\u016f z\u00e1vodu toti\u017e stoupalo a nejednalo se o klasick\u00fd rychl\u00fd dojezd.\u00a0<\/p>\n\n\n\n<p><strong>Rissvedsovou zastavil p\u00e1d<\/strong><\/p>\n\n\n\n<p>\u0160v\u00e9dky byly aktivn\u00ed a\u017e do posledn\u00edch stovek metr\u016f, rozj\u00ed\u017ed\u011bly spurt pro Jenny Rissvedsovou, jen\u017ee \u0161pi\u010dkov\u00e1 bajkerka v posledn\u00ed zat\u00e1\u010dce spadla nezapojila se do boje o etapu a \u017elut\u00fd dres. Pro Polky to byla vynikaj\u00edc\u00ed situace, kterou stoprocentn\u011b vyu\u017eily. Skalniak-S\u00f3jkov\u00e1 si dojela pro druh\u00e9 etapov\u00e9 v\u00edt\u011bzstv\u00ed a dal\u0161\u00edch 10 bonusov\u00fdch sekund a druh\u00e1 skon\u010dila Wlodarczykov\u00e1.&nbsp;<\/p>\n\n\n\n<p>I t\u0159et\u00ed m\u00edsto pat\u0159\u00ed Polsku. Vybojovala ho Karolina Karasiewiczov\u00e1 (TKK Pacific Nestle Fitness). Bajgerov\u00e1 projela c\u00edlem s m\u00edrnou ztr\u00e1tou op\u011bt na \u010dtvrt\u00e9m m\u00edst\u011b.&nbsp;<\/p>\n","protected":false},"excerpt":{"rendered":"<p>Polsk\u00fd t\u00fdm ATOM Deweloper dominoval t\u011b\u017ek\u00e9mu dojezdu etapy 3b z\u00e1vodu Gracia Orlov\u00e1. Zv\u00edt\u011bzila Agnieszka Skalniak-S\u00f3jkov\u00e1 p\u0159ed t\u00fdmovou kolegyn\u00ed Dominikou Wlodarczykovou. Jenny Rissveds, nejv\u011bt\u0161\u00ed soupe\u0159ka vedouc\u00ed Polky, t\u011bsn\u011b p\u0159ed c\u00edlem spadla a uvolnila cestu Skalniak-S\u00f3jkov\u00e9 k celkov\u00e9mu v\u00edt\u011bzstv\u00ed. 8 kilometr\u016f dlouh\u00e1 odpoledn\u00ed p\u016fletapa z\u00e1vodu Gracia Orlov\u00e1 odstartovala v 15 hodin u tepeln\u00e9 elektr\u00e1rny v D\u011btmarovic\u00edch. Na [&hellip;]<\/p>\n","protected":false},"author":1,"featured_media":11822,"comment_status":"closed","ping_status":"open","sticky":false,"template":"","format":"standard","meta":{"footnotes":""},"categories":[17,2,18],"tags":[11],"class_list":["post-11821","post","type-post","status-publish","format-standard","has-post-thumbnail","hentry","category-discipliny","category-novinky","category-silnice","tag-silnice"],"_links":{"self":[{"href":"https:\/\/www.czechcyclingfederation.com\/en\/wp-json\/wp\/v2\/posts\/11821","targetHints":{"allow":["GET"]}}],"collection":[{"href":"https:\/\/www.czechcyclingfederation.com\/en\/wp-json\/wp\/v2\/posts"}],"about":[{"href":"https:\/\/www.czechcyclingfederation.com\/en\/wp-json\/wp\/v2\/types\/post"}],"author":[{"embeddable":true,"href":"https:\/\/www.czechcyclingfederation.com\/en\/wp-json\/wp\/v2\/users\/1"}],"replies":[{"embeddable":true,"href":"https:\/\/www.czechcyclingfederation.com\/en\/wp-json\/wp\/v2\/comments?post=11821"}],"version-history":[{"count":1,"href":"https:\/\/www.czechcyclingfederation.com\/en\/wp-json\/wp\/v2\/posts\/11821\/revisions"}],"predecessor-version":[{"id":11823,"href":"https:\/\/www.czechcyclingfederation.com\/en\/wp-json\/wp\/v2\/posts\/11821\/revisions\/11823"}],"wp:featuredmedia":[{"embeddable":true,"href":"https:\/\/www.czechcyclingfederation.com\/en\/wp-json\/wp\/v2\/media\/11822"}],"wp:attachment":[{"href":"https:\/\/www.czechcyclingfederation.com\/en\/wp-json\/wp\/v2\/media?parent=11821"}],"wp:term":[{"taxonomy":"category","embeddable":true,"href":"https:\/\/www.czechcyclingfederation.com\/en\/wp-json\/wp\/v2\/categories?post=11821"},{"taxonomy":"post_tag","embeddable":true,"href":"https:\/\/www.czechcyclingfederation.com\/en\/wp-json\/wp\/v2\/tags?post=11821"}],"curies":[{"name":"wp","href":"https:\/\/api.w.org\/{rel}","templated":true}]}}