{"id":1178,"date":"2020-07-07T21:04:57","date_gmt":"2020-07-07T19:04:57","guid":{"rendered":"http:\/\/www.czechcyclingfederation.com\/?p=1178"},"modified":"2020-07-16T13:40:43","modified_gmt":"2020-07-16T11:40:43","slug":"zavod-sp-bikeru-v-lenzerheide-zrusen","status":"publish","type":"post","link":"https:\/\/www.czechcyclingfederation.com\/en\/zavod-sp-bikeru-v-lenzerheide-zrusen\/","title":{"rendered":"Z\u00e1vod SP biker\u016f v Lenzerheide a Les Gets  zru\u0161en"},"content":{"rendered":"\n<p>V z\u00e1vislosti na pandemii covid-19 byly zru\u0161eny dal\u0161\u00ed dva z\u00e1vody seri\u00e1lu Sv\u011btov\u00e9ho poh\u00e1ru v cross country. Mezin\u00e1rodn\u00ed cyklistick\u00e1 unie (UCI) sd\u011blila, \u017ee se nepojede podnik se \u0161v\u00fdcarsk\u00e9m Lenzerheide, kter\u00fd se m\u011bl uskute\u010dnit 4. do 6. z\u00e1\u0159\u00ed ani francouzsk\u00fd z\u00e1vod v Les Gets.<br>&#8220;Sv\u011btov\u00fd poh\u00e1r v Lenzerheide, kter\u00fd byl ji\u017e odlo\u017een ze srpna na z\u00e1\u0159\u00ed, se nem\u016f\u017ee uskute\u010dnit navzdory intenzivn\u00edmu \u00fasil\u00ed organiza\u010dn\u00edho v\u00fdboru. D\u016fvodem je jednak nedostatek jistoty v pl\u00e1nov\u00e1n\u00ed a implementace bezpe\u010dnostn\u00edch opat\u0159en\u00ed v\u00fdznamn\u00fdch ud\u00e1lost\u00ed od z\u00e1\u0159\u00ed,&#8221; uv\u00e1d\u00ed v ofici\u00e1ln\u00ed zpr\u00e1v\u011b \u0161v\u00fdcar\u0161t\u00ed po\u0159adatel\u00e9, kte\u0159\u00ed p\u016fvodn\u011b ohl\u00e1sili, \u017ee z\u00e1vod uspo\u0159\u00e1daj\u00ed i bez div\u00e1k\u016f.<br><a rel=\"noreferrer noopener\" href=\"https:\/\/www.uci.org\/inside-uci\/press-releases\/2020-mercedes-benz-uci-mountain-bike-world-cup-cancellation-of-round-in-lenzerheide-(switzerland\" target=\"_blank\">https:\/\/www.uci.org\/inside-uci\/press-releases\/2020-mercedes-benz-uci-mountain-bike-world-cup-cancellation-of-round-in-lenzerheide-(switzerlan<\/a>d)<\/p>\n","protected":false},"excerpt":{"rendered":"<p>V z\u00e1vislosti na pandemii covid-19 byly zru\u0161eny dal\u0161\u00ed dva z\u00e1vody seri\u00e1lu Sv\u011btov\u00e9ho poh\u00e1ru v cross country. Mezin\u00e1rodn\u00ed cyklistick\u00e1 unie (UCI) sd\u011blila, \u017ee se nepojede podnik se \u0161v\u00fdcarsk\u00e9m Lenzerheide, kter\u00fd se m\u011bl uskute\u010dnit 4. do 6. z\u00e1\u0159\u00ed ani francouzsk\u00fd z\u00e1vod v Les Gets.&#8220;Sv\u011btov\u00fd poh\u00e1r v Lenzerheide, kter\u00fd byl ji\u017e odlo\u017een ze srpna na z\u00e1\u0159\u00ed, se nem\u016f\u017ee [&hellip;]<\/p>\n","protected":false},"author":2,"featured_media":428,"comment_status":"closed","ping_status":"open","sticky":false,"template":"","format":"standard","meta":{"footnotes":""},"categories":[28,2],"tags":[],"class_list":["post-1178","post","type-post","status-publish","format-standard","has-post-thumbnail","hentry","category-cesky-svaz-cyklistiky","category-novinky"],"_links":{"self":[{"href":"https:\/\/www.czechcyclingfederation.com\/en\/wp-json\/wp\/v2\/posts\/1178","targetHints":{"allow":["GET"]}}],"collection":[{"href":"https:\/\/www.czechcyclingfederation.com\/en\/wp-json\/wp\/v2\/posts"}],"about":[{"href":"https:\/\/www.czechcyclingfederation.com\/en\/wp-json\/wp\/v2\/types\/post"}],"author":[{"embeddable":true,"href":"https:\/\/www.czechcyclingfederation.com\/en\/wp-json\/wp\/v2\/users\/2"}],"replies":[{"embeddable":true,"href":"https:\/\/www.czechcyclingfederation.com\/en\/wp-json\/wp\/v2\/comments?post=1178"}],"version-history":[{"count":2,"href":"https:\/\/www.czechcyclingfederation.com\/en\/wp-json\/wp\/v2\/posts\/1178\/revisions"}],"predecessor-version":[{"id":1186,"href":"https:\/\/www.czechcyclingfederation.com\/en\/wp-json\/wp\/v2\/posts\/1178\/revisions\/1186"}],"wp:featuredmedia":[{"embeddable":true,"href":"https:\/\/www.czechcyclingfederation.com\/en\/wp-json\/wp\/v2\/media\/428"}],"wp:attachment":[{"href":"https:\/\/www.czechcyclingfederation.com\/en\/wp-json\/wp\/v2\/media?parent=1178"}],"wp:term":[{"taxonomy":"category","embeddable":true,"href":"https:\/\/www.czechcyclingfederation.com\/en\/wp-json\/wp\/v2\/categories?post=1178"},{"taxonomy":"post_tag","embeddable":true,"href":"https:\/\/www.czechcyclingfederation.com\/en\/wp-json\/wp\/v2\/tags?post=1178"}],"curies":[{"name":"wp","href":"https:\/\/api.w.org\/{rel}","templated":true}]}}