{"id":11759,"date":"2022-04-28T07:00:00","date_gmt":"2022-04-28T05:00:00","guid":{"rendered":"https:\/\/www.czechcyclingfederation.com\/?p=11759"},"modified":"2022-04-27T07:40:49","modified_gmt":"2022-04-27T05:40:49","slug":"jiz-tuto-sobotu-mcr-junioru-v-kolove-a-krasojizde","status":"publish","type":"post","link":"https:\/\/www.czechcyclingfederation.com\/en\/jiz-tuto-sobotu-mcr-junioru-v-kolove-a-krasojizde\/","title":{"rendered":"Ji\u017e tuto sobotu M\u010cR junior\u016f v kolov\u00e9 a krasoj\u00edzd\u011b"},"content":{"rendered":"\n<p>V sobotu 30.4. prob\u011bhne ve sportovn\u00ed hale ve Svit\u00e1vce mistrovstv\u00ed republiky junior\u016f v kolov\u00e9 a krasoj\u00edzd\u011b. Program za\u010d\u00edn\u00e1 v 10 hod. a p\u0159edpokl\u00e1dan\u00fd konec akce je po 16 hod. <\/p>\n\n\n\n<p>\u00dapln\u00fd program je k nahl\u00e9dnut\u00ed n\u00ed\u017ee.<\/p>\n\n\n\n<p> Z cel\u00e9ho dne bude zaji\u0161t\u011bn online p\u0159enos, kter\u00fd mohou div\u00e1ci sledovat na Facebooku \u010cesk\u00e1 kolov\u00e1. <\/p>\n\n\n\n<p>Odkaz na online stream: <a rel=\"noreferrer noopener\" href=\"https:\/\/www.facebook.com\/ceskakolova\" target=\"_blank\">https:\/\/www.facebook.com\/ceskakolova <\/a><\/p>\n\n\n\n<figure class=\"wp-block-image size-large\"><img decoding=\"async\" src=\"https:\/\/www.czechcyclingfederation.com\/wp-content\/uploads\/2022\/04\/Snimek-obrazovky-2022-04-26-v-9.41.51-717x1024.png\" alt=\"\" class=\"wp-image-11760\"\/><\/figure>\n\n\n\n<figure class=\"wp-block-image size-large\"><img loading=\"lazy\" decoding=\"async\" width=\"721\" height=\"1024\" src=\"https:\/\/www.czechcyclingfederation.com\/wp-content\/uploads\/2022\/04\/Snimek-obrazovky-2022-04-26-v-9.42.16-721x1024.png\" alt=\"\" class=\"wp-image-11761\" srcset=\"https:\/\/www.czechcyclingfederation.com\/wp-content\/uploads\/2022\/04\/Snimek-obrazovky-2022-04-26-v-9.42.16-721x1024.png 721w, https:\/\/www.czechcyclingfederation.com\/wp-content\/uploads\/2022\/04\/Snimek-obrazovky-2022-04-26-v-9.42.16-141x200.png 141w, https:\/\/www.czechcyclingfederation.com\/wp-content\/uploads\/2022\/04\/Snimek-obrazovky-2022-04-26-v-9.42.16-768x1090.png 768w, https:\/\/www.czechcyclingfederation.com\/wp-content\/uploads\/2022\/04\/Snimek-obrazovky-2022-04-26-v-9.42.16-1082x1536.png 1082w, https:\/\/www.czechcyclingfederation.com\/wp-content\/uploads\/2022\/04\/Snimek-obrazovky-2022-04-26-v-9.42.16.png 1086w\" sizes=\"auto, (max-width: 721px) 100vw, 721px\" \/><\/figure>\n\n\n\n<figure class=\"wp-block-image size-large\"><img loading=\"lazy\" decoding=\"async\" width=\"722\" height=\"1024\" src=\"https:\/\/www.czechcyclingfederation.com\/wp-content\/uploads\/2022\/04\/Snimek-obrazovky-2022-04-26-v-9.42.36-722x1024.png\" alt=\"\" class=\"wp-image-11762\" srcset=\"https:\/\/www.czechcyclingfederation.com\/wp-content\/uploads\/2022\/04\/Snimek-obrazovky-2022-04-26-v-9.42.36-722x1024.png 722w, https:\/\/www.czechcyclingfederation.com\/wp-content\/uploads\/2022\/04\/Snimek-obrazovky-2022-04-26-v-9.42.36-141x200.png 141w, https:\/\/www.czechcyclingfederation.com\/wp-content\/uploads\/2022\/04\/Snimek-obrazovky-2022-04-26-v-9.42.36-768x1089.png 768w, https:\/\/www.czechcyclingfederation.com\/wp-content\/uploads\/2022\/04\/Snimek-obrazovky-2022-04-26-v-9.42.36-1083x1536.png 1083w, https:\/\/www.czechcyclingfederation.com\/wp-content\/uploads\/2022\/04\/Snimek-obrazovky-2022-04-26-v-9.42.36.png 1086w\" sizes=\"auto, (max-width: 722px) 100vw, 722px\" \/><\/figure>\n\n\n\n<figure class=\"wp-block-image size-large\"><img loading=\"lazy\" decoding=\"async\" width=\"721\" height=\"1024\" src=\"https:\/\/www.czechcyclingfederation.com\/wp-content\/uploads\/2022\/04\/Snimek-obrazovky-2022-04-26-v-9.42.48-721x1024.png\" alt=\"\" class=\"wp-image-11763\" srcset=\"https:\/\/www.czechcyclingfederation.com\/wp-content\/uploads\/2022\/04\/Snimek-obrazovky-2022-04-26-v-9.42.48-721x1024.png 721w, https:\/\/www.czechcyclingfederation.com\/wp-content\/uploads\/2022\/04\/Snimek-obrazovky-2022-04-26-v-9.42.48-141x200.png 141w, https:\/\/www.czechcyclingfederation.com\/wp-content\/uploads\/2022\/04\/Snimek-obrazovky-2022-04-26-v-9.42.48-768x1091.png 768w, https:\/\/www.czechcyclingfederation.com\/wp-content\/uploads\/2022\/04\/Snimek-obrazovky-2022-04-26-v-9.42.48-1081x1536.png 1081w, https:\/\/www.czechcyclingfederation.com\/wp-content\/uploads\/2022\/04\/Snimek-obrazovky-2022-04-26-v-9.42.48.png 1084w\" sizes=\"auto, (max-width: 721px) 100vw, 721px\" \/><\/figure>\n","protected":false},"excerpt":{"rendered":"<p>V sobotu 30.4. prob\u011bhne ve sportovn\u00ed hale ve Svit\u00e1vce mistrovstv\u00ed republiky junior\u016f v kolov\u00e9 a krasoj\u00edzd\u011b. Program za\u010d\u00edn\u00e1 v 10 hod. a p\u0159edpokl\u00e1dan\u00fd konec akce je po 16 hod. \u00dapln\u00fd program je k nahl\u00e9dnut\u00ed n\u00ed\u017ee. Z cel\u00e9ho dne bude zaji\u0161t\u011bn online p\u0159enos, kter\u00fd mohou div\u00e1ci sledovat na Facebooku \u010cesk\u00e1 kolov\u00e1. Odkaz na online stream: https:\/\/www.facebook.com\/ceskakolova<\/p>\n","protected":false},"author":1,"featured_media":11760,"comment_status":"closed","ping_status":"open","sticky":false,"template":"","format":"standard","meta":{"footnotes":""},"categories":[17,2,60,1],"tags":[61],"class_list":["post-11759","post","type-post","status-publish","format-standard","has-post-thumbnail","hentry","category-discipliny","category-novinky","category-salovka","category-uncategorized-cs","tag-salovka"],"_links":{"self":[{"href":"https:\/\/www.czechcyclingfederation.com\/en\/wp-json\/wp\/v2\/posts\/11759","targetHints":{"allow":["GET"]}}],"collection":[{"href":"https:\/\/www.czechcyclingfederation.com\/en\/wp-json\/wp\/v2\/posts"}],"about":[{"href":"https:\/\/www.czechcyclingfederation.com\/en\/wp-json\/wp\/v2\/types\/post"}],"author":[{"embeddable":true,"href":"https:\/\/www.czechcyclingfederation.com\/en\/wp-json\/wp\/v2\/users\/1"}],"replies":[{"embeddable":true,"href":"https:\/\/www.czechcyclingfederation.com\/en\/wp-json\/wp\/v2\/comments?post=11759"}],"version-history":[{"count":2,"href":"https:\/\/www.czechcyclingfederation.com\/en\/wp-json\/wp\/v2\/posts\/11759\/revisions"}],"predecessor-version":[{"id":11769,"href":"https:\/\/www.czechcyclingfederation.com\/en\/wp-json\/wp\/v2\/posts\/11759\/revisions\/11769"}],"wp:featuredmedia":[{"embeddable":true,"href":"https:\/\/www.czechcyclingfederation.com\/en\/wp-json\/wp\/v2\/media\/11760"}],"wp:attachment":[{"href":"https:\/\/www.czechcyclingfederation.com\/en\/wp-json\/wp\/v2\/media?parent=11759"}],"wp:term":[{"taxonomy":"category","embeddable":true,"href":"https:\/\/www.czechcyclingfederation.com\/en\/wp-json\/wp\/v2\/categories?post=11759"},{"taxonomy":"post_tag","embeddable":true,"href":"https:\/\/www.czechcyclingfederation.com\/en\/wp-json\/wp\/v2\/tags?post=11759"}],"curies":[{"name":"wp","href":"https:\/\/api.w.org\/{rel}","templated":true}]}}