{"id":11662,"date":"2022-04-16T20:41:18","date_gmt":"2022-04-16T18:41:18","guid":{"rendered":"https:\/\/www.czechcyclingfederation.com\/?p=11662"},"modified":"2022-04-16T20:41:20","modified_gmt":"2022-04-16T18:41:20","slug":"kukrle-na-tour-du-loir-et-cher-zvysil-naskok","status":"publish","type":"post","link":"https:\/\/www.czechcyclingfederation.com\/en\/kukrle-na-tour-du-loir-et-cher-zvysil-naskok\/","title":{"rendered":"Kukrle na Tour du Loir et Cher zv\u00fd\u0161il n\u00e1skok"},"content":{"rendered":"\n<p>Michale Kukrle ze st\u00e1je Elkov Kasper ve \u010dtvrt\u00e9 etap\u011b z\u00e1vodu Tour du Loir et Cher ve Francii nav\u00fd\u0161il sv\u016fj n\u00e1skok v \u010dele pr\u016fb\u011b\u017en\u00e9 klasifikace, kdy\u017e p\u0159ed z\u00e1v\u011bre\u010dn\u00fdm d\u011bjstv\u00edm\u00a0 z\u00e1vodu kategorie UCI 2.2. vede o 22 vte\u0159in p\u0159ed dne\u0161n\u00edm v\u00edt\u011bzem Coenem Vermeltfoortem z Nizozem\u00ed.<\/p>\n\n\n\n<p>Ten byl z\u00e1rove\u0148 jedin\u00fdm p\u0159emo\u017eitelem dal\u0161\u00ed dvojice Elkovu Kasper Daniel Babor a Dominik Neuman. Druh\u00fd jmenovan\u00fd se d\u00edky bonifika\u010dn\u00edm vte\u0159in\u00e1m posunul na \u0161est\u00e9 m\u00edsto celkov\u00e9ho po\u0159ad\u00ed.<\/p>\n\n\n\n<p>\u201eDnes jsme to m\u011bli slo\u017eit\u00e9, proto\u017ee kdy\u017e chr\u00e1n\u00edte \u017elut\u00fd dres, jste v\u017edycky pod tlakem ostatn\u00edch t\u00fdm\u016f a mus\u00edte se starat o tempo z\u00e1vodu. V\u011bt\u0161inu dne jsme se to\u010dili na \u0161pici pelotonu a t\u011b\u017ekou pr\u00e1ci odv\u00e1d\u011bli hlavn\u011b Jakub Otruba, Jan B\u00e1rta a Mat\u011bj Zah\u00e1lka. Cel\u00fd den jsme jeli vysok\u00e9 tempo a p\u0159ivezli z\u00e1vodn\u00ed pole a\u017e na okruhy v c\u00edlov\u00e9m m\u011bst\u011b,\u201c \u0159ekl k pr\u016fb\u011bhu etapy Daniel Babor.<\/p>\n\n\n\n<p>V\u00fdsledky:<\/p>\n\n\n\n<p>4. etapa:<\/p>\n\n\n\n<p>1. Vermeltfoort (Niz.) 4:40:38, 2. Babor, 3. Neuman, &#8230;31. Kukrle v\u0161ichni stejn\u00fd \u010das, &nbsp;72. Zah\u00e1lka +15, 103. Otruba +3:37, 105. B\u00e1rta (v\u0161ichni \u010cR) +4:35.<\/p>\n\n\n\n<p>Celkov\u00e9 po\u0159ad\u00ed:<\/p>\n\n\n\n<p>1. Kukrle 17:24:43, 2. Vermeltfoort +22, 3. Aaskov (D\u00e1n.) +23, &#8230;6. Neuman +30, 28. Zah\u00e1lka&nbsp; +54, 69. B\u00e1rta +5:30, 73. Babor +5:58, 98. Otruba +9:51.<\/p>\n\n\n\n<p>FOTO Otakar Fiala<\/p>\n","protected":false},"excerpt":{"rendered":"<p>Michale Kukrle ze st\u00e1je Elkov Kasper ve \u010dtvrt\u00e9 etap\u011b z\u00e1vodu Tour du Loir et Cher ve Francii nav\u00fd\u0161il sv\u016fj n\u00e1skok v \u010dele pr\u016fb\u011b\u017en\u00e9 klasifikace, kdy\u017e p\u0159ed z\u00e1v\u011bre\u010dn\u00fdm d\u011bjstv\u00edm\u00a0 z\u00e1vodu kategorie UCI 2.2. vede o 22 vte\u0159in p\u0159ed dne\u0161n\u00edm v\u00edt\u011bzem Coenem Vermeltfoortem z Nizozem\u00ed. Ten byl z\u00e1rove\u0148 jedin\u00fdm p\u0159emo\u017eitelem dal\u0161\u00ed dvojice Elkovu Kasper Daniel Babor a [&hellip;]<\/p>\n","protected":false},"author":8,"featured_media":11663,"comment_status":"closed","ping_status":"open","sticky":false,"template":"","format":"standard","meta":{"footnotes":""},"categories":[2,18],"tags":[11],"class_list":["post-11662","post","type-post","status-publish","format-standard","has-post-thumbnail","hentry","category-novinky","category-silnice","tag-silnice"],"_links":{"self":[{"href":"https:\/\/www.czechcyclingfederation.com\/en\/wp-json\/wp\/v2\/posts\/11662","targetHints":{"allow":["GET"]}}],"collection":[{"href":"https:\/\/www.czechcyclingfederation.com\/en\/wp-json\/wp\/v2\/posts"}],"about":[{"href":"https:\/\/www.czechcyclingfederation.com\/en\/wp-json\/wp\/v2\/types\/post"}],"author":[{"embeddable":true,"href":"https:\/\/www.czechcyclingfederation.com\/en\/wp-json\/wp\/v2\/users\/8"}],"replies":[{"embeddable":true,"href":"https:\/\/www.czechcyclingfederation.com\/en\/wp-json\/wp\/v2\/comments?post=11662"}],"version-history":[{"count":1,"href":"https:\/\/www.czechcyclingfederation.com\/en\/wp-json\/wp\/v2\/posts\/11662\/revisions"}],"predecessor-version":[{"id":11664,"href":"https:\/\/www.czechcyclingfederation.com\/en\/wp-json\/wp\/v2\/posts\/11662\/revisions\/11664"}],"wp:featuredmedia":[{"embeddable":true,"href":"https:\/\/www.czechcyclingfederation.com\/en\/wp-json\/wp\/v2\/media\/11663"}],"wp:attachment":[{"href":"https:\/\/www.czechcyclingfederation.com\/en\/wp-json\/wp\/v2\/media?parent=11662"}],"wp:term":[{"taxonomy":"category","embeddable":true,"href":"https:\/\/www.czechcyclingfederation.com\/en\/wp-json\/wp\/v2\/categories?post=11662"},{"taxonomy":"post_tag","embeddable":true,"href":"https:\/\/www.czechcyclingfederation.com\/en\/wp-json\/wp\/v2\/tags?post=11662"}],"curies":[{"name":"wp","href":"https:\/\/api.w.org\/{rel}","templated":true}]}}