{"id":11659,"date":"2022-04-16T18:17:09","date_gmt":"2022-04-16T16:17:09","guid":{"rendered":"https:\/\/www.czechcyclingfederation.com\/?p=11659"},"modified":"2022-04-16T18:17:12","modified_gmt":"2022-04-16T16:17:12","slug":"stocek-vyhral-dalsi-dil-carla-kriterijni-ligy-v-sobeslavi","status":"publish","type":"post","link":"https:\/\/www.czechcyclingfederation.com\/en\/stocek-vyhral-dalsi-dil-carla-kriterijni-ligy-v-sobeslavi\/","title":{"rendered":"\u0160to\u010dek vyhr\u00e1l dal\u0161\u00ed d\u00edl Carla Krit\u00e9rijn\u00ed ligy v Sob\u011bslavi"},"content":{"rendered":"\n<p>V\u00edt\u011bzem dal\u0161\u00edho d\u00edlu Carla Krit\u00e9rijn\u00ed ligy, kter\u00fd se dnes jel na okruz\u00edch v Sob\u011bslavi, se stal slovensk\u00fd jezdec Mat\u00fa\u0161 \u0160to\u010dek z celku ATT Investments, kter\u00fd nasb\u00edral 31 bod\u016f. O \u0161est m\u00e9n\u011b jich m\u011bl druh\u00fd jeho odd\u00edlov\u00fd kolega Petr Klabouch s t\u0159et\u00ed byl Michael Boro\u0161 (Elkov Kasper) s devaten\u00e1cti body.<\/p>\n\n\n\n<p>Mezi \u017eenami byla nejlep\u0161\u00ed Hana He\u0159manovsk\u00e1 se 14 body, kter\u00e1 vyhr\u00e1la p\u0159ed Nicole Hartychovou (ob\u011b Dukla Praha) a t\u0159et\u00ed skon\u010dila Dagmar Hejhalov\u00e1 (Watersley R&amp;D Cycling Team). Z\u00e1vod junior\u016f se stal ko\u0159ist\u00ed Richarda Kobra (Roman Kreuziger Cycling Academy), v z\u00e1vodu juniorek vystoupila na nejvy\u0161\u0161\u00ed stupe\u0148&nbsp; Nela Slan\u00edkov\u00e1 (Roman Kreuziger Cycling Academy).<\/p>\n\n\n\n<p>V\u00fdsledky:<\/p>\n\n\n\n<p>Mu\u017ei:<\/p>\n\n\n\n<p>1. \u0160to\u010dek (SR\/ATT Investments) 31, 2. Klabouch (ATT Investments) 25, 3. Boro\u0161 (Elkov Kasper) 19, 4. Van\u00ed\u010dek (\u010cEZ Cyklo Team T\u00e1bor) 13, 5. J. \u0164oupal\u00edk (Elkov Kasper) 11, 6. Rotter (ATT Investments) 6.<\/p>\n\n\n\n<p>Junio\u0159i:<\/p>\n\n\n\n<p>1. Rich. Kobr (Roman Kreuziger Cycling Academy) 30, 2. Mr\u00e1z (Mapei Merida Ka\u0148kovsk\u00fd) 29, 3. Rob. Kobr (Roman Kreuziger Cycling Academy) 14, 4. Elbardi (Dukla Praha) 12, 5. M\u00fcller (Brilon Racing Team) 11, 6. Horyna (LAWI junior team) 7.<\/p>\n\n\n\n<p>Kadeti:<\/p>\n\n\n\n<p>1. Pe\u0161ek (Roman Kreuziger Cycling Academy) 19, 2. Poda\u0159il (Dukla Praha) 13, 3. Zah\u00e1lka (CK Slavoj Terez\u00edn) 12.<\/p>\n\n\n\n<p>Star\u0161\u00ed \u017e\u00e1ci:<\/p>\n\n\n\n<p>1. Kub\u011bna (Akademie cyklistick\u00fdch sport\u016f)&nbsp;&nbsp; 20, 2. Bursa (LYKO Klub Prachatice) 11, 3. \u017duf\u00e1nek (Mapei Merida Ka\u0148kovsk\u00fd) 10.<\/p>\n\n\n\n<p>Mlad\u0161\u00ed \u017e\u00e1ci:<\/p>\n\n\n\n<p>1. Z\u00e1chensk\u00fd (SR), 2. Brad\u00e1\u010d (Dukla Praha), 3. Ma\u0148as (Cycling Adcademy T\u00e1bor).<\/p>\n\n\n\n<p>\u017deny:<\/p>\n\n\n\n<p>1. He\u0159manovsk\u00e1 14, 2. Hartychov\u00e1 (ob\u011b Dukla Praha) 4, 3. Hejhalov\u00e1 (Watersley R&amp;D Cycling Team) 4, 4. Noskov\u00e1 (Lawi junior team) 2, 5. Van\u00ed\u010dkov\u00e1 (Bertin SAport-invest) 2, 6. Barto\u0161ov\u00e1 (Brilon Racing Team) 0.<\/p>\n\n\n\n<p>Juniorky:<\/p>\n\n\n\n<p>1. Slan\u00edkov\u00e1 (Roman Kreuziger Cycling Academy) 18, 2. Mik\u0161an\u00edkov\u00e1 15, 3. A. Jaborn\u00edkov\u00e1 (ob\u011b Dukla Brno) 0.<\/p>\n\n\n\n<p>Kadetky:<\/p>\n\n\n\n<p>1. V. Jadrn\u00e1&nbsp; 15. 2. N. Ka\u0148kovsk\u00e1 (Mapei Merida Ka\u0148kovsk\u00e1) 13, 2. Hansenov\u00e1 (Cykle Ring) 10.<\/p>\n\n\n\n<p>Star\u0161\u00ed \u017e\u00e1kyn\u011b:<\/p>\n\n\n\n<p>1. Cermanov\u00e1, 2. Grohov\u00e1 (ob\u011b CK P\u0159\u00edbram &#8211; Fany GASTRO), 3. S\u00edtkov\u00e1 (ACK Star\u00e1 Ves nad Ond\u0159ejnic\u00ed).<\/p>\n\n\n\n<p>Mlad\u0161\u00ed \u017e\u00e1kyn\u011b:<\/p>\n\n\n\n<p>1. Kondlov\u00e1 (Sportcomplex B\u0159eclav), 2. Pazourkov\u00e1 (Cycling Adcademy T\u00e1bor), 3.&nbsp; Farov\u00e1 (\u010cEZ Cyklo Team T\u00e1bor).<\/p>\n","protected":false},"excerpt":{"rendered":"<p>V\u00edt\u011bzem dal\u0161\u00edho d\u00edlu Carla Krit\u00e9rijn\u00ed ligy, kter\u00fd se dnes jel na okruz\u00edch v Sob\u011bslavi, se stal slovensk\u00fd jezdec Mat\u00fa\u0161 \u0160to\u010dek z celku ATT Investments, kter\u00fd nasb\u00edral 31 bod\u016f. O \u0161est m\u00e9n\u011b jich m\u011bl druh\u00fd jeho odd\u00edlov\u00fd kolega Petr Klabouch s t\u0159et\u00ed byl Michael Boro\u0161 (Elkov Kasper) s devaten\u00e1cti body. Mezi \u017eenami byla nejlep\u0161\u00ed Hana He\u0159manovsk\u00e1 [&hellip;]<\/p>\n","protected":false},"author":8,"featured_media":11660,"comment_status":"closed","ping_status":"open","sticky":false,"template":"","format":"standard","meta":{"footnotes":""},"categories":[2,18],"tags":[11],"class_list":["post-11659","post","type-post","status-publish","format-standard","has-post-thumbnail","hentry","category-novinky","category-silnice","tag-silnice"],"_links":{"self":[{"href":"https:\/\/www.czechcyclingfederation.com\/en\/wp-json\/wp\/v2\/posts\/11659","targetHints":{"allow":["GET"]}}],"collection":[{"href":"https:\/\/www.czechcyclingfederation.com\/en\/wp-json\/wp\/v2\/posts"}],"about":[{"href":"https:\/\/www.czechcyclingfederation.com\/en\/wp-json\/wp\/v2\/types\/post"}],"author":[{"embeddable":true,"href":"https:\/\/www.czechcyclingfederation.com\/en\/wp-json\/wp\/v2\/users\/8"}],"replies":[{"embeddable":true,"href":"https:\/\/www.czechcyclingfederation.com\/en\/wp-json\/wp\/v2\/comments?post=11659"}],"version-history":[{"count":1,"href":"https:\/\/www.czechcyclingfederation.com\/en\/wp-json\/wp\/v2\/posts\/11659\/revisions"}],"predecessor-version":[{"id":11661,"href":"https:\/\/www.czechcyclingfederation.com\/en\/wp-json\/wp\/v2\/posts\/11659\/revisions\/11661"}],"wp:featuredmedia":[{"embeddable":true,"href":"https:\/\/www.czechcyclingfederation.com\/en\/wp-json\/wp\/v2\/media\/11660"}],"wp:attachment":[{"href":"https:\/\/www.czechcyclingfederation.com\/en\/wp-json\/wp\/v2\/media?parent=11659"}],"wp:term":[{"taxonomy":"category","embeddable":true,"href":"https:\/\/www.czechcyclingfederation.com\/en\/wp-json\/wp\/v2\/categories?post=11659"},{"taxonomy":"post_tag","embeddable":true,"href":"https:\/\/www.czechcyclingfederation.com\/en\/wp-json\/wp\/v2\/tags?post=11659"}],"curies":[{"name":"wp","href":"https:\/\/api.w.org\/{rel}","templated":true}]}}