{"id":11656,"date":"2022-04-15T19:57:06","date_gmt":"2022-04-15T17:57:06","guid":{"rendered":"https:\/\/www.czechcyclingfederation.com\/?p=11656"},"modified":"2022-04-15T19:57:08","modified_gmt":"2022-04-15T17:57:08","slug":"kukrle-na-tour-du-loir-et-cher-do-zluteho","status":"publish","type":"post","link":"https:\/\/www.czechcyclingfederation.com\/en\/kukrle-na-tour-du-loir-et-cher-do-zluteho\/","title":{"rendered":"Kukrle na Tour du Loir et Cher do \u017elut\u00e9ho"},"content":{"rendered":"\n<p>Ve t\u0159et\u00ed etap\u011b z\u00e1vodu Tour du Loir et Cher ve Francii \u010dekalo na jezdce n\u00e1ro\u010dn\u00fdch 213 kilometr\u016f s \u0161otolinov\u00fdmi \u00faseky a prudk\u00fdmi v\u00fdjezdy v z\u00e1v\u011bre\u010dn\u00fdch okruz\u00edch. Nejrychlej\u0161\u00edm jezdcem t\u00fdmu Elkov Kasper byl tentokr\u00e1t Dominik Neuman na osm\u00e9m m\u00edst\u011b, ale do \u017elut\u00e9ho dresu pr\u016fb\u011b\u017en\u00e9ho l\u00eddra se ze \u010dtvrt\u00e9 pozice posunul Michael Kukrle, kter\u00fd je po Danielu Baborovi letos u\u017e druh\u00fdm z\u00e1stupcem kr\u00e1lov\u00e9hradeck\u00e9 st\u00e1je v nejcenn\u011bj\u0161\u00edm trikotu.<\/p>\n\n\n\n<p>Kukrle se d\u00edky \u00faniku ve 2. etap\u011b posunul t\u011bsn\u011b pod p\u00f3diov\u00e9 pozice pr\u016fb\u011b\u017en\u00e9ho po\u0159ad\u00ed. Ve t\u0159et\u00ed \u010d\u00e1sti z Cloyes-Les-Trois-Rivi\u00e8res do Vend\u00f4me \u00fato\u010dil a d\u00edky skv\u011ble zvl\u00e1dnut\u00e9 t\u00fdmov\u00e9 taktice pojede v z\u00edt\u0159ej\u0161\u00ed etap\u011b ve \u017elut\u00e9m dresu.<\/p>\n\n\n\n<p>\u201eU\u017e v \u00favodu se dost z\u00e1vodilo, hodn\u011b se nastupovalo a ve zvln\u011bn\u00e9m ter\u00e9nu to nebylo v\u016fbec p\u0159\u00edjemn\u00e9. Peloton kontroloval \u00fanik a nedop\u0159\u00e1l mu v\u00edce, ne\u017e dv\u011b minuty n\u00e1skoku. N\u00e1\u0161 dne\u0161n\u00ed c\u00edl byl posunout Michaela co nejv\u00edc dop\u0159edu v pr\u016fb\u011b\u017en\u00e9m po\u0159ad\u00ed a d\u016fle\u017eit\u00fd pro na\u0161i taktiku byl dvoust\u00fd kilometr, kdy p\u0159i\u0161la prvn\u00ed prudk\u00e1 stojka, po kter\u00e9 n\u00e1sledoval \u00fasek po \u0161otolin\u011b, dal\u0161\u00ed stoup\u00e1n\u00ed a technick\u00fd okruh m\u011bstem,\u201c popisoval pr\u016fb\u011bh etapy Dominik Neuman.<\/p>\n\n\n\n<p>Na c\u00edlov\u00fdch okruz\u00edch se o ostr\u00e9 tempo starali Jan B\u00e1rta s Jakubem Otrubou. \u201eCht\u011bli jsme to ostatn\u00edm ud\u011blat co nejt\u011b\u017e\u0161\u00ed a o\u010desat z bal\u00edku pomalej\u0161\u00ed jezdce. Od prvn\u00edho kola se n\u00e1m povedlo najet na \u0161pici, nat\u00e1hnout cel\u00e9 pole a ostr\u00e9 tempo udr\u017eet i v prudk\u00fdch v\u00fdjezdech a na \u0161otolin\u011b. Povedlo se n\u00e1m p\u0159esn\u011b to, o co jsme se sna\u017eili a fakt, \u017ee se d\u00edky tomu Kukrle dostal a\u017e do veden\u00ed je fam\u00f3zn\u00ed v\u00fdkon cel\u00e9ho t\u00fdmu,\u201c ne\u0161et\u0159il nad\u0161en\u00edm Neuman.<\/p>\n\n\n\n<p>V\u00fdsledky:<\/p>\n\n\n\n<p>3. etapa:<\/p>\n\n\n\n<p>1. Aaskov (D\u00e1n.) 4:52:32, 2. Mihkels (Lot.), 3. Harteel (Belg.), &#8230;8. Neuman, 15. Kurkrle v\u0161ichni +19, 26. Zah\u00e1lka +24, 36. B\u00e1rta +40, 92. Babor, 93. Otruba (v\u0161ichni \u010cR) oba +5:59.<\/p>\n\n\n\n<p>Pr\u016fb\u011b\u017en\u00e9 po\u0159ad\u00ed:<\/p>\n\n\n\n<p>1.Kukrle 12:44:05, 2. Aaskov +3, 3. Mikhels +28, 4. Harteel +30, 5. Lemmen +31, 6. Ottemas (oba Niz.) +33, &#8230;11. Neuman +34, 31. Zah\u00e1lka +39, 46. B\u00e1rta +55, 88. Babor +6:04, 94. Otruba +6:14.<\/p>\n\n\n\n<p>FOTO Otakar Fiala<\/p>\n","protected":false},"excerpt":{"rendered":"<p>Ve t\u0159et\u00ed etap\u011b z\u00e1vodu Tour du Loir et Cher ve Francii \u010dekalo na jezdce n\u00e1ro\u010dn\u00fdch 213 kilometr\u016f s \u0161otolinov\u00fdmi \u00faseky a prudk\u00fdmi v\u00fdjezdy v z\u00e1v\u011bre\u010dn\u00fdch okruz\u00edch. Nejrychlej\u0161\u00edm jezdcem t\u00fdmu Elkov Kasper byl tentokr\u00e1t Dominik Neuman na osm\u00e9m m\u00edst\u011b, ale do \u017elut\u00e9ho dresu pr\u016fb\u011b\u017en\u00e9ho l\u00eddra se ze \u010dtvrt\u00e9 pozice posunul Michael Kukrle, kter\u00fd je po Danielu [&hellip;]<\/p>\n","protected":false},"author":8,"featured_media":11657,"comment_status":"closed","ping_status":"open","sticky":false,"template":"","format":"standard","meta":{"footnotes":""},"categories":[2,18],"tags":[11],"class_list":["post-11656","post","type-post","status-publish","format-standard","has-post-thumbnail","hentry","category-novinky","category-silnice","tag-silnice"],"_links":{"self":[{"href":"https:\/\/www.czechcyclingfederation.com\/en\/wp-json\/wp\/v2\/posts\/11656","targetHints":{"allow":["GET"]}}],"collection":[{"href":"https:\/\/www.czechcyclingfederation.com\/en\/wp-json\/wp\/v2\/posts"}],"about":[{"href":"https:\/\/www.czechcyclingfederation.com\/en\/wp-json\/wp\/v2\/types\/post"}],"author":[{"embeddable":true,"href":"https:\/\/www.czechcyclingfederation.com\/en\/wp-json\/wp\/v2\/users\/8"}],"replies":[{"embeddable":true,"href":"https:\/\/www.czechcyclingfederation.com\/en\/wp-json\/wp\/v2\/comments?post=11656"}],"version-history":[{"count":1,"href":"https:\/\/www.czechcyclingfederation.com\/en\/wp-json\/wp\/v2\/posts\/11656\/revisions"}],"predecessor-version":[{"id":11658,"href":"https:\/\/www.czechcyclingfederation.com\/en\/wp-json\/wp\/v2\/posts\/11656\/revisions\/11658"}],"wp:featuredmedia":[{"embeddable":true,"href":"https:\/\/www.czechcyclingfederation.com\/en\/wp-json\/wp\/v2\/media\/11657"}],"wp:attachment":[{"href":"https:\/\/www.czechcyclingfederation.com\/en\/wp-json\/wp\/v2\/media?parent=11656"}],"wp:term":[{"taxonomy":"category","embeddable":true,"href":"https:\/\/www.czechcyclingfederation.com\/en\/wp-json\/wp\/v2\/categories?post=11656"},{"taxonomy":"post_tag","embeddable":true,"href":"https:\/\/www.czechcyclingfederation.com\/en\/wp-json\/wp\/v2\/tags?post=11656"}],"curies":[{"name":"wp","href":"https:\/\/api.w.org\/{rel}","templated":true}]}}