{"id":11645,"date":"2022-04-13T13:38:53","date_gmt":"2022-04-13T11:38:53","guid":{"rendered":"https:\/\/www.czechcyclingfederation.com\/?p=11645"},"modified":"2022-04-13T13:38:56","modified_gmt":"2022-04-13T11:38:56","slug":"spartan-habermann-vyhral-i-druhy-dil-penco-cupu","status":"publish","type":"post","link":"https:\/\/www.czechcyclingfederation.com\/en\/spartan-habermann-vyhral-i-druhy-dil-penco-cupu\/","title":{"rendered":"Spar\u0165an Habermann vyhr\u00e1l i druh\u00fd d\u00edl Penco Cupu"},"content":{"rendered":"\n<p>Po v\u00edt\u011bzstv\u00ed v premi\u00e9rov\u00e9m z\u00e1vodu seri\u00e1lu Penco Cup, zv\u00edt\u011bzil i ve druh\u00e9m d\u00edlu, na okruhu v Plzni Richard Haberemann ze Sparty Praha. P\u0159i p\u011btadevades\u00e1ti startuj\u00edc\u00edch a siln\u00e9 konkurenci v kategorii elite a junior\u016f se rozhodovalo a\u017e v samotn\u00e9m z\u00e1v\u011bru z\u00e1vodu.<\/p>\n\n\n\n<p>Kompletn\u00ed Dukla Praha m\u011bla sv\u00e9 siln\u00e9 z\u00e1stupce v kategorii junior\u016f. Ti startovali s n\u00e1skokem 30 vte\u0159in p\u0159ed kategori\u00ed elite a Milan Kadlec s Jakubem Kubou z\u00edskali bodov\u00fd n\u00e1skok, kter\u00fd po dojet\u00ed elitou za\u010dal stahovat Habermann a pr\u016fb\u011b\u017en\u011b se dostal do \u010dela z\u00e1vodu.<\/p>\n\n\n\n<p>Rutin\u00e9r Martin Boubal (Hello CTW) \u00fato\u010dil a z\u00edskal n\u011bkolik bodovan\u00fdch pr\u016fjezd\u016f pro sebe z \u00fanik\u016f a dot\u00e1hl se na \u010delo. V z\u00e1v\u011bru odsko\u010dil za pomoci t\u00fdmu Sparty je\u0161t\u011b Habermann s Josefem Hlad\u00edkem (Brilon Racing Team) a sebrali posledn\u00ed d\u011blen\u00ed bod\u016f. Za v\u00edt\u011bzem Habermannnem skon\u010dili Boubal a Petr Fiala (Dukla Praha). Juniory ovl\u00e1dl Kadlec, v celkov\u00e9m hodnocen\u00ed druh\u00fd za Habermannem.<\/p>\n\n\n\n<p>V\u00fdsledky:<\/p>\n\n\n\n<p>Mu\u017ei:<\/p>\n\n\n\n<p>1. Habermann (AC Sparta Praha) 25, 2. Boubal (Hello CTW) 16, 3. Fiala (Dukla Praha) 12, 4. Hlad\u00edk (Brilon Racing Team) 12, 5. Fiala (\u010cEZ Cyklo Teamn T\u00e1bor) 9, 6. Ligtenberg (AC Sparta Praha) 9.<\/p>\n\n\n\n<p>Junio\u0159i:<\/p>\n\n\n\n<p>1. Kadlec 17, 2. Kuba (oba Dukla Praha) 13, 3. C\u00edrkva (Romana Kreuziger Cycling Accademy) 7.<\/p>\n\n\n\n<p>FOTO Ji\u0159\u00ed Rub\u00e1\u0161<\/p>\n\n\n\n<figure class=\"wp-block-image size-large\"><img loading=\"lazy\" decoding=\"async\" width=\"575\" height=\"768\" src=\"https:\/\/www.czechcyclingfederation.com\/wp-content\/uploads\/2022\/04\/PENCO-2-Elite-HabermannKadlec-Boubal.jpg\" alt=\"\" class=\"wp-image-11647\" srcset=\"https:\/\/www.czechcyclingfederation.com\/wp-content\/uploads\/2022\/04\/PENCO-2-Elite-HabermannKadlec-Boubal.jpg 575w, https:\/\/www.czechcyclingfederation.com\/wp-content\/uploads\/2022\/04\/PENCO-2-Elite-HabermannKadlec-Boubal-150x200.jpg 150w\" sizes=\"auto, (max-width: 575px) 100vw, 575px\" \/><\/figure>\n\n\n\n<figure class=\"wp-block-image size-large\"><img loading=\"lazy\" decoding=\"async\" width=\"735\" height=\"768\" src=\"https:\/\/www.czechcyclingfederation.com\/wp-content\/uploads\/2022\/04\/Penco-Cup-2-juniori-Kadlec-Kuba-Cirkva.jpg\" alt=\"\" class=\"wp-image-11648\" srcset=\"https:\/\/www.czechcyclingfederation.com\/wp-content\/uploads\/2022\/04\/Penco-Cup-2-juniori-Kadlec-Kuba-Cirkva.jpg 735w, https:\/\/www.czechcyclingfederation.com\/wp-content\/uploads\/2022\/04\/Penco-Cup-2-juniori-Kadlec-Kuba-Cirkva-191x200.jpg 191w\" sizes=\"auto, (max-width: 735px) 100vw, 735px\" \/><\/figure>\n","protected":false},"excerpt":{"rendered":"<p>Po v\u00edt\u011bzstv\u00ed v premi\u00e9rov\u00e9m z\u00e1vodu seri\u00e1lu Penco Cup, zv\u00edt\u011bzil i ve druh\u00e9m d\u00edlu, na okruhu v Plzni Richard Haberemann ze Sparty Praha. P\u0159i p\u011btadevades\u00e1ti startuj\u00edc\u00edch a siln\u00e9 konkurenci v kategorii elite a junior\u016f se rozhodovalo a\u017e v samotn\u00e9m z\u00e1v\u011bru z\u00e1vodu. Kompletn\u00ed Dukla Praha m\u011bla sv\u00e9 siln\u00e9 z\u00e1stupce v kategorii junior\u016f. Ti startovali s n\u00e1skokem 30 [&hellip;]<\/p>\n","protected":false},"author":8,"featured_media":11646,"comment_status":"closed","ping_status":"open","sticky":false,"template":"","format":"standard","meta":{"footnotes":""},"categories":[2,18],"tags":[11],"class_list":["post-11645","post","type-post","status-publish","format-standard","has-post-thumbnail","hentry","category-novinky","category-silnice","tag-silnice"],"_links":{"self":[{"href":"https:\/\/www.czechcyclingfederation.com\/en\/wp-json\/wp\/v2\/posts\/11645","targetHints":{"allow":["GET"]}}],"collection":[{"href":"https:\/\/www.czechcyclingfederation.com\/en\/wp-json\/wp\/v2\/posts"}],"about":[{"href":"https:\/\/www.czechcyclingfederation.com\/en\/wp-json\/wp\/v2\/types\/post"}],"author":[{"embeddable":true,"href":"https:\/\/www.czechcyclingfederation.com\/en\/wp-json\/wp\/v2\/users\/8"}],"replies":[{"embeddable":true,"href":"https:\/\/www.czechcyclingfederation.com\/en\/wp-json\/wp\/v2\/comments?post=11645"}],"version-history":[{"count":1,"href":"https:\/\/www.czechcyclingfederation.com\/en\/wp-json\/wp\/v2\/posts\/11645\/revisions"}],"predecessor-version":[{"id":11649,"href":"https:\/\/www.czechcyclingfederation.com\/en\/wp-json\/wp\/v2\/posts\/11645\/revisions\/11649"}],"wp:featuredmedia":[{"embeddable":true,"href":"https:\/\/www.czechcyclingfederation.com\/en\/wp-json\/wp\/v2\/media\/11646"}],"wp:attachment":[{"href":"https:\/\/www.czechcyclingfederation.com\/en\/wp-json\/wp\/v2\/media?parent=11645"}],"wp:term":[{"taxonomy":"category","embeddable":true,"href":"https:\/\/www.czechcyclingfederation.com\/en\/wp-json\/wp\/v2\/categories?post=11645"},{"taxonomy":"post_tag","embeddable":true,"href":"https:\/\/www.czechcyclingfederation.com\/en\/wp-json\/wp\/v2\/tags?post=11645"}],"curies":[{"name":"wp","href":"https:\/\/api.w.org\/{rel}","templated":true}]}}