{"id":11639,"date":"2022-04-12T12:27:03","date_gmt":"2022-04-12T10:27:03","guid":{"rendered":"https:\/\/www.czechcyclingfederation.com\/?p=11639"},"modified":"2022-04-12T12:27:35","modified_gmt":"2022-04-12T10:27:35","slug":"mistryne-sveta-jarmila-machacova-prerusuje-zavodni-karieru","status":"publish","type":"post","link":"https:\/\/www.czechcyclingfederation.com\/en\/mistryne-sveta-jarmila-machacova-prerusuje-zavodni-karieru\/","title":{"rendered":"Mistryn\u011b sv\u011bta Jarmila Macha\u010dov\u00e1 p\u0159eru\u0161uje z\u00e1vodn\u00ed kari\u00e9ru!"},"content":{"rendered":"\n<p>Jedna z na\u0161ich nej\u00fasp\u011b\u0161n\u011bj\u0161\u00edch cyklistek silni\u010dn\u00ed a dr\u00e1hov\u00e9 historie, reprezentantka \u010cesk\u00e9 republiky a \u010dlenka t\u00fdmu Dukly Praha p\u0159eru\u0161uje v o\u010dek\u00e1v\u00e1n\u00ed nov\u00e9ho potomka z\u00e1vodn\u00ed sez\u00f3nu.O ukon\u010den\u00ed z\u00e1vodn\u00ed kari\u00e9ry ale sympatick\u00e1 cyklistka neuva\u017euje a v p\u0159\u00ed\u0161t\u00edm roce bychom m\u011bli Jarmilku op\u011bt v\u00eddat v silni\u010dn\u00edm a dr\u00e1hov\u00e9m pelotonu.Moc gratulujeme Jamo!<\/p>\n","protected":false},"excerpt":{"rendered":"<p>Jedna z na\u0161ich nej\u00fasp\u011b\u0161n\u011bj\u0161\u00edch cyklistek silni\u010dn\u00ed a dr\u00e1hov\u00e9 historie, reprezentantka \u010cesk\u00e9 republiky a \u010dlenka t\u00fdmu Dukly Praha p\u0159eru\u0161uje v o\u010dek\u00e1v\u00e1n\u00ed nov\u00e9ho potomka z\u00e1vodn\u00ed sez\u00f3nu.O ukon\u010den\u00ed z\u00e1vodn\u00ed kari\u00e9ry ale sympatick\u00e1 cyklistka neuva\u017euje a v p\u0159\u00ed\u0161t\u00edm roce bychom m\u011bli Jarmilku op\u011bt v\u00eddat v silni\u010dn\u00edm a dr\u00e1hov\u00e9m pelotonu.Moc gratulujeme Jamo!<\/p>\n","protected":false},"author":1,"featured_media":11640,"comment_status":"closed","ping_status":"open","sticky":false,"template":"","format":"standard","meta":{"footnotes":""},"categories":[17,54,2,18],"tags":[9],"class_list":["post-11639","post","type-post","status-publish","format-standard","has-post-thumbnail","hentry","category-discipliny","category-draha","category-novinky","category-silnice","tag-draha"],"_links":{"self":[{"href":"https:\/\/www.czechcyclingfederation.com\/en\/wp-json\/wp\/v2\/posts\/11639","targetHints":{"allow":["GET"]}}],"collection":[{"href":"https:\/\/www.czechcyclingfederation.com\/en\/wp-json\/wp\/v2\/posts"}],"about":[{"href":"https:\/\/www.czechcyclingfederation.com\/en\/wp-json\/wp\/v2\/types\/post"}],"author":[{"embeddable":true,"href":"https:\/\/www.czechcyclingfederation.com\/en\/wp-json\/wp\/v2\/users\/1"}],"replies":[{"embeddable":true,"href":"https:\/\/www.czechcyclingfederation.com\/en\/wp-json\/wp\/v2\/comments?post=11639"}],"version-history":[{"count":1,"href":"https:\/\/www.czechcyclingfederation.com\/en\/wp-json\/wp\/v2\/posts\/11639\/revisions"}],"predecessor-version":[{"id":11641,"href":"https:\/\/www.czechcyclingfederation.com\/en\/wp-json\/wp\/v2\/posts\/11639\/revisions\/11641"}],"wp:featuredmedia":[{"embeddable":true,"href":"https:\/\/www.czechcyclingfederation.com\/en\/wp-json\/wp\/v2\/media\/11640"}],"wp:attachment":[{"href":"https:\/\/www.czechcyclingfederation.com\/en\/wp-json\/wp\/v2\/media?parent=11639"}],"wp:term":[{"taxonomy":"category","embeddable":true,"href":"https:\/\/www.czechcyclingfederation.com\/en\/wp-json\/wp\/v2\/categories?post=11639"},{"taxonomy":"post_tag","embeddable":true,"href":"https:\/\/www.czechcyclingfederation.com\/en\/wp-json\/wp\/v2\/tags?post=11639"}],"curies":[{"name":"wp","href":"https:\/\/api.w.org\/{rel}","templated":true}]}}