{"id":11635,"date":"2022-04-12T07:31:32","date_gmt":"2022-04-12T05:31:32","guid":{"rendered":"https:\/\/www.czechcyclingfederation.com\/?p=11635"},"modified":"2022-04-12T07:31:35","modified_gmt":"2022-04-12T05:31:35","slug":"telecky-bojoval-v-nemecku-do-posledni-chvile-o-vitezstvi","status":"publish","type":"post","link":"https:\/\/www.czechcyclingfederation.com\/en\/telecky-bojoval-v-nemecku-do-posledni-chvile-o-vitezstvi\/","title":{"rendered":"Teleck\u00fd bojoval v N\u011bmecku do posledn\u00ed chv\u00edle o v\u00edt\u011bzstv\u00ed"},"content":{"rendered":"\n<p>Ve velmi dobr\u00e9m sv\u011btle se uk\u00e1zal reprezenta\u010dn\u00ed v\u00fdb\u011br junior\u016f na silni\u010dn\u00edm etapov\u00e9m z\u00e1vod\u011b v&nbsp;n\u011bmeck\u00e9m Cottbusu. Z\u00e1\u0159il zejm\u00e9na l\u00eddr \u010desk\u00e9ho t\u00fdmu \u0160t\u011bp\u00e1n Teleck\u00fd, kter\u00fd do posledn\u00ed chv\u00edle bojoval o celkov\u00e9 v\u00edt\u011bzstv\u00ed, a nakonec skon\u010dil \u010dtvrt\u00fd.<\/p>\n\n\n\n<p>\u201e\u0160t\u011bp\u00e1n potvrdil, \u017ee je hned na za\u010d\u00e1tku sezony ve velmi dobr\u00e9 form\u011b a v\u011b\u0159\u00edm, \u017ee to je\u0161t\u011b bude gradovat sm\u011brem k&nbsp;Z\u00e1vodu m\u00edru a dal\u0161\u00edm akc\u00edm,\u201c \u0159ekl reprezenta\u010dn\u00ed tren\u00e9r Tom\u00e1\u0161 Kone\u010dn\u00fd. \u201eV\u011bd\u011bli jsme, \u017ee hodn\u011b d\u016fle\u017eit\u00e1 bude \u010dasovka. Tu zajel v\u00fdborn\u011b. Skon\u010dil \u010dtvrt\u00fd, na v\u00edt\u011bze ztratil jen osm vte\u0159in. I v&nbsp;posledn\u00ed etap\u011b, kter\u00e1 rozhodla o celkov\u00e9m po\u0159ad\u00ed, byl z&nbsp;na\u0161ich kluk\u016f nejaktivn\u011bj\u0161\u00ed, a nakonec dojel \u010dtvrt\u00fd. Chytal spoustu n\u00e1stup\u016f, v&nbsp;z\u00e1v\u011bru mu sice trochu do\u0161lo, ale i tak to byl par\u00e1dn\u00ed v\u00fdkon,\u201c chv\u00e1lil Kone\u010dn\u00fd.<\/p>\n\n\n\n<p>\u201eVelmi dob\u0159e si vedli i dal\u0161\u00ed kluci, hlavn\u011b ti, kte\u0159\u00ed u\u017e s&nbsp;reprezenta\u010dn\u00edmi akcemi maj\u00ed n\u011bjak\u00e9 zku\u0161enosti. Kadlec i Mr\u00e1z zajeli solidn\u011b a pochv\u00e1lit mus\u00edm i B\u00e1rtu,\u201c p\u0159iznal Kone\u010dn\u00fd. Martin B\u00e1rta startuj\u00edc\u00ed v&nbsp;dresu n\u011bmeck\u00e9 st\u00e1je Auto Eeder, co\u017e je juniorsk\u00e1 l\u00edhe\u0148 talent\u016f Bory-Hansgrohe, skon\u010dil celkov\u011b sedm\u00fd, Milan Kadlec byl dev\u00e1t\u00fd, Daniel Mr\u00e1z t\u0159in\u00e1ct\u00fd.<\/p>\n\n\n\n<p>\u201eU B\u00e1rty je vid\u011bt, jak ho anga\u017em\u00e1 v&nbsp;Auto Eeder posouv\u00e1. Odjel taky perfektn\u00ed z\u00e1vod, okam\u017eit\u011b pochytil mentalitu z\u00e1vod\u011bn\u00ed nadoraz. A je na n\u011bm vid\u011bt, jak kvalita toho t\u00fdmu vyt\u00e1hne i jednotlivce,\u201c hodnotil tren\u00e9r.<\/p>\n\n\n\n<p>\u201eAle i pro dal\u0161\u00ed kluky, jako jsou Kobr, P\u0159idal nebo Kohout, kte\u0159\u00ed s&nbsp;takov\u00fdmi z\u00e1vody nemaj\u00ed tolik zku\u0161enost\u00ed, to byla velk\u00e1 \u0161kola cyklistiky. Vid\u00ed, jak se na mezin\u00e1rodn\u00edm poli z\u00e1vod\u00ed, s&nbsp;jak\u00fdm nasazen\u00edm. Objeli kvalitn\u00ed kilometry v&nbsp;rychlosti a ur\u010dit\u011b je to posune d\u00e1l,\u201c uvedl tren\u00e9r.<\/p>\n\n\n\n<p>Na stupn\u011b v\u00edt\u011bz\u016f se nakonec postavili t\u0159i cyklist\u00e9 n\u011bmeck\u00e9 st\u00e1je Auto Eder, kte\u0159\u00ed v&nbsp;z\u00e1v\u011bre\u010dn\u00e9 etap\u011b postupn\u011b odjeli zbytku startovn\u00edho pole. \u201eP\u0159itom je to z\u00e1vod vylo\u017een\u011b po rovin\u011b a takov\u00fd sc\u00e9n\u00e1\u0159 asi ne\u010dekal nikdo. Kdy\u017e odjel jeden jejich z\u00e1vodn\u00edk, mohli to v&nbsp;klidu brzdit, ale oni pak nastoupili je\u0161t\u011b dal\u0161\u00ed dva. Ne\u0159\u00edk\u00e1m, \u017ee to je z&nbsp;hlediska taktiky skv\u011bl\u00e9, ale je vid\u011bt, jak ti kluci maj\u00ed nastavenou z\u00e1vodn\u00ed mentalitu. Prvn\u00ed \u010dty\u0159i p\u0159ijeli do c\u00edle po jednom a jsem r\u00e1d, \u017ee tam s&nbsp;nimi state\u010dn\u011b bojoval i Teleck\u00fd,\u201c p\u0159iznal Tom\u00e1\u0161 Kone\u010dn\u00fd.<\/p>\n\n\n\n<p>\u201eCelkov\u011b hodnot\u00edm ten z\u00e1vod velmi pozitivn\u011b a sm\u011brem k\u00a0prvn\u00edm vrchol\u016fm sezony, hlavn\u011b Z\u00e1vodu m\u00edru junior\u016f, to kluk\u016fm m\u016f\u017ee spoustu v\u011bc\u00ed d\u00e1t,\u201c uzav\u0159el reprezenta\u010dn\u00ed tren\u00e9r.<\/p>\n\n\n\n<figure class=\"wp-block-image size-large\"><img loading=\"lazy\" decoding=\"async\" width=\"1024\" height=\"768\" src=\"https:\/\/www.czechcyclingfederation.com\/wp-content\/uploads\/2022\/04\/de262b61-894e-4430-af02-39fdfee78cca.jpg\" alt=\"\" class=\"wp-image-11637\" srcset=\"https:\/\/www.czechcyclingfederation.com\/wp-content\/uploads\/2022\/04\/de262b61-894e-4430-af02-39fdfee78cca.jpg 1024w, https:\/\/www.czechcyclingfederation.com\/wp-content\/uploads\/2022\/04\/de262b61-894e-4430-af02-39fdfee78cca-267x200.jpg 267w, https:\/\/www.czechcyclingfederation.com\/wp-content\/uploads\/2022\/04\/de262b61-894e-4430-af02-39fdfee78cca-768x576.jpg 768w\" sizes=\"auto, (max-width: 1024px) 100vw, 1024px\" \/><\/figure>\n\n\n\n<p>Foto : Karel Slez\u00e1\u010dek<\/p>\n","protected":false},"excerpt":{"rendered":"<p>Ve velmi dobr\u00e9m sv\u011btle se uk\u00e1zal reprezenta\u010dn\u00ed v\u00fdb\u011br junior\u016f na silni\u010dn\u00edm etapov\u00e9m z\u00e1vod\u011b v&nbsp;n\u011bmeck\u00e9m Cottbusu. Z\u00e1\u0159il zejm\u00e9na l\u00eddr \u010desk\u00e9ho t\u00fdmu \u0160t\u011bp\u00e1n Teleck\u00fd, kter\u00fd do posledn\u00ed chv\u00edle bojoval o celkov\u00e9 v\u00edt\u011bzstv\u00ed, a nakonec skon\u010dil \u010dtvrt\u00fd. \u201e\u0160t\u011bp\u00e1n potvrdil, \u017ee je hned na za\u010d\u00e1tku sezony ve velmi dobr\u00e9 form\u011b a v\u011b\u0159\u00edm, \u017ee to je\u0161t\u011b bude gradovat sm\u011brem k&nbsp;Z\u00e1vodu [&hellip;]<\/p>\n","protected":false},"author":15,"featured_media":11636,"comment_status":"closed","ping_status":"open","sticky":false,"template":"","format":"standard","meta":{"footnotes":""},"categories":[17,2,18],"tags":[11],"class_list":["post-11635","post","type-post","status-publish","format-standard","has-post-thumbnail","hentry","category-discipliny","category-novinky","category-silnice","tag-silnice"],"_links":{"self":[{"href":"https:\/\/www.czechcyclingfederation.com\/en\/wp-json\/wp\/v2\/posts\/11635","targetHints":{"allow":["GET"]}}],"collection":[{"href":"https:\/\/www.czechcyclingfederation.com\/en\/wp-json\/wp\/v2\/posts"}],"about":[{"href":"https:\/\/www.czechcyclingfederation.com\/en\/wp-json\/wp\/v2\/types\/post"}],"author":[{"embeddable":true,"href":"https:\/\/www.czechcyclingfederation.com\/en\/wp-json\/wp\/v2\/users\/15"}],"replies":[{"embeddable":true,"href":"https:\/\/www.czechcyclingfederation.com\/en\/wp-json\/wp\/v2\/comments?post=11635"}],"version-history":[{"count":1,"href":"https:\/\/www.czechcyclingfederation.com\/en\/wp-json\/wp\/v2\/posts\/11635\/revisions"}],"predecessor-version":[{"id":11638,"href":"https:\/\/www.czechcyclingfederation.com\/en\/wp-json\/wp\/v2\/posts\/11635\/revisions\/11638"}],"wp:featuredmedia":[{"embeddable":true,"href":"https:\/\/www.czechcyclingfederation.com\/en\/wp-json\/wp\/v2\/media\/11636"}],"wp:attachment":[{"href":"https:\/\/www.czechcyclingfederation.com\/en\/wp-json\/wp\/v2\/media?parent=11635"}],"wp:term":[{"taxonomy":"category","embeddable":true,"href":"https:\/\/www.czechcyclingfederation.com\/en\/wp-json\/wp\/v2\/categories?post=11635"},{"taxonomy":"post_tag","embeddable":true,"href":"https:\/\/www.czechcyclingfederation.com\/en\/wp-json\/wp\/v2\/tags?post=11635"}],"curies":[{"name":"wp","href":"https:\/\/api.w.org\/{rel}","templated":true}]}}