{"id":1163,"date":"2020-07-07T20:47:20","date_gmt":"2020-07-07T18:47:20","guid":{"rendered":"http:\/\/www.czechcyclingfederation.com\/?p=1163"},"modified":"2020-07-16T13:40:43","modified_gmt":"2020-07-16T11:40:43","slug":"stybar-s-prehledem-vyhral-velkou-cenu-sweep-sport","status":"publish","type":"post","link":"https:\/\/www.czechcyclingfederation.com\/en\/stybar-s-prehledem-vyhral-velkou-cenu-sweep-sport\/","title":{"rendered":"\u0160tybar s p\u0159ehledem vyhr\u00e1l Velkou cenu Sweep sport"},"content":{"rendered":"\n<p>Dob\u0159e rozjet\u00fd Zden\u011bk \u0160tybar (Deceuninck &#8211; Quick Step) od \u00favodn\u00edch okruh\u016f Velk\u00e9 ceny Sweep sport, seri\u00e1lu Il Sano, nikoho nenechal na pochyb\u00e1ch, \u017ee bude bojovat v Plzni o v\u00edt\u011bzstv\u00ed. I kdy\u017e se \u0160tybarovi neda\u0159ilo poka\u017ed\u00e9 vyhr\u00e1vat jednotliv\u00e9 spurty, tak ne\u00fanavn\u011b rozj\u00ed\u017ed\u011bl nov\u00e9 dlouh\u00e9 spurty a dost\u00e1val se do \u00fanik\u016f.\u00a0<br>Nakonec ze 60 bodov\u00e1n\u00ed dok\u00e1zal 16 kr\u00e1t usp\u011bt v jednotliv\u00fdch pr\u016fjezdech hodnocen\u00fdch 2 a 1 bod, aby nakonec z\u00edskal 26 bod\u016f. Tentokr\u00e1t mu byl nejv\u011bt\u0161\u00edm soupe\u0159em hodn\u011b rychl\u00fd N\u011bmec Toni Franz, kter\u00fd v\u00edt\u011bzil v mnoha spurtech a nakonec z\u00edskal 16 bod\u016f. Boj o t\u0159et\u00ed m\u00edsto se rozhodoval mezi \u010dty\u0159mi z\u00e1vodn\u00edky. Nicolas Pietrula (Dukla Praha) a\u017e posledn\u00edm spurtem rozhodl o sv\u00e9m bronzov\u00e9m stupni.<br>Posledn\u00ed dva d\u00edly IL Sano cupu se jedou 7. a 14.\u010dervence.\u00a0<br>P\u0159ihl\u00e1\u0161ky jsou na:\u00a0<a rel=\"noreferrer noopener\" href=\"https:\/\/data.ceskysvazcyklistiky.cz\/%E2%80%A6256\" target=\"_blank\">https:\/\/data.ceskysvazcyklistiky.cz\/\u2026256<\/a>\u00a0<br>V\u00fdsledky:<br>1. \u0160tybar (Deceuninck &#8211; Quick Step) 26, 2. Franz (N\u011bm.) 16, 3. Pietrula (Dukla Praha) 13, 4. Boubal (CT Weber) 11, 5. Rugovac 11, 6. Uhlig (oba AC Sparta Praha) 9.<\/p>\n\n\n\n<figure class=\"wp-block-image size-large\"><img loading=\"lazy\" decoding=\"async\" width=\"1024\" height=\"575\" src=\"https:\/\/www.czechcyclingfederation.com\/wp-content\/uploads\/2020\/07\/unik-fiala-dukla-1024x575.jpg\" alt=\"\" class=\"wp-image-1164\" srcset=\"https:\/\/www.czechcyclingfederation.com\/wp-content\/uploads\/2020\/07\/unik-fiala-dukla-1024x575.jpg 1024w, https:\/\/www.czechcyclingfederation.com\/wp-content\/uploads\/2020\/07\/unik-fiala-dukla-300x169.jpg 300w, https:\/\/www.czechcyclingfederation.com\/wp-content\/uploads\/2020\/07\/unik-fiala-dukla-768x431.jpg 768w, https:\/\/www.czechcyclingfederation.com\/wp-content\/uploads\/2020\/07\/unik-fiala-dukla.jpg 1280w\" sizes=\"auto, (max-width: 1024px) 100vw, 1024px\" \/><\/figure>\n","protected":false},"excerpt":{"rendered":"<p>Dob\u0159e rozjet\u00fd Zden\u011bk \u0160tybar (Deceuninck &#8211; Quick Step) od \u00favodn\u00edch okruh\u016f Velk\u00e9 ceny Sweep sport, seri\u00e1lu Il Sano, nikoho nenechal na pochyb\u00e1ch, \u017ee bude bojovat v Plzni o v\u00edt\u011bzstv\u00ed. I kdy\u017e se \u0160tybarovi neda\u0159ilo poka\u017ed\u00e9 vyhr\u00e1vat jednotliv\u00e9 spurty, tak ne\u00fanavn\u011b rozj\u00ed\u017ed\u011bl nov\u00e9 dlouh\u00e9 spurty a dost\u00e1val se do \u00fanik\u016f.\u00a0Nakonec ze 60 bodov\u00e1n\u00ed dok\u00e1zal 16 kr\u00e1t [&hellip;]<\/p>\n","protected":false},"author":2,"featured_media":1164,"comment_status":"closed","ping_status":"open","sticky":false,"template":"","format":"standard","meta":{"footnotes":""},"categories":[2,18],"tags":[11],"class_list":["post-1163","post","type-post","status-publish","format-standard","has-post-thumbnail","hentry","category-novinky","category-silnice","tag-silnice"],"_links":{"self":[{"href":"https:\/\/www.czechcyclingfederation.com\/en\/wp-json\/wp\/v2\/posts\/1163","targetHints":{"allow":["GET"]}}],"collection":[{"href":"https:\/\/www.czechcyclingfederation.com\/en\/wp-json\/wp\/v2\/posts"}],"about":[{"href":"https:\/\/www.czechcyclingfederation.com\/en\/wp-json\/wp\/v2\/types\/post"}],"author":[{"embeddable":true,"href":"https:\/\/www.czechcyclingfederation.com\/en\/wp-json\/wp\/v2\/users\/2"}],"replies":[{"embeddable":true,"href":"https:\/\/www.czechcyclingfederation.com\/en\/wp-json\/wp\/v2\/comments?post=1163"}],"version-history":[{"count":1,"href":"https:\/\/www.czechcyclingfederation.com\/en\/wp-json\/wp\/v2\/posts\/1163\/revisions"}],"predecessor-version":[{"id":1165,"href":"https:\/\/www.czechcyclingfederation.com\/en\/wp-json\/wp\/v2\/posts\/1163\/revisions\/1165"}],"wp:featuredmedia":[{"embeddable":true,"href":"https:\/\/www.czechcyclingfederation.com\/en\/wp-json\/wp\/v2\/media\/1164"}],"wp:attachment":[{"href":"https:\/\/www.czechcyclingfederation.com\/en\/wp-json\/wp\/v2\/media?parent=1163"}],"wp:term":[{"taxonomy":"category","embeddable":true,"href":"https:\/\/www.czechcyclingfederation.com\/en\/wp-json\/wp\/v2\/categories?post=1163"},{"taxonomy":"post_tag","embeddable":true,"href":"https:\/\/www.czechcyclingfederation.com\/en\/wp-json\/wp\/v2\/tags?post=1163"}],"curies":[{"name":"wp","href":"https:\/\/api.w.org\/{rel}","templated":true}]}}