{"id":11622,"date":"2022-04-10T12:36:29","date_gmt":"2022-04-10T10:36:29","guid":{"rendered":"https:\/\/www.czechcyclingfederation.com\/?p=11622"},"modified":"2022-04-11T10:53:36","modified_gmt":"2022-04-11T08:53:36","slug":"jizdni-kola-pro-ukrajinske-deti","status":"publish","type":"post","link":"https:\/\/www.czechcyclingfederation.com\/en\/jizdni-kola-pro-ukrajinske-deti\/","title":{"rendered":"J\u00edzdn\u00ed kola pro ukrajinsk\u00e9 d\u011bti"},"content":{"rendered":"\n<p>Cyklistick\u00fd odd\u00edl Sportcomplex B\u0159eclav p\u0159edal j\u00edzdn\u00ed kola ukrajinsk\u00fdm d\u011btem. Klub Sportcomplex B\u0159eclav j\u00edzdn\u00ed kola a p\u0159ilby z\u00edskal pomoc\u00ed dobrovoln\u00e9 sb\u00edrky, kterou uspo\u0159\u00e1dal.<\/p>\n\n\n\n<p>Jeden\u00e1ct ukrajinsk\u00fdch d\u00edvek a t\u0159i chlapci, ubytovan\u00ed na intern\u00e1tu v B\u0159eclavi, jsou ve v\u011bku 6 a\u017e 18 let. Sportcomplex t\u00edmto chce podpo\u0159it za\u010dlen\u011bn\u00ed ukrajinsk\u00fdch d\u011bt\u00ed mezi b\u0159eclavskou sportuj\u00edc\u00ed ml\u00e1de\u017e.<\/p>\n\n\n\n<p>FOTO Pavel Jaborn\u00edk<\/p>\n\n\n\n<figure class=\"wp-block-image size-large\"><img loading=\"lazy\" decoding=\"async\" width=\"1014\" height=\"676\" src=\"http:\/\/www.czechcyclingfederation.com\/wp-content\/uploads\/2022\/04\/IMG_5742-1.jpg\" alt=\"\" class=\"wp-image-11624\" srcset=\"https:\/\/www.czechcyclingfederation.com\/wp-content\/uploads\/2022\/04\/IMG_5742-1.jpg 1014w, https:\/\/www.czechcyclingfederation.com\/wp-content\/uploads\/2022\/04\/IMG_5742-1-300x200.jpg 300w, https:\/\/www.czechcyclingfederation.com\/wp-content\/uploads\/2022\/04\/IMG_5742-1-768x512.jpg 768w\" sizes=\"auto, (max-width: 1014px) 100vw, 1014px\" \/><\/figure>\n\n\n\n<figure class=\"wp-block-image size-large\"><img loading=\"lazy\" decoding=\"async\" width=\"1024\" height=\"683\" src=\"http:\/\/www.czechcyclingfederation.com\/wp-content\/uploads\/2022\/04\/IMG_5749-1-1024x683.jpg\" alt=\"\" class=\"wp-image-11623\" srcset=\"https:\/\/www.czechcyclingfederation.com\/wp-content\/uploads\/2022\/04\/IMG_5749-1-1024x683.jpg 1024w, https:\/\/www.czechcyclingfederation.com\/wp-content\/uploads\/2022\/04\/IMG_5749-1-300x200.jpg 300w, https:\/\/www.czechcyclingfederation.com\/wp-content\/uploads\/2022\/04\/IMG_5749-1-768x512.jpg 768w, https:\/\/www.czechcyclingfederation.com\/wp-content\/uploads\/2022\/04\/IMG_5749-1-1536x1024.jpg 1536w, https:\/\/www.czechcyclingfederation.com\/wp-content\/uploads\/2022\/04\/IMG_5749-1-1320x880.jpg 1320w, https:\/\/www.czechcyclingfederation.com\/wp-content\/uploads\/2022\/04\/IMG_5749-1.jpg 2007w\" sizes=\"auto, (max-width: 1024px) 100vw, 1024px\" \/><\/figure>\n","protected":false},"excerpt":{"rendered":"<p>Cyklistick\u00fd odd\u00edl Sportcomplex B\u0159eclav p\u0159edal j\u00edzdn\u00ed kola ukrajinsk\u00fdm d\u011btem. Klub Sportcomplex B\u0159eclav j\u00edzdn\u00ed kola a p\u0159ilby z\u00edskal pomoc\u00ed dobrovoln\u00e9 sb\u00edrky, kterou uspo\u0159\u00e1dal. Jeden\u00e1ct ukrajinsk\u00fdch d\u00edvek a t\u0159i chlapci, ubytovan\u00ed na intern\u00e1tu v B\u0159eclavi, jsou ve v\u011bku 6 a\u017e 18 let. Sportcomplex t\u00edmto chce podpo\u0159it za\u010dlen\u011bn\u00ed ukrajinsk\u00fdch d\u011bt\u00ed mezi b\u0159eclavskou sportuj\u00edc\u00ed ml\u00e1de\u017e. FOTO Pavel Jaborn\u00edk<\/p>\n","protected":false},"author":8,"featured_media":11625,"comment_status":"closed","ping_status":"open","sticky":false,"template":"","format":"standard","meta":{"footnotes":""},"categories":[2,18,65],"tags":[119],"class_list":["post-11622","post","type-post","status-publish","format-standard","has-post-thumbnail","hentry","category-novinky","category-silnice","category-subdisciplina","tag-csc"],"_links":{"self":[{"href":"https:\/\/www.czechcyclingfederation.com\/en\/wp-json\/wp\/v2\/posts\/11622","targetHints":{"allow":["GET"]}}],"collection":[{"href":"https:\/\/www.czechcyclingfederation.com\/en\/wp-json\/wp\/v2\/posts"}],"about":[{"href":"https:\/\/www.czechcyclingfederation.com\/en\/wp-json\/wp\/v2\/types\/post"}],"author":[{"embeddable":true,"href":"https:\/\/www.czechcyclingfederation.com\/en\/wp-json\/wp\/v2\/users\/8"}],"replies":[{"embeddable":true,"href":"https:\/\/www.czechcyclingfederation.com\/en\/wp-json\/wp\/v2\/comments?post=11622"}],"version-history":[{"count":1,"href":"https:\/\/www.czechcyclingfederation.com\/en\/wp-json\/wp\/v2\/posts\/11622\/revisions"}],"predecessor-version":[{"id":11626,"href":"https:\/\/www.czechcyclingfederation.com\/en\/wp-json\/wp\/v2\/posts\/11622\/revisions\/11626"}],"wp:featuredmedia":[{"embeddable":true,"href":"https:\/\/www.czechcyclingfederation.com\/en\/wp-json\/wp\/v2\/media\/11625"}],"wp:attachment":[{"href":"https:\/\/www.czechcyclingfederation.com\/en\/wp-json\/wp\/v2\/media?parent=11622"}],"wp:term":[{"taxonomy":"category","embeddable":true,"href":"https:\/\/www.czechcyclingfederation.com\/en\/wp-json\/wp\/v2\/categories?post=11622"},{"taxonomy":"post_tag","embeddable":true,"href":"https:\/\/www.czechcyclingfederation.com\/en\/wp-json\/wp\/v2\/tags?post=11622"}],"curies":[{"name":"wp","href":"https:\/\/api.w.org\/{rel}","templated":true}]}}