{"id":11618,"date":"2022-04-09T18:37:53","date_gmt":"2022-04-09T16:37:53","guid":{"rendered":"https:\/\/www.czechcyclingfederation.com\/?p=11618"},"modified":"2022-04-09T18:37:55","modified_gmt":"2022-04-09T16:37:55","slug":"neuman-skoncil-v-ardenach-celkove-treti","status":"publish","type":"post","link":"https:\/\/www.czechcyclingfederation.com\/en\/neuman-skoncil-v-ardenach-celkove-treti\/","title":{"rendered":"Neuman skon\u010dil v Arden\u00e1ch celkov\u011b t\u0159et\u00ed"},"content":{"rendered":"\n<p><br>Dominik Neuman z celku Elkovu Kasper vybojoval ve \u010dty\u0159etapov\u00e9m z\u00e1vod\u011b Circuit des Ardennes (2.2) skv\u011bl\u00e9 t\u0159et\u00ed m\u00edsto. P\u00f3diov\u00e9 um\u00edst\u011bn\u00ed uh\u00e1jil v z\u00e1v\u011bre\u010dn\u00e9 n\u00e1ro\u010dn\u00e9 etap\u011b, kdy\u017e dojel v hlavn\u00edm poli. Do elitn\u00ed des\u00edtky se dostal je\u0161t\u011b Michael Kukrle, v\u00edt\u011bz druh\u00e9 etapy skon\u010dil dev\u00e1t\u00fd a z\u00edskal dres pro nejaktivn\u011bj\u0161\u00edho jezdce z\u00e1vodu.<br>\u201eDnes byl velmi n\u00e1ro\u010dn\u00fd den a mus\u00edm p\u0159iznat, \u017ee jsem v kopc\u00edch nem\u011bl \u00fapln\u011b nejlep\u0161\u00ed nohy. Krizi jsem m\u011bl hlavn\u011b v nejdel\u0161\u00edm stoup\u00e1n\u00ed v polovin\u011b trati, kde jsem nabral ztr\u00e1tu na \u010delo. Kluci z t\u00fdmu mi ale pomohli vr\u00e1tit se do pelotonu, tak\u017ee jsem mohl a\u017e do konce bojovat o celkov\u00e9 p\u00f3dium,\u201c popsal komplikace v nejdel\u0161\u00ed etap\u011b Dominik Neuman.<\/p>\n\n\n\n<p>Za t\u0159et\u00ed m\u00edsto si \u0161estadvacetilet\u00fd cyklista p\u0159ipsal 25 UCI bod\u016f, dal\u0161\u00ed t\u0159i na t\u00fdmov\u00e9 konto p\u0159idal dev\u00e1t\u00fd Kukrle a sedm jich z\u00edskal za etapov\u00fd v\u00edt\u011bzstv\u00ed.<br>V\u00fdsledky:etapa:<\/p>\n\n\n\n<p>Frigo 4:13:31, 2. Germani (oba It.) +5, 3. Stosz (Pol.) +20, \u202618. J. \u0164oupal\u00edk, 21. Neuman, 35. Zah\u00e1lka v\u0161ichni +25, 41. Kukrle, 43. Boro\u0161 (v\u0161ichni \u010cR) oba +32.<br>Kone\u010dn\u00e9 po\u0159ad\u00ed<\/p>\n\n\n\n<ol class=\"wp-block-list\"><li>L. Eriksson (\u0160v\u00e9d.) 10:25:50, 2. Thompson (N. Z\u00e9l.) +13, 3. Neuman +14, 4. Habets (Fr.) +16, 5. Onley (Brit.) +18, 6. Mobach (Fr.) +19, \u20269. Kukrle +1:17, 22. Zah\u00e1lka +2:36, 32. J. \u0164oupal\u00edk +4:42, 51. Boro\u0161 +11:14, 53. Turek (\u010cR) +12:08.<br>FOTO Vladim\u00edr V\u00e1vra<\/li><\/ol>\n","protected":false},"excerpt":{"rendered":"<p>Dominik Neuman z celku Elkovu Kasper vybojoval ve \u010dty\u0159etapov\u00e9m z\u00e1vod\u011b Circuit des Ardennes (2.2) skv\u011bl\u00e9 t\u0159et\u00ed m\u00edsto. P\u00f3diov\u00e9 um\u00edst\u011bn\u00ed uh\u00e1jil v z\u00e1v\u011bre\u010dn\u00e9 n\u00e1ro\u010dn\u00e9 etap\u011b, kdy\u017e dojel v hlavn\u00edm poli. Do elitn\u00ed des\u00edtky se dostal je\u0161t\u011b Michael Kukrle, v\u00edt\u011bz druh\u00e9 etapy skon\u010dil dev\u00e1t\u00fd a z\u00edskal dres pro nejaktivn\u011bj\u0161\u00edho jezdce z\u00e1vodu.\u201eDnes byl velmi n\u00e1ro\u010dn\u00fd den a mus\u00edm [&hellip;]<\/p>\n","protected":false},"author":8,"featured_media":11619,"comment_status":"closed","ping_status":"open","sticky":false,"template":"","format":"standard","meta":{"footnotes":""},"categories":[2,18],"tags":[11],"class_list":["post-11618","post","type-post","status-publish","format-standard","has-post-thumbnail","hentry","category-novinky","category-silnice","tag-silnice"],"_links":{"self":[{"href":"https:\/\/www.czechcyclingfederation.com\/en\/wp-json\/wp\/v2\/posts\/11618","targetHints":{"allow":["GET"]}}],"collection":[{"href":"https:\/\/www.czechcyclingfederation.com\/en\/wp-json\/wp\/v2\/posts"}],"about":[{"href":"https:\/\/www.czechcyclingfederation.com\/en\/wp-json\/wp\/v2\/types\/post"}],"author":[{"embeddable":true,"href":"https:\/\/www.czechcyclingfederation.com\/en\/wp-json\/wp\/v2\/users\/8"}],"replies":[{"embeddable":true,"href":"https:\/\/www.czechcyclingfederation.com\/en\/wp-json\/wp\/v2\/comments?post=11618"}],"version-history":[{"count":1,"href":"https:\/\/www.czechcyclingfederation.com\/en\/wp-json\/wp\/v2\/posts\/11618\/revisions"}],"predecessor-version":[{"id":11620,"href":"https:\/\/www.czechcyclingfederation.com\/en\/wp-json\/wp\/v2\/posts\/11618\/revisions\/11620"}],"wp:featuredmedia":[{"embeddable":true,"href":"https:\/\/www.czechcyclingfederation.com\/en\/wp-json\/wp\/v2\/media\/11619"}],"wp:attachment":[{"href":"https:\/\/www.czechcyclingfederation.com\/en\/wp-json\/wp\/v2\/media?parent=11618"}],"wp:term":[{"taxonomy":"category","embeddable":true,"href":"https:\/\/www.czechcyclingfederation.com\/en\/wp-json\/wp\/v2\/categories?post=11618"},{"taxonomy":"post_tag","embeddable":true,"href":"https:\/\/www.czechcyclingfederation.com\/en\/wp-json\/wp\/v2\/tags?post=11618"}],"curies":[{"name":"wp","href":"https:\/\/api.w.org\/{rel}","templated":true}]}}