{"id":11611,"date":"2022-04-09T17:33:19","date_gmt":"2022-04-09T15:33:19","guid":{"rendered":"https:\/\/www.czechcyclingfederation.com\/?p=11611"},"modified":"2022-04-09T17:40:28","modified_gmt":"2022-04-09T15:40:28","slug":"techniserv-cup-pokracoval-casovkou-v-jevicku","status":"publish","type":"post","link":"https:\/\/www.czechcyclingfederation.com\/en\/techniserv-cup-pokracoval-casovkou-v-jevicku\/","title":{"rendered":"Techniserv Cup pokra\u010doval \u010dasovkou v Jev\u00ed\u010dku"},"content":{"rendered":"\n<p>Po \u00favodn\u00edm z\u00e1vodu v Pardubic\u00edch pokra\u010doval \u010cesk\u00fd Poh\u00e1r &#8211; Techniserv Cup ml\u00e1de\u017ee a \u017een, prvn\u00ed ze t\u0159\u00ed \u010dasovek v leto\u0161n\u00edm seri\u00e1l, v Jev\u00ed\u010dku. Mezi \u017eenami slavila prvn\u00ed v\u00edt\u011bzstv\u00ed po n\u00e1vratu do jabloneck\u00e9ho t\u00fdmu Lawi junior team \u010dasem 23:16 Nikola Noskov\u00e1, ale na patn\u00e1ctikilometrov\u00e9 trati zdolala Petru \u0160ev\u010d\u00edkovou z Dukly Praha o pouh\u00e9 t\u0159i vte\u0159iny, t\u0159et\u00ed Barbora Parmov\u00e1 (TJ Stadion Louny) zaostala za v\u00edt\u011bzkou o \u010dtvrt minuty.<\/p>\n\n\n\n<p>Je\u0161t\u011b daleko rychlej\u0161\u00ed za apr\u00edlov\u00e9ho po\u010das\u00ed, kdy d\u00e9\u0161\u0165 se st\u0159\u00eddal se slun\u00ed\u010dkem, ale za st\u00e1l\u00e9 zimy, byla juniorka Eli\u0161ka Kvasni\u010dkov\u00e1 (SportRaces Cycling Team), kter\u00e9 se \u010dasom\u00edra zastavila na 21:37 a druhou v po\u0159ad\u00ed Anna R\u016f\u017ei\u010dkovou z Dukly Praha porazila o 1:33, t\u0159et\u00ed Karla Nov\u00e1kov\u00e1 (Jaroslav Kulhavy Cycling Team) byla pomalej\u0161\u00ed o dal\u0161\u00ed \u010dty\u0159i vte\u0159iny, Kompletn\u00ed trio nejlep\u0161\u00edch juniorek zajelo lep\u0161\u00ed \u010das jak v\u00edt\u011bzn\u00e1 \u017eena Noskov\u00e1.<\/p>\n\n\n\n<p>Z\u00e1vodu junior\u016f kraloval \u010dasem 19:40 Jan Luke\u0161 jezd\u00edc\u00ed v barv\u00e1ch nizozemsk\u00e9ho celku Willebrord Will Vooruit, sv\u00e9ho t\u00fdmov\u00e9ho kolegu Slov\u00e1ka Dominika Dun\u00e1ra porazil o 18 vte\u0159in, t\u0159et\u00ed byl Stanislav P\u00e1t\u00edk (Mapei Merida Ka\u0148kovsk\u00fd) s odstupem 48 vte\u0159in.<\/p>\n\n\n\n<p>V\u00fdsledky:<\/p>\n\n\n\n<p>\u017deny (15 km):<\/p>\n\n\n\n<p>\u017deny:<\/p>\n\n\n\n<p>1. Noskov\u00e1 (Lawi junior team) 23:16, 2. \u0160ev\u010d\u00edkov\u00e1 (Dukla Praha) +3, 3. Parmov\u00e1 (TJ Stadion Louny) +15, 4. B\u00e1rtov\u00e1 +18, 5. Kohoutkov\u00e1 (ob\u011b Dukla Praha) +24, 6. Bajgerov\u00e1 (Force KCK Zl\u00edn) +27.<\/p>\n\n\n\n<p>Juniorky (15 km):<\/p>\n\n\n\n<p>1. Kvasni\u010dkov\u00e1 (SportRaces Cycling Team) 21:37, 2. R\u016f\u017ei\u010dkov\u00e1 (Dukla Praha) +1:33, 3. Nov\u00e1kov\u00e1 (Jaroslav Kulhavy Cycling Team) +1:37, 4. Grulichov\u00e1 (TUFO Pardus Prost\u011bjov) +1:49, 4. N\u011bmcov\u00e1 (Sportcomplkex B\u0159eclav) +1:53, 6 M\u00fcllerov\u00e1 (TUFO Pardus Prost\u011bjov)&nbsp; 2:18.<\/p>\n\n\n\n<p>Kadetky (15 km):<\/p>\n\n\n\n<p>1. N. Ka\u0148kovsk\u00e1 23:54, 2. Pittnerov\u00e1 (ob\u011b Mapei Merida Ka\u0148kovsk\u00fd) +4, 3. Ungerov\u00e1 (SR) Star\u0161\u00ed \u017e\u00e1kyn\u011b (10,1 km):<\/p>\n\n\n\n<p>1. Cermanov\u00e1 15:47, 2. Grohov\u00e1 (ob\u011b CK P\u0159\u00edbram Fany Gastro) +48, 3. Galovi\u010dov\u00e1 (SR) +1:11.<\/p>\n\n\n\n<p>Mlad\u0161\u00ed \u017e\u00e1kyn\u011b (10,1 km):<\/p>\n\n\n\n<p>1. Kr\u00e1lov\u00e1 (Akademie cyklistick\u00fdch sport\u016f) 20:23, 2. Pozorsk\u00e1 (Drahansk\u00fd sport) +23, 3. Kar\u00e1skov\u00e1 (Open Cycling Academy) +1:48.&nbsp;&nbsp;&nbsp;&nbsp;&nbsp;&nbsp;&nbsp;&nbsp;&nbsp;&nbsp;&nbsp;<\/p>\n\n\n\n<p>Junio\u0159i (15 km):<\/p>\n\n\n\n<p>1. Luke\u0161 (Willebrord Will Vooruit) 19:40, 2. Dun\u00e1r (SR\/Willebrord Will Vooruit) +18, 3. Stanislav P\u00e1t\u00edk +48, 4. J. Bittmer (oba Mapei Merida Ka\u0148kovsk\u00fd) +59, 5. Kuba (Duklas Praha) +1:08, 6. Rafaj (TUFO Pardus Prost\u011bjov) +1:09.<\/p>\n\n\n\n<p>Kadeti (15 km):<\/p>\n\n\n\n<p>1. \u0160ump\u00edk (Jaroslav Kulhavy Cycling Team) 20:59, 2. Hancz (Ma\u010f.) +6, 3. Bittman (KOVO Praha) +15.<\/p>\n\n\n\n<p>Star\u0161\u00ed \u017e\u00e1ci (15 km):<\/p>\n\n\n\n<p>1. Bradna (LAWI junior team) 23:50, 2. D\u00e1vid (SR) +35, 3. Miku\u0161 (SR) +41.<\/p>\n\n\n\n<p>Mlad\u0161\u00ed \u017e\u00e1ci (10,1 km):<\/p>\n\n\n\n<p>1. Z\u00e1chensk\u00fd (SR) 17:05, 2. Hlad\u00edk (Brilon Racing Team) +43, 3. Fara (Brilon Racing Team) +59.<\/p>\n\n\n\n<p>FOTO Milan Kadlec, Ji\u0159\u00ed Ka\u0148kovsk\u00fd<\/p>\n\n\n\n<figure class=\"wp-block-image size-large\"><img loading=\"lazy\" decoding=\"async\" width=\"845\" height=\"1024\" src=\"https:\/\/www.czechcyclingfederation.com\/wp-content\/uploads\/2022\/04\/Juniori-IMG-20220409-WA0004.jpg\" alt=\"\" class=\"wp-image-11613\" srcset=\"https:\/\/www.czechcyclingfederation.com\/wp-content\/uploads\/2022\/04\/Juniori-IMG-20220409-WA0004.jpg 845w, https:\/\/www.czechcyclingfederation.com\/wp-content\/uploads\/2022\/04\/Juniori-IMG-20220409-WA0004-165x200.jpg 165w, https:\/\/www.czechcyclingfederation.com\/wp-content\/uploads\/2022\/04\/Juniori-IMG-20220409-WA0004-768x931.jpg 768w\" sizes=\"auto, (max-width: 845px) 100vw, 845px\" \/><\/figure>\n\n\n\n<figure class=\"wp-block-image size-large\"><img loading=\"lazy\" decoding=\"async\" width=\"1024\" height=\"500\" src=\"http:\/\/www.czechcyclingfederation.com\/wp-content\/uploads\/2022\/04\/Juniorky-IMG-20220409-WA0001.jpg\" alt=\"\" class=\"wp-image-11612\" srcset=\"https:\/\/www.czechcyclingfederation.com\/wp-content\/uploads\/2022\/04\/Juniorky-IMG-20220409-WA0001.jpg 1024w, https:\/\/www.czechcyclingfederation.com\/wp-content\/uploads\/2022\/04\/Juniorky-IMG-20220409-WA0001-300x146.jpg 300w, https:\/\/www.czechcyclingfederation.com\/wp-content\/uploads\/2022\/04\/Juniorky-IMG-20220409-WA0001-768x375.jpg 768w\" sizes=\"auto, (max-width: 1024px) 100vw, 1024px\" \/><\/figure>\n","protected":false},"excerpt":{"rendered":"<p>Po \u00favodn\u00edm z\u00e1vodu v Pardubic\u00edch pokra\u010doval \u010cesk\u00fd Poh\u00e1r &#8211; Techniserv Cup ml\u00e1de\u017ee a \u017een, prvn\u00ed ze t\u0159\u00ed \u010dasovek v leto\u0161n\u00edm seri\u00e1l, v Jev\u00ed\u010dku. Mezi \u017eenami slavila prvn\u00ed v\u00edt\u011bzstv\u00ed po n\u00e1vratu do jabloneck\u00e9ho t\u00fdmu Lawi junior team \u010dasem 23:16 Nikola Noskov\u00e1, ale na patn\u00e1ctikilometrov\u00e9 trati zdolala Petru \u0160ev\u010d\u00edkovou z Dukly Praha o pouh\u00e9 t\u0159i vte\u0159iny, t\u0159et\u00ed [&hellip;]<\/p>\n","protected":false},"author":8,"featured_media":11614,"comment_status":"closed","ping_status":"open","sticky":false,"template":"","format":"standard","meta":{"footnotes":""},"categories":[2,18],"tags":[11],"class_list":["post-11611","post","type-post","status-publish","format-standard","has-post-thumbnail","hentry","category-novinky","category-silnice","tag-silnice"],"_links":{"self":[{"href":"https:\/\/www.czechcyclingfederation.com\/en\/wp-json\/wp\/v2\/posts\/11611","targetHints":{"allow":["GET"]}}],"collection":[{"href":"https:\/\/www.czechcyclingfederation.com\/en\/wp-json\/wp\/v2\/posts"}],"about":[{"href":"https:\/\/www.czechcyclingfederation.com\/en\/wp-json\/wp\/v2\/types\/post"}],"author":[{"embeddable":true,"href":"https:\/\/www.czechcyclingfederation.com\/en\/wp-json\/wp\/v2\/users\/8"}],"replies":[{"embeddable":true,"href":"https:\/\/www.czechcyclingfederation.com\/en\/wp-json\/wp\/v2\/comments?post=11611"}],"version-history":[{"count":3,"href":"https:\/\/www.czechcyclingfederation.com\/en\/wp-json\/wp\/v2\/posts\/11611\/revisions"}],"predecessor-version":[{"id":11617,"href":"https:\/\/www.czechcyclingfederation.com\/en\/wp-json\/wp\/v2\/posts\/11611\/revisions\/11617"}],"wp:featuredmedia":[{"embeddable":true,"href":"https:\/\/www.czechcyclingfederation.com\/en\/wp-json\/wp\/v2\/media\/11614"}],"wp:attachment":[{"href":"https:\/\/www.czechcyclingfederation.com\/en\/wp-json\/wp\/v2\/media?parent=11611"}],"wp:term":[{"taxonomy":"category","embeddable":true,"href":"https:\/\/www.czechcyclingfederation.com\/en\/wp-json\/wp\/v2\/categories?post=11611"},{"taxonomy":"post_tag","embeddable":true,"href":"https:\/\/www.czechcyclingfederation.com\/en\/wp-json\/wp\/v2\/tags?post=11611"}],"curies":[{"name":"wp","href":"https:\/\/api.w.org\/{rel}","templated":true}]}}