{"id":11603,"date":"2022-04-08T13:09:57","date_gmt":"2022-04-08T11:09:57","guid":{"rendered":"https:\/\/www.czechcyclingfederation.com\/?p=11603"},"modified":"2022-04-08T13:10:00","modified_gmt":"2022-04-08T11:10:00","slug":"mlada-vozice-a-kovarov-privitaji-nejlepsi-silnicni-cyklisty-v-ramci-spolecneho-mcr-msr","status":"publish","type":"post","link":"https:\/\/www.czechcyclingfederation.com\/en\/mlada-vozice-a-kovarov-privitaji-nejlepsi-silnicni-cyklisty-v-ramci-spolecneho-mcr-msr\/","title":{"rendered":"Mlad\u00e1 Vo\u017eice a Kov\u00e1\u0159ov p\u0159iv\u00edtaj\u00ed nejlep\u0161\u00ed silni\u010dn\u00ed cyklisty v r\u00e1mci spole\u010dn\u00e9ho M\u010cR\/MSR"},"content":{"rendered":"\n<p>\u010cesk\u00fd svaz cyklistiky ve spolupr\u00e1ci s\u00a0Agenturou Cyklistika a \u010cEZ Cyklo Teamem T\u00e1bor po\u0159\u00e1d\u00e1 v\u00a0\u010dervnu spole\u010dn\u00e9 mistrovstv\u00ed \u010cR a SR v\u00a0silni\u010dn\u00ed cyklistice. Velk\u00fd sportovn\u00ed sv\u00e1tek p\u0159iv\u00edtaj\u00ed dv\u011b jiho\u010desk\u00e1 m\u00edsta \u2013 Mlad\u00e1 Vo\u017eice na T\u00e1borsku a Kov\u00e1\u0159ov na P\u00edsecku. Milovn\u00edci cyklistiky se sejdou nejprve ve \u010dtvrtek 23. \u010dervna v\u00a0Kov\u00e1\u0159ov\u011b u Milevska, kde se uskute\u010dn\u00ed \u010dasovka jednotlivc\u016f. Boje o nejlep\u0161\u00ed \u010desk\u00e9 a slovensk\u00e9 cyklisty pak vyvrchol\u00ed v\u00a0ned\u011bli 26. \u010dervna silni\u010dn\u00edm z\u00e1vodem jednotlivc\u016f v\u00a0Mlad\u00e9 Vo\u017eici a jej\u00edm okol\u00ed. Po\u0159adatel\u00e9 o\u010dek\u00e1vaj\u00ed \u00fa\u010dast sportovn\u00edch hv\u011bzd Petera Sagana, Zde\u0148ka \u0160tybara \u010di Martiny S\u00e1bl\u00edkov\u00e9. <\/p>\n\n\n\n<p>Cyklist\u00e9 se p\u0159edstav\u00ed na kr\u00e1sn\u00fdch silnic\u00edch ve spravedliv\u00e9m boji. Mladou Vo\u017eici nevybrali organiz\u00e1to\u0159i jen kv\u016fli lo\u0148sk\u00fdm zku\u0161enostem s\u00a0po\u0159\u00e1d\u00e1n\u00edm velk\u00e9ho podniku, ale tak\u00e9 d\u00edky podpo\u0159e tamn\u00edho starosty a sen\u00e1tora Jaroslava V\u011btrovsk\u00e9ho. \u201eJsme moc r\u00e1di, \u017ee spole\u010dn\u00e9 mistrovstv\u00ed \u010cesk\u00e9 a Slovensk\u00e9 republiky bude pr\u00e1v\u011b u n\u00e1s v\u00a0Mlad\u00e9 Vo\u017eici. Loni se v\u00a0na\u0161em m\u011bst\u011b poda\u0159ilo uspo\u0159\u00e1dat kl\u00e1n\u00ed \u010cesk\u00e9ho poh\u00e1ru v\u00a0silni\u010dn\u00ed cyklistice. Tahle velk\u00e1 akce n\u00e1m moc zachutnala a v\u011b\u0159\u00edm, \u017ee tra\u0165 je na Mladovo\u017eicku optim\u00e1ln\u00ed. Pr\u00e1v\u011b kopcovit\u00fd r\u00e1z krajiny d\u00e1 nepochybn\u011b i vrcholov\u00fdm cyklist\u016fm po\u0159\u00e1dn\u011b zabrat,\u201c mysl\u00ed si mladovo\u017eick\u00fd starosta V\u011btrovsk\u00fd. \u0158editel leto\u0161n\u00edch z\u00e1vod\u016f Petr Balogh vid\u00ed v\u00a0M\u010cR velk\u00fd potenci\u00e1l. \u201eMistrovstv\u00ed republiky v\u00a0silni\u010dn\u00ed cyklistice je samoz\u0159ejm\u011b velk\u00e1 akce, kterou chceme nabudit atmosf\u00e9ru a lidi, kte\u0159\u00ed se okolo cyklistiky pohybuj\u00ed. Znovu uk\u00e1\u017eeme, \u017ee jsme schopn\u00ed takhle velkou akci uspo\u0159\u00e1dat a v\u00edme, \u017ee cyklistika je na jihu \u010cech nesm\u00edrn\u011b popul\u00e1rn\u00ed,\u201c \u0159ekl Balogh.<\/p>\n\n\n\n<p>Prezident \u010cesk\u00e9ho svazu cyklistiky Petr Marek pova\u017euje Mladou Vo\u017eici za kr\u00e1sn\u00e9 historick\u00e9 m\u011bsto v\u00a0n\u00e1dhern\u00e9m regionu Jiho\u010desk\u00e9ho kraje a je moc r\u00e1d, \u017ee pr\u00e1v\u011b zde se \u0161ampion\u00e1t uskute\u010dn\u00ed. \u201eNejlep\u0161\u00ed cyklist\u00e9 \u010cesk\u00e9 a Slovensk\u00e9 republiky se potkaj\u00ed na velmi obt\u00ed\u017en\u00e9m a technicky n\u00e1ro\u010dn\u00e9m okruhu. Fanou\u0161ci silni\u010dn\u00ed cyklistiky si u\u017eij\u00ed \u00fa\u010dast nejv\u011bt\u0161\u00edch hv\u011bzd jako Petera Sagana \u010di Zde\u0148ka \u0160tybara,\u201c zve na z\u00e1vod p\u0159edseda Petr Marek. Od po\u0159adatel\u016f o\u010dek\u00e1v\u00e1 perfektn\u00ed organizaci a hladk\u00fd pr\u016fb\u011bh. \u201eJsem p\u0159esv\u011bd\u010den, \u017ee zku\u0161en\u00ed po\u0159adatel\u00e9 z\u00a0Agentury Cyklistika s\u00a0velkou podporou a z\u00e1\u0161titou hejtmana Jiho\u010desk\u00e9ho kraje Martina Kuby, starosty m\u011bsta Mlad\u00e1 Vo\u017eice Jaroslava V\u011btrovsk\u00e9ho a starosty obce Kov\u00e1\u0159ov Pavla Hrocha zvl\u00e1dnou v\u0161e na v\u00fdbornou. V\u011b\u0159\u00edm, \u017ee z\u00e1vody budou velk\u00fdm cyklistick\u00fdm sv\u00e1tkem pro v\u0161echny slovensk\u00e9 i \u010desk\u00e9 fanou\u0161ky a p\u0159\u00e1tele cyklistiky,\u201c vyhl\u00ed\u017e\u00ed p\u0159edseda Marek netrp\u011bliv\u011b posledn\u00ed \u010dervnov\u00fd t\u00fdden.<\/p>\n\n\n\n<p>Kov\u00e1\u0159ovsk\u00e1 \u010dasovka si na\u0161la sv\u00e9 ide\u00e1ln\u00ed m\u00edsto a rovn\u011b\u017e starosta Pavel Hroch akci naplno podporuje. \u201ePro m\u011b osobn\u011b i pro celou obec je po\u0159\u00e1d\u00e1n\u00ed \u010dasovky v\u00a0Kov\u00e1\u0159ov\u011b vyznamen\u00e1n\u00edm. Velice si toho v\u00e1\u017e\u00edme a s\u00a0organiz\u00e1tory ud\u011bl\u00e1me v\u0161e pro hladk\u00fd pr\u016fb\u011bh a spokojenost nejen sportovc\u016f a jejich doprovodu, ale v\u0161ech, kte\u0159\u00ed se do na\u0161\u00ed obce na tak v\u00fdznamnou akci p\u0159ijdou pod\u00edvat,\u201c slibuje kov\u00e1\u0159ovsk\u00fd starosta Hroch, pro jeho\u017e obec je toto sportovn\u00ed z\u00e1polen\u00ed nejv\u00fdznamn\u011bj\u0161\u00ed akc\u00ed v\u00a0leto\u0161n\u00edm roce. Obec Kov\u00e1\u0159ov nen\u00ed na poli \u0161pi\u010dkov\u00e9 cyklistiky \u017e\u00e1dn\u00fdm nov\u00e1\u010dkem, i kdy\u017e je t\u0159eba zaj\u00edt do vzd\u00e1len\u011bj\u0161\u00ed minulosti. \u201eV kv\u011btnu 1983 proj\u00ed\u017ed\u011bl na\u0161\u00ed obc\u00ed 36. ro\u010dn\u00edk Z\u00e1vodu m\u00edru v\u00a0etap\u011b z\u00a0P\u0159\u00edbrami do T\u00e1bora. Kov\u00e1\u0159ovem proj\u00ed\u017ed\u011bl tak\u00e9 etapov\u00fd z\u00e1vod Okolo ji\u017en\u00edch \u010cech s\u00a0rychlostn\u00ed pr\u00e9mi\u00ed,\u201c zavzpom\u00ednal starosta Hroch na v\u00edce i m\u00e9n\u011b vzd\u00e1lenou minulost. Po\u0159adatelstv\u00ed Kov\u00e1\u0159ova v\u00edt\u00e1 i \u0159editel z\u00e1vodu Petr Balogh. \u201ePot\u0159ebovali jsme m\u00edsto, kde budeme moct silnici zav\u0159\u00edt po cel\u00fd den, p\u0159i\u010dem\u017e to nebude zase a\u017e tolik vadit. Nen\u00ed to jednoduch\u00e9 a jsem r\u00e1d, \u017ee n\u00e1m spolupr\u00e1ce s\u00a0kov\u00e1\u0159ovsk\u00fdm starostou Hrochem tak\u00e9 zafungovala,\u201c dodal s\u00a0radost\u00ed Balogh.<\/p>\n\n\n\n<p>Autor: Josef Janda<\/p>\n\n\n\n<p><strong>FOTO M\u010cR Silnice:<\/strong>&nbsp;\u0158editel z\u00e1vodu Petr Balogh (vpravo) sd\u011bluje sv\u00e9 po\u017eadavky \u010dlen\u016fm organiza\u010dn\u00edho v\u00fdboru. Prvn\u00ed sch\u016fzka se uskute\u010dnila na konci \u00fanora v&nbsp;Kov\u00e1\u0159ov\u011b.<\/p>\n","protected":false},"excerpt":{"rendered":"<p>\u010cesk\u00fd svaz cyklistiky ve spolupr\u00e1ci s\u00a0Agenturou Cyklistika a \u010cEZ Cyklo Teamem T\u00e1bor po\u0159\u00e1d\u00e1 v\u00a0\u010dervnu spole\u010dn\u00e9 mistrovstv\u00ed \u010cR a SR v\u00a0silni\u010dn\u00ed cyklistice. Velk\u00fd sportovn\u00ed sv\u00e1tek p\u0159iv\u00edtaj\u00ed dv\u011b jiho\u010desk\u00e1 m\u00edsta \u2013 Mlad\u00e1 Vo\u017eice na T\u00e1borsku a Kov\u00e1\u0159ov na P\u00edsecku. Milovn\u00edci cyklistiky se sejdou nejprve ve \u010dtvrtek 23. \u010dervna v\u00a0Kov\u00e1\u0159ov\u011b u Milevska, kde se uskute\u010dn\u00ed \u010dasovka jednotlivc\u016f. Boje [&hellip;]<\/p>\n","protected":false},"author":1,"featured_media":11604,"comment_status":"closed","ping_status":"open","sticky":false,"template":"","format":"standard","meta":{"footnotes":""},"categories":[17,2,18],"tags":[11],"class_list":["post-11603","post","type-post","status-publish","format-standard","has-post-thumbnail","hentry","category-discipliny","category-novinky","category-silnice","tag-silnice"],"_links":{"self":[{"href":"https:\/\/www.czechcyclingfederation.com\/en\/wp-json\/wp\/v2\/posts\/11603","targetHints":{"allow":["GET"]}}],"collection":[{"href":"https:\/\/www.czechcyclingfederation.com\/en\/wp-json\/wp\/v2\/posts"}],"about":[{"href":"https:\/\/www.czechcyclingfederation.com\/en\/wp-json\/wp\/v2\/types\/post"}],"author":[{"embeddable":true,"href":"https:\/\/www.czechcyclingfederation.com\/en\/wp-json\/wp\/v2\/users\/1"}],"replies":[{"embeddable":true,"href":"https:\/\/www.czechcyclingfederation.com\/en\/wp-json\/wp\/v2\/comments?post=11603"}],"version-history":[{"count":1,"href":"https:\/\/www.czechcyclingfederation.com\/en\/wp-json\/wp\/v2\/posts\/11603\/revisions"}],"predecessor-version":[{"id":11605,"href":"https:\/\/www.czechcyclingfederation.com\/en\/wp-json\/wp\/v2\/posts\/11603\/revisions\/11605"}],"wp:featuredmedia":[{"embeddable":true,"href":"https:\/\/www.czechcyclingfederation.com\/en\/wp-json\/wp\/v2\/media\/11604"}],"wp:attachment":[{"href":"https:\/\/www.czechcyclingfederation.com\/en\/wp-json\/wp\/v2\/media?parent=11603"}],"wp:term":[{"taxonomy":"category","embeddable":true,"href":"https:\/\/www.czechcyclingfederation.com\/en\/wp-json\/wp\/v2\/categories?post=11603"},{"taxonomy":"post_tag","embeddable":true,"href":"https:\/\/www.czechcyclingfederation.com\/en\/wp-json\/wp\/v2\/tags?post=11603"}],"curies":[{"name":"wp","href":"https:\/\/api.w.org\/{rel}","templated":true}]}}